{"id":12546,"date":"2025-02-04T14:44:00","date_gmt":"2025-02-04T20:44:00","guid":{"rendered":"http:\/\/tvalaire.com\/?p=12546"},"modified":"2025-03-05T14:47:44","modified_gmt":"2025-03-05T20:47:44","slug":"la-piedad-sera-sede-del-foro-regional-de-agricultura","status":"publish","type":"post","link":"http:\/\/tvalaire.com\/?p=12546","title":{"rendered":"LA PIEDAD SER\u00c1 SEDE DEL FORO REGIONAL DE AGRICULTURA"},"content":{"rendered":"\n<p><\/p>\n\n\n\n<ul class=\"wp-block-list\">\n<li><strong>Martes 11 en la Unidad Deportiva \u201cJ. Jes\u00fas Romero Flores\u201d<\/strong><\/li>\n\n\n\n<li><strong>Cr\u00e9ditos y subsidios para el campo del municipio<\/strong><\/li>\n<\/ul>\n\n\n\n<p>A trav\u00e9s de la Direcci\u00f3n de Fomento Agropecuario, el Gobierno Municipal de La Piedad, en colaboraci\u00f3n con el Gobierno del Estado de Michoac\u00e1n y FIRA, invitan al segundo Foro Regional de Agricultura de la Regi\u00f3n Baj\u00edo II.<\/p>\n\n\n\n<p>Las actividades que est\u00e1n dirigidas al sector agropecuario de la municipalidad y la regi\u00f3n se llevar\u00e1n a cabo este pr\u00f3ximo martes 11 a partir de las 10:00 de la ma\u00f1ana en las instalaciones de la Unidad Deportiva \u201cJ. Jes\u00fas Romero Flores\u201d, de la colonia Vasco de Quiroga.&nbsp;<\/p>\n\n\n\n<p>A trav\u00e9s de FIRA, se desarrollar\u00e1n ponencias en el manejo adecuado de suelos, t\u00e9cnicas agrosano, capacitaci\u00f3n para financiamientos en implementos, refacciones, drones para uso agr\u00edcola, cr\u00e9ditos ganaderos, construcci\u00f3n de invernaderos, entre otros temas que tienen como objetivo favorecer el desarrollo del campo.<\/p>\n\n\n\n<p>En este mismo sentido y de acuerdo a lo dado a conocer por Heriberto L\u00f3pez Ram\u00edrez, titular de la dependencia municipal de Fomento Agropecuario en la ciudad, se\u00f1al\u00f3 que tambi\u00e9n se dar\u00e1n a conocer los programas de subsidio que el Gobierno Municipal tiene para los agricultores del campo local.<\/p>\n\n\n\n<p>Este sector de la localidad, podr\u00e1 verse favorecido con la adquisici\u00f3n de semillas, vientres y sementales de diferentes especies, aspersoras, mezclas f\u00edsicas, reabone, pollitas ponedoras, entre otros programas que buscan coadyuvar a la econom\u00eda de los agricultores y productores del campo.<\/p>\n\n\n\n<p>De igual manera, el funcionario destac\u00f3 que los interesados en alguno de los programas de subsidio municipal, despu\u00e9s del d\u00eda 11 de este mes pueden acudir a la oficina de Fomento Agropecuario, que se ubica en la calle Mariano Jim\u00e9nez # 115 para conocer m\u00e1s de los beneficios que se tienen para ellos.&nbsp;&nbsp;&nbsp;<\/p>\n","protected":false},"excerpt":{"rendered":"<p>A trav\u00e9s de la Direcci\u00f3n de Fomento Agropecuario, el Gobierno Municipal de La Piedad, en&#8230;<\/p>\n","protected":false},"author":1,"featured_media":12547,"comment_status":"open","ping_status":"open","sticky":false,"template":"","format":"standard","meta":{"jetpack_post_was_ever_published":false,"_jetpack_newsletter_access":"","_jetpack_dont_email_post_to_subs":false,"_jetpack_newsletter_tier_id":0,"_jetpack_memberships_contains_paywalled_content":false,"_jetpack_memberships_contains_paid_content":false,"footnotes":"","jetpack_publicize_message":"","jetpack_publicize_feature_enabled":true,"jetpack_social_post_already_shared":true,"jetpack_social_options":{"image_generator_settings":{"template":"highway","enabled":false},"version":2}},"categories":[1],"tags":[15,36],"class_list":["post-12546","post","type-post","status-publish","format-standard","has-post-thumbnail","hentry","category-la-piedad","tag-la-piedad","tag-principales"],"jetpack_publicize_connections":[],"jetpack_sharing_enabled":true,"featured_image_urls":{"full":["http:\/\/tvalaire.com\/wp-content\/uploads\/2025\/03\/WhatsApp-Image-2025-02-04-at-3.06.47-PM.jpeg",2559,2560,false],"thumbnail":["http:\/\/tvalaire.com\/wp-content\/uploads\/2025\/03\/WhatsApp-Image-2025-02-04-at-3.06.47-PM-150x150.jpeg",150,150,true],"medium":["http:\/\/tvalaire.com\/wp-content\/uploads\/2025\/03\/WhatsApp-Image-2025-02-04-at-3.06.47-PM-300x300.jpeg",300,300,true],"medium_large":["http:\/\/tvalaire.com\/wp-content\/uploads\/2025\/03\/WhatsApp-Image-2025-02-04-at-3.06.47-PM-768x768.jpeg",640,640,true],"large":["http:\/\/tvalaire.com\/wp-content\/uploads\/2025\/03\/WhatsApp-Image-2025-02-04-at-3.06.47-PM-1024x1024.jpeg",640,640,true],"post-slider-thumb-size":["http:\/\/tvalaire.com\/wp-content\/uploads\/2025\/03\/WhatsApp-Image-2025-02-04-at-3.06.47-PM-330x190.jpeg",330,190,true],"post-category-slider-size":["http:\/\/tvalaire.com\/wp-content\/uploads\/2025\/03\/WhatsApp-Image-2025-02-04-at-3.06.47-PM-330x350.jpeg",330,350,true],"1536x1536":["http:\/\/tvalaire.com\/wp-content\/uploads\/2025\/03\/WhatsApp-Image-2025-02-04-at-3.06.47-PM-1536x1536.jpeg",1536,1536,true],"2048x2048":["http:\/\/tvalaire.com\/wp-content\/uploads\/2025\/03\/WhatsApp-Image-2025-02-04-at-3.06.47-PM-2048x2048.jpeg",2048,2048,true],"newsium-slider-full":["http:\/\/tvalaire.com\/wp-content\/uploads\/2025\/03\/WhatsApp-Image-2025-02-04-at-3.06.47-PM-1280x845.jpeg",1280,845,true],"newsium-featured":["http:\/\/tvalaire.com\/wp-content\/uploads\/2025\/03\/WhatsApp-Image-2025-02-04-at-3.06.47-PM-1024x1024.jpeg",1024,1024,true],"newsium-medium":["http:\/\/tvalaire.com\/wp-content\/uploads\/2025\/03\/WhatsApp-Image-2025-02-04-at-3.06.47-PM-720x475.jpeg",720,475,true]},"author_info":{"info":["tvalairenoti"]},"category_info":"<a href=\"http:\/\/tvalaire.com\/?cat=1\" rel=\"category\">La Piedad<\/a>","tag_info":"La Piedad","comment_count":"0","jetpack_featured_media_url":"http:\/\/tvalaire.com\/wp-content\/uploads\/2025\/03\/WhatsApp-Image-2025-02-04-at-3.06.47-PM.jpeg","_links":{"self":[{"href":"http:\/\/tvalaire.com\/index.php?rest_route=\/wp\/v2\/posts\/12546"}],"collection":[{"href":"http:\/\/tvalaire.com\/index.php?rest_route=\/wp\/v2\/posts"}],"about":[{"href":"http:\/\/tvalaire.com\/index.php?rest_route=\/wp\/v2\/types\/post"}],"author":[{"embeddable":true,"href":"http:\/\/tvalaire.com\/index.php?rest_route=\/wp\/v2\/users\/1"}],"replies":[{"embeddable":true,"href":"http:\/\/tvalaire.com\/index.php?rest_route=%2Fwp%2Fv2%2Fcomments&post=12546"}],"version-history":[{"count":1,"href":"http:\/\/tvalaire.com\/index.php?rest_route=\/wp\/v2\/posts\/12546\/revisions"}],"predecessor-version":[{"id":12548,"href":"http:\/\/tvalaire.com\/index.php?rest_route=\/wp\/v2\/posts\/12546\/revisions\/12548"}],"wp:featuredmedia":[{"embeddable":true,"href":"http:\/\/tvalaire.com\/index.php?rest_route=\/wp\/v2\/media\/12547"}],"wp:attachment":[{"href":"http:\/\/tvalaire.com\/index.php?rest_route=%2Fwp%2Fv2%2Fmedia&parent=12546"}],"wp:term":[{"taxonomy":"category","embeddable":true,"href":"http:\/\/tvalaire.com\/index.php?rest_route=%2Fwp%2Fv2%2Fcategories&post=12546"},{"taxonomy":"post_tag","embeddable":true,"href":"http:\/\/tvalaire.com\/index.php?rest_route=%2Fwp%2Fv2%2Ftags&post=12546"}],"curies":[{"name":"wp","href":"https:\/\/api.w.org\/{rel}","templated":true}]}}