{"id":12529,"date":"2025-01-14T15:27:29","date_gmt":"2025-01-14T21:27:29","guid":{"rendered":"http:\/\/tvalaire.com\/?p=12529"},"modified":"2025-02-04T15:30:03","modified_gmt":"2025-02-04T21:30:03","slug":"promueve-gobierno-de-la-piedad-subsidios-para-mejorar-viviendas","status":"publish","type":"post","link":"http:\/\/tvalaire.com\/?p=12529","title":{"rendered":"PROMUEVE GOBIERNO DE LA PIEDAD SUBSIDIOS PARA MEJORAR VIVIENDAS"},"content":{"rendered":"\n<p><\/p>\n\n\n\n<ul class=\"wp-block-list\">\n<li><strong>La poblaci\u00f3n puede obtener termosolares, tinacos y cisternas<\/strong><\/li>\n\n\n\n<li><strong>Informaci\u00f3n en la oficina ubicada en Mariano Jim\u00e9nez #115<\/strong><\/li>\n<\/ul>\n\n\n\n<p>A trav\u00e9s de la Direcci\u00f3n de Desarrollo Social, el Gobierno Municipal de La Piedad, en colaboraci\u00f3n con la fundaci\u00f3n Mariana Trinitaria, promueve el programa de subsidio \u201cCerca de Ti\u201d, con el cual la poblaci\u00f3n puede adquirir tinacos y cisternas para sus hogares.&nbsp;<\/p>\n\n\n\n<p>El responsable de la oficina antes mencionada, coment\u00f3 que se trata de art\u00edculos con varias capacidades en litros, los cuales pueden ser adquiridos en un costo preferencial a fin de contribuir con la econom\u00eda de la poblaci\u00f3n.<\/p>\n\n\n\n<p>Asimismo, el funcionario destac\u00f3 que la Direcci\u00f3n de Desarrollo Social, tambi\u00e9n est\u00e1 promoviendo el programa \u201cPara tu hogar\u201d, y que de momento los piedadenses pueden obtener termosolares con capacidad de 8 a 15 tubos.<\/p>\n\n\n\n<p>Aunado a estas acciones, el funcionario tambi\u00e9n coment\u00f3 que en la Direcci\u00f3n a su cargo se tienen disponibles colchones, cemento, juegos de ba\u00f1o, impermeabilizante y pintura.&nbsp;<\/p>\n\n\n\n<p>Con estas acciones el Gobierno Municipal, reitera su compromiso de contribuir con la econom\u00eda de la ciudadan\u00eda, as\u00ed como de colaborar para que la gente tenga mejores viviendas donde habitar.<\/p>\n\n\n\n<p>De igual manera, los interesados en adquirir cualquiera de los art\u00edculos antes mencionados, pueden acudir a la oficina que se ubica en la calle Mariano Jim\u00e9nez #115 a partir de las 09:00 de la ma\u00f1ana y hasta las 16:00 horas.<\/p>\n\n\n\n<figure class=\"wp-block-image size-large\"><img loading=\"lazy\" decoding=\"async\" width=\"1024\" height=\"1024\" src=\"http:\/\/tvalaire.com\/wp-content\/uploads\/2025\/02\/WhatsApp-Image-2025-01-14-at-12.16.09-PM-1024x1024.jpeg\" alt=\"\" class=\"wp-image-12531\" srcset=\"http:\/\/tvalaire.com\/wp-content\/uploads\/2025\/02\/WhatsApp-Image-2025-01-14-at-12.16.09-PM-1024x1024.jpeg 1024w, http:\/\/tvalaire.com\/wp-content\/uploads\/2025\/02\/WhatsApp-Image-2025-01-14-at-12.16.09-PM-300x300.jpeg 300w, http:\/\/tvalaire.com\/wp-content\/uploads\/2025\/02\/WhatsApp-Image-2025-01-14-at-12.16.09-PM-150x150.jpeg 150w, http:\/\/tvalaire.com\/wp-content\/uploads\/2025\/02\/WhatsApp-Image-2025-01-14-at-12.16.09-PM-768x768.jpeg 768w, http:\/\/tvalaire.com\/wp-content\/uploads\/2025\/02\/WhatsApp-Image-2025-01-14-at-12.16.09-PM-1536x1536.jpeg 1536w, http:\/\/tvalaire.com\/wp-content\/uploads\/2025\/02\/WhatsApp-Image-2025-01-14-at-12.16.09-PM.jpeg 1600w\" sizes=\"(max-width: 1024px) 100vw, 1024px\" \/><\/figure>\n\n\n\n<figure class=\"wp-block-image size-large\"><img loading=\"lazy\" decoding=\"async\" width=\"1024\" height=\"1024\" src=\"http:\/\/tvalaire.com\/wp-content\/uploads\/2025\/02\/WhatsApp-Image-2025-01-14-at-2.46.06-PM-2-1024x1024.jpeg\" alt=\"\" class=\"wp-image-12532\" srcset=\"http:\/\/tvalaire.com\/wp-content\/uploads\/2025\/02\/WhatsApp-Image-2025-01-14-at-2.46.06-PM-2-1024x1024.jpeg 1024w, http:\/\/tvalaire.com\/wp-content\/uploads\/2025\/02\/WhatsApp-Image-2025-01-14-at-2.46.06-PM-2-300x300.jpeg 300w, http:\/\/tvalaire.com\/wp-content\/uploads\/2025\/02\/WhatsApp-Image-2025-01-14-at-2.46.06-PM-2-150x150.jpeg 150w, http:\/\/tvalaire.com\/wp-content\/uploads\/2025\/02\/WhatsApp-Image-2025-01-14-at-2.46.06-PM-2-768x768.jpeg 768w, http:\/\/tvalaire.com\/wp-content\/uploads\/2025\/02\/WhatsApp-Image-2025-01-14-at-2.46.06-PM-2-1536x1536.jpeg 1536w, http:\/\/tvalaire.com\/wp-content\/uploads\/2025\/02\/WhatsApp-Image-2025-01-14-at-2.46.06-PM-2.jpeg 1600w\" sizes=\"(max-width: 1024px) 100vw, 1024px\" \/><\/figure>\n\n\n\n<figure class=\"wp-block-image size-large\"><img loading=\"lazy\" decoding=\"async\" width=\"1024\" height=\"1024\" src=\"http:\/\/tvalaire.com\/wp-content\/uploads\/2025\/02\/WhatsApp-Image-2025-01-14-at-2.46.06-PM-1-1024x1024.jpeg\" alt=\"\" class=\"wp-image-12533\" srcset=\"http:\/\/tvalaire.com\/wp-content\/uploads\/2025\/02\/WhatsApp-Image-2025-01-14-at-2.46.06-PM-1-1024x1024.jpeg 1024w, http:\/\/tvalaire.com\/wp-content\/uploads\/2025\/02\/WhatsApp-Image-2025-01-14-at-2.46.06-PM-1-300x300.jpeg 300w, http:\/\/tvalaire.com\/wp-content\/uploads\/2025\/02\/WhatsApp-Image-2025-01-14-at-2.46.06-PM-1-150x150.jpeg 150w, http:\/\/tvalaire.com\/wp-content\/uploads\/2025\/02\/WhatsApp-Image-2025-01-14-at-2.46.06-PM-1-768x768.jpeg 768w, http:\/\/tvalaire.com\/wp-content\/uploads\/2025\/02\/WhatsApp-Image-2025-01-14-at-2.46.06-PM-1-1536x1536.jpeg 1536w, http:\/\/tvalaire.com\/wp-content\/uploads\/2025\/02\/WhatsApp-Image-2025-01-14-at-2.46.06-PM-1.jpeg 1600w\" sizes=\"(max-width: 1024px) 100vw, 1024px\" \/><\/figure>\n\n\n\n<p><\/p>\n","protected":false},"excerpt":{"rendered":"<p>A trav\u00e9s de la Direcci\u00f3n de Desarrollo Social, el Gobierno Municipal de La Piedad, en&#8230;<\/p>\n","protected":false},"author":1,"featured_media":12530,"comment_status":"open","ping_status":"open","sticky":false,"template":"","format":"standard","meta":{"jetpack_post_was_ever_published":false,"_jetpack_newsletter_access":"","_jetpack_dont_email_post_to_subs":false,"_jetpack_newsletter_tier_id":0,"_jetpack_memberships_contains_paywalled_content":false,"_jetpack_memberships_contains_paid_content":false,"footnotes":"","jetpack_publicize_message":"","jetpack_publicize_feature_enabled":true,"jetpack_social_post_already_shared":true,"jetpack_social_options":{"image_generator_settings":{"template":"highway","enabled":false},"version":2}},"categories":[1],"tags":[15,36],"class_list":["post-12529","post","type-post","status-publish","format-standard","has-post-thumbnail","hentry","category-la-piedad","tag-la-piedad","tag-principales"],"jetpack_publicize_connections":[],"jetpack_sharing_enabled":true,"featured_image_urls":{"full":["http:\/\/tvalaire.com\/wp-content\/uploads\/2025\/02\/WhatsApp-Image-2025-01-14-at-12.16.11-PM.jpeg",1599,1600,false],"thumbnail":["http:\/\/tvalaire.com\/wp-content\/uploads\/2025\/02\/WhatsApp-Image-2025-01-14-at-12.16.11-PM-150x150.jpeg",150,150,true],"medium":["http:\/\/tvalaire.com\/wp-content\/uploads\/2025\/02\/WhatsApp-Image-2025-01-14-at-12.16.11-PM-300x300.jpeg",300,300,true],"medium_large":["http:\/\/tvalaire.com\/wp-content\/uploads\/2025\/02\/WhatsApp-Image-2025-01-14-at-12.16.11-PM-768x768.jpeg",640,640,true],"large":["http:\/\/tvalaire.com\/wp-content\/uploads\/2025\/02\/WhatsApp-Image-2025-01-14-at-12.16.11-PM-1024x1024.jpeg",640,640,true],"post-slider-thumb-size":["http:\/\/tvalaire.com\/wp-content\/uploads\/2025\/02\/WhatsApp-Image-2025-01-14-at-12.16.11-PM-330x190.jpeg",330,190,true],"post-category-slider-size":["http:\/\/tvalaire.com\/wp-content\/uploads\/2025\/02\/WhatsApp-Image-2025-01-14-at-12.16.11-PM-330x350.jpeg",330,350,true],"1536x1536":["http:\/\/tvalaire.com\/wp-content\/uploads\/2025\/02\/WhatsApp-Image-2025-01-14-at-12.16.11-PM-1536x1536.jpeg",1536,1536,true],"2048x2048":["http:\/\/tvalaire.com\/wp-content\/uploads\/2025\/02\/WhatsApp-Image-2025-01-14-at-12.16.11-PM.jpeg",1599,1600,false],"newsium-slider-full":["http:\/\/tvalaire.com\/wp-content\/uploads\/2025\/02\/WhatsApp-Image-2025-01-14-at-12.16.11-PM-1280x845.jpeg",1280,845,true],"newsium-featured":["http:\/\/tvalaire.com\/wp-content\/uploads\/2025\/02\/WhatsApp-Image-2025-01-14-at-12.16.11-PM-1024x1025.jpeg",1024,1025,true],"newsium-medium":["http:\/\/tvalaire.com\/wp-content\/uploads\/2025\/02\/WhatsApp-Image-2025-01-14-at-12.16.11-PM-720x475.jpeg",720,475,true]},"author_info":{"info":["tvalairenoti"]},"category_info":"<a href=\"http:\/\/tvalaire.com\/?cat=1\" rel=\"category\">La Piedad<\/a>","tag_info":"La Piedad","comment_count":"0","jetpack_featured_media_url":"http:\/\/tvalaire.com\/wp-content\/uploads\/2025\/02\/WhatsApp-Image-2025-01-14-at-12.16.11-PM.jpeg","_links":{"self":[{"href":"http:\/\/tvalaire.com\/index.php?rest_route=\/wp\/v2\/posts\/12529"}],"collection":[{"href":"http:\/\/tvalaire.com\/index.php?rest_route=\/wp\/v2\/posts"}],"about":[{"href":"http:\/\/tvalaire.com\/index.php?rest_route=\/wp\/v2\/types\/post"}],"author":[{"embeddable":true,"href":"http:\/\/tvalaire.com\/index.php?rest_route=\/wp\/v2\/users\/1"}],"replies":[{"embeddable":true,"href":"http:\/\/tvalaire.com\/index.php?rest_route=%2Fwp%2Fv2%2Fcomments&post=12529"}],"version-history":[{"count":1,"href":"http:\/\/tvalaire.com\/index.php?rest_route=\/wp\/v2\/posts\/12529\/revisions"}],"predecessor-version":[{"id":12534,"href":"http:\/\/tvalaire.com\/index.php?rest_route=\/wp\/v2\/posts\/12529\/revisions\/12534"}],"wp:featuredmedia":[{"embeddable":true,"href":"http:\/\/tvalaire.com\/index.php?rest_route=\/wp\/v2\/media\/12530"}],"wp:attachment":[{"href":"http:\/\/tvalaire.com\/index.php?rest_route=%2Fwp%2Fv2%2Fmedia&parent=12529"}],"wp:term":[{"taxonomy":"category","embeddable":true,"href":"http:\/\/tvalaire.com\/index.php?rest_route=%2Fwp%2Fv2%2Fcategories&post=12529"},{"taxonomy":"post_tag","embeddable":true,"href":"http:\/\/tvalaire.com\/index.php?rest_route=%2Fwp%2Fv2%2Ftags&post=12529"}],"curies":[{"name":"wp","href":"https:\/\/api.w.org\/{rel}","templated":true}]}}