{"id":12526,"date":"2025-01-17T15:25:08","date_gmt":"2025-01-17T21:25:08","guid":{"rendered":"http:\/\/tvalaire.com\/?p=12526"},"modified":"2025-02-04T15:26:29","modified_gmt":"2025-02-04T21:26:29","slug":"habra-festival-de-las-carnitas-en-el-municipio-de-la-piedad","status":"publish","type":"post","link":"http:\/\/tvalaire.com\/?p=12526","title":{"rendered":"HABR\u00c1 FESTIVAL DE LAS CARNITAS EN EL MUNICIPIO DE LA PIEDAD"},"content":{"rendered":"\n<p><\/p>\n\n\n\n<ul class=\"wp-block-list\">\n<li><strong>Enero 26 en el Centro Hist\u00f3rico de la ciudad, a partir de las 10:00 a.m.<\/strong><\/li>\n\n\n\n<li><strong>Contribuir con el crecimiento del comercio local familiar el objetivo<\/strong><\/li>\n<\/ul>\n\n\n\n<p>En el marco de la celebraci\u00f3n del avecindamiento del municipio de La Piedad, autoridades del Gobierno, a trav\u00e9s de la direcci\u00f3n de Promoci\u00f3n Econ\u00f3mica, invitan a la Feria de las Carnitas.<\/p>\n\n\n\n<p>En su tercera edici\u00f3n, la actividad se tiene programa para el pr\u00f3ximo domingo 26 en el Centro Hist\u00f3rico de la ciudad a partir de las 10:00 de la ma\u00f1ana.<\/p>\n\n\n\n<p>A decir de los organizadores, son m\u00e1s de 30 espacios asignados en los que se ofrecer\u00e1n postres, botanas, bebidas sin alcohol, m\u00fasica en vivo, \u00e1rea de comensales, as\u00ed como los cocineros del t\u00edpico platillo que estar\u00e1n en la Plaza Principal de la ciudad para ofrecer el alimento reconocido como uno de los m\u00e1s emblem\u00e1ticos del Estado de Michoac\u00e1n.<\/p>\n\n\n\n<p>El titular de la dependencia encargada de la organizaci\u00f3n de dicho evento, Noel Rinc\u00f3n S\u00e1nchez, se\u00f1al\u00f3 que con este tipo de actividades el objetivo tambi\u00e9n es promover e impulsar la econom\u00eda de la zona centro de la ciudad y de esta manera contribuir con el crecimiento del comercio local familiar.&nbsp;&nbsp;<\/p>\n\n\n\n<p>En este sentido el Gobierno Municipal, hace una invitaci\u00f3n a la poblaci\u00f3n en general para que acudan a esta actividad en la que uno de los principales objetivos es enaltecer los valores y el orgullo de ser piedadenses.<\/p>\n","protected":false},"excerpt":{"rendered":"<p>En el marco de la celebraci\u00f3n del avecindamiento del municipio de La Piedad, autoridades del&#8230;<\/p>\n","protected":false},"author":1,"featured_media":12527,"comment_status":"open","ping_status":"open","sticky":false,"template":"","format":"standard","meta":{"jetpack_post_was_ever_published":false,"_jetpack_newsletter_access":"","_jetpack_dont_email_post_to_subs":false,"_jetpack_newsletter_tier_id":0,"_jetpack_memberships_contains_paywalled_content":false,"_jetpack_memberships_contains_paid_content":false,"footnotes":"","jetpack_publicize_message":"","jetpack_publicize_feature_enabled":true,"jetpack_social_post_already_shared":true,"jetpack_social_options":{"image_generator_settings":{"template":"highway","enabled":false},"version":2}},"categories":[1],"tags":[15,36],"class_list":["post-12526","post","type-post","status-publish","format-standard","has-post-thumbnail","hentry","category-la-piedad","tag-la-piedad","tag-principales"],"jetpack_publicize_connections":[],"jetpack_sharing_enabled":true,"featured_image_urls":{"full":["http:\/\/tvalaire.com\/wp-content\/uploads\/2025\/02\/WhatsApp-Image-2025-01-13-at-3.11.44-PM.jpeg",1280,1280,false],"thumbnail":["http:\/\/tvalaire.com\/wp-content\/uploads\/2025\/02\/WhatsApp-Image-2025-01-13-at-3.11.44-PM-150x150.jpeg",150,150,true],"medium":["http:\/\/tvalaire.com\/wp-content\/uploads\/2025\/02\/WhatsApp-Image-2025-01-13-at-3.11.44-PM-300x300.jpeg",300,300,true],"medium_large":["http:\/\/tvalaire.com\/wp-content\/uploads\/2025\/02\/WhatsApp-Image-2025-01-13-at-3.11.44-PM-768x768.jpeg",640,640,true],"large":["http:\/\/tvalaire.com\/wp-content\/uploads\/2025\/02\/WhatsApp-Image-2025-01-13-at-3.11.44-PM-1024x1024.jpeg",640,640,true],"post-slider-thumb-size":["http:\/\/tvalaire.com\/wp-content\/uploads\/2025\/02\/WhatsApp-Image-2025-01-13-at-3.11.44-PM-330x190.jpeg",330,190,true],"post-category-slider-size":["http:\/\/tvalaire.com\/wp-content\/uploads\/2025\/02\/WhatsApp-Image-2025-01-13-at-3.11.44-PM-330x350.jpeg",330,350,true],"1536x1536":["http:\/\/tvalaire.com\/wp-content\/uploads\/2025\/02\/WhatsApp-Image-2025-01-13-at-3.11.44-PM.jpeg",1280,1280,false],"2048x2048":["http:\/\/tvalaire.com\/wp-content\/uploads\/2025\/02\/WhatsApp-Image-2025-01-13-at-3.11.44-PM.jpeg",1280,1280,false],"newsium-slider-full":["http:\/\/tvalaire.com\/wp-content\/uploads\/2025\/02\/WhatsApp-Image-2025-01-13-at-3.11.44-PM-1280x845.jpeg",1280,845,true],"newsium-featured":["http:\/\/tvalaire.com\/wp-content\/uploads\/2025\/02\/WhatsApp-Image-2025-01-13-at-3.11.44-PM-1024x1024.jpeg",1024,1024,true],"newsium-medium":["http:\/\/tvalaire.com\/wp-content\/uploads\/2025\/02\/WhatsApp-Image-2025-01-13-at-3.11.44-PM-720x475.jpeg",720,475,true]},"author_info":{"info":["tvalairenoti"]},"category_info":"<a href=\"http:\/\/tvalaire.com\/?cat=1\" rel=\"category\">La Piedad<\/a>","tag_info":"La Piedad","comment_count":"0","jetpack_featured_media_url":"http:\/\/tvalaire.com\/wp-content\/uploads\/2025\/02\/WhatsApp-Image-2025-01-13-at-3.11.44-PM.jpeg","_links":{"self":[{"href":"http:\/\/tvalaire.com\/index.php?rest_route=\/wp\/v2\/posts\/12526"}],"collection":[{"href":"http:\/\/tvalaire.com\/index.php?rest_route=\/wp\/v2\/posts"}],"about":[{"href":"http:\/\/tvalaire.com\/index.php?rest_route=\/wp\/v2\/types\/post"}],"author":[{"embeddable":true,"href":"http:\/\/tvalaire.com\/index.php?rest_route=\/wp\/v2\/users\/1"}],"replies":[{"embeddable":true,"href":"http:\/\/tvalaire.com\/index.php?rest_route=%2Fwp%2Fv2%2Fcomments&post=12526"}],"version-history":[{"count":1,"href":"http:\/\/tvalaire.com\/index.php?rest_route=\/wp\/v2\/posts\/12526\/revisions"}],"predecessor-version":[{"id":12528,"href":"http:\/\/tvalaire.com\/index.php?rest_route=\/wp\/v2\/posts\/12526\/revisions\/12528"}],"wp:featuredmedia":[{"embeddable":true,"href":"http:\/\/tvalaire.com\/index.php?rest_route=\/wp\/v2\/media\/12527"}],"wp:attachment":[{"href":"http:\/\/tvalaire.com\/index.php?rest_route=%2Fwp%2Fv2%2Fmedia&parent=12526"}],"wp:term":[{"taxonomy":"category","embeddable":true,"href":"http:\/\/tvalaire.com\/index.php?rest_route=%2Fwp%2Fv2%2Fcategories&post=12526"},{"taxonomy":"post_tag","embeddable":true,"href":"http:\/\/tvalaire.com\/index.php?rest_route=%2Fwp%2Fv2%2Ftags&post=12526"}],"curies":[{"name":"wp","href":"https:\/\/api.w.org\/{rel}","templated":true}]}}