{"id":12523,"date":"2025-01-20T15:21:40","date_gmt":"2025-01-20T21:21:40","guid":{"rendered":"http:\/\/tvalaire.com\/?p=12523"},"modified":"2025-02-04T15:23:36","modified_gmt":"2025-02-04T21:23:36","slug":"impartira-dif-charla-sobre-brotes-de-crecimiento","status":"publish","type":"post","link":"http:\/\/tvalaire.com\/?p=12523","title":{"rendered":"IMPARTIR\u00c1 DIF CHARLA SOBRE BROTES DE CRECIMIENTO"},"content":{"rendered":"\n<p><\/p>\n\n\n\n<ul class=\"wp-block-list\">\n<li><strong>21 de enero a partir de las 11:00 de la ma\u00f1ana en el Sistema DIF<\/strong><\/li>\n\n\n\n<li><strong>La actividad es sin costo alguno para las asistentes<\/strong><\/li>\n<\/ul>\n\n\n\n<p>El Gobierno Municipal de La Piedad, por medio del Sistema para el Desarrollo Integral de la Familia (DIF) d\u00e1ndole seguimiento a las asesor\u00edas de lactancia, ofrecer\u00e1 la capacitaci\u00f3n; Brotes de crecimiento, dirigido a madres de familia con infantes en lactancia.&nbsp;<\/p>\n\n\n\n<p>La titular de la dependencia de asistencia social en la localidad, Brenda Orozco Torres, extendi\u00f3 una invitaci\u00f3n para que las interesadas acudan a la pl\u00e1tica, este martes 21 en punto de las 11:00 de la ma\u00f1ana a las instalaciones del Sistema DIF.<\/p>\n\n\n\n<p>Destac\u00f3 que la charla ser\u00e1 impartida por Tania Mart\u00ednez Gaona, asesora certificada que cuenta con amplia experiencia en el tema de lactancia, porteo y primera infancia, as\u00ed como diversidad de capacitaciones.<\/p>\n\n\n\n<p>La funcionaria destac\u00f3 que por instrucci\u00f3n del alcalde Samuel Hidalgo Gallardo, la instrucci\u00f3n se impartir\u00e1 sin costo alguno para las asistentes y de esta manera colaborar al mismo tiempo con su desarrollo personal.<\/p>\n\n\n\n<p>\u201cUna de nuestras prioridades es coadyuvar a criar ni\u00f1os y ni\u00f1as sanas, pero tambi\u00e9n preparar a las mam\u00e1s para que est\u00e9n informadas y puedan afrontar la crianza de sus hijos en un entorno sano\u201d, coment\u00f3 la directora Brenda Orozco.<\/p>\n\n\n\n<p>De igual manera, Orozco Torres, destac\u00f3 que los brotes de crecimiento pueden ocurrir en cualquier momento del desarrollo del beb\u00e9, pero que \u00e9stos son m\u00e1s comunes en los primeros meses de vida.<\/p>\n\n\n\n<p>Agreg\u00f3 que las mam\u00e1s pueden identificar algunos s\u00edntomas si los infantes presentan aumento de apetito, irritabilidad o llanto inconsolable, dificultad para dormir, mayor necesidad de atenci\u00f3n y contacto f\u00edsico, cambios en los h\u00e1bitos de succi\u00f3n, mayor actividad motora, entre otros.<\/p>\n","protected":false},"excerpt":{"rendered":"<p>El Gobierno Municipal de La Piedad, por medio del Sistema para el Desarrollo Integral de&#8230;<\/p>\n","protected":false},"author":1,"featured_media":12524,"comment_status":"open","ping_status":"open","sticky":false,"template":"","format":"standard","meta":{"jetpack_post_was_ever_published":false,"_jetpack_newsletter_access":"","_jetpack_dont_email_post_to_subs":false,"_jetpack_newsletter_tier_id":0,"_jetpack_memberships_contains_paywalled_content":false,"_jetpack_memberships_contains_paid_content":false,"footnotes":"","jetpack_publicize_message":"","jetpack_publicize_feature_enabled":true,"jetpack_social_post_already_shared":true,"jetpack_social_options":{"image_generator_settings":{"template":"highway","enabled":false},"version":2}},"categories":[1],"tags":[15,36],"class_list":["post-12523","post","type-post","status-publish","format-standard","has-post-thumbnail","hentry","category-la-piedad","tag-la-piedad","tag-principales"],"jetpack_publicize_connections":[],"jetpack_sharing_enabled":true,"featured_image_urls":{"full":["http:\/\/tvalaire.com\/wp-content\/uploads\/2025\/02\/WhatsApp-Image-2025-01-20-at-11.58.13-AM.jpeg",1600,1600,false],"thumbnail":["http:\/\/tvalaire.com\/wp-content\/uploads\/2025\/02\/WhatsApp-Image-2025-01-20-at-11.58.13-AM-150x150.jpeg",150,150,true],"medium":["http:\/\/tvalaire.com\/wp-content\/uploads\/2025\/02\/WhatsApp-Image-2025-01-20-at-11.58.13-AM-300x300.jpeg",300,300,true],"medium_large":["http:\/\/tvalaire.com\/wp-content\/uploads\/2025\/02\/WhatsApp-Image-2025-01-20-at-11.58.13-AM-768x768.jpeg",640,640,true],"large":["http:\/\/tvalaire.com\/wp-content\/uploads\/2025\/02\/WhatsApp-Image-2025-01-20-at-11.58.13-AM-1024x1024.jpeg",640,640,true],"post-slider-thumb-size":["http:\/\/tvalaire.com\/wp-content\/uploads\/2025\/02\/WhatsApp-Image-2025-01-20-at-11.58.13-AM-330x190.jpeg",330,190,true],"post-category-slider-size":["http:\/\/tvalaire.com\/wp-content\/uploads\/2025\/02\/WhatsApp-Image-2025-01-20-at-11.58.13-AM-330x350.jpeg",330,350,true],"1536x1536":["http:\/\/tvalaire.com\/wp-content\/uploads\/2025\/02\/WhatsApp-Image-2025-01-20-at-11.58.13-AM-1536x1536.jpeg",1536,1536,true],"2048x2048":["http:\/\/tvalaire.com\/wp-content\/uploads\/2025\/02\/WhatsApp-Image-2025-01-20-at-11.58.13-AM.jpeg",1600,1600,false],"newsium-slider-full":["http:\/\/tvalaire.com\/wp-content\/uploads\/2025\/02\/WhatsApp-Image-2025-01-20-at-11.58.13-AM-1280x845.jpeg",1280,845,true],"newsium-featured":["http:\/\/tvalaire.com\/wp-content\/uploads\/2025\/02\/WhatsApp-Image-2025-01-20-at-11.58.13-AM-1024x1024.jpeg",1024,1024,true],"newsium-medium":["http:\/\/tvalaire.com\/wp-content\/uploads\/2025\/02\/WhatsApp-Image-2025-01-20-at-11.58.13-AM-720x475.jpeg",720,475,true]},"author_info":{"info":["tvalairenoti"]},"category_info":"<a href=\"http:\/\/tvalaire.com\/?cat=1\" rel=\"category\">La Piedad<\/a>","tag_info":"La Piedad","comment_count":"0","jetpack_featured_media_url":"http:\/\/tvalaire.com\/wp-content\/uploads\/2025\/02\/WhatsApp-Image-2025-01-20-at-11.58.13-AM.jpeg","_links":{"self":[{"href":"http:\/\/tvalaire.com\/index.php?rest_route=\/wp\/v2\/posts\/12523"}],"collection":[{"href":"http:\/\/tvalaire.com\/index.php?rest_route=\/wp\/v2\/posts"}],"about":[{"href":"http:\/\/tvalaire.com\/index.php?rest_route=\/wp\/v2\/types\/post"}],"author":[{"embeddable":true,"href":"http:\/\/tvalaire.com\/index.php?rest_route=\/wp\/v2\/users\/1"}],"replies":[{"embeddable":true,"href":"http:\/\/tvalaire.com\/index.php?rest_route=%2Fwp%2Fv2%2Fcomments&post=12523"}],"version-history":[{"count":1,"href":"http:\/\/tvalaire.com\/index.php?rest_route=\/wp\/v2\/posts\/12523\/revisions"}],"predecessor-version":[{"id":12525,"href":"http:\/\/tvalaire.com\/index.php?rest_route=\/wp\/v2\/posts\/12523\/revisions\/12525"}],"wp:featuredmedia":[{"embeddable":true,"href":"http:\/\/tvalaire.com\/index.php?rest_route=\/wp\/v2\/media\/12524"}],"wp:attachment":[{"href":"http:\/\/tvalaire.com\/index.php?rest_route=%2Fwp%2Fv2%2Fmedia&parent=12523"}],"wp:term":[{"taxonomy":"category","embeddable":true,"href":"http:\/\/tvalaire.com\/index.php?rest_route=%2Fwp%2Fv2%2Fcategories&post=12523"},{"taxonomy":"post_tag","embeddable":true,"href":"http:\/\/tvalaire.com\/index.php?rest_route=%2Fwp%2Fv2%2Ftags&post=12523"}],"curies":[{"name":"wp","href":"https:\/\/api.w.org\/{rel}","templated":true}]}}