{"id":1248,"date":"2017-04-06T09:52:26","date_gmt":"2017-04-06T14:52:26","guid":{"rendered":"http:\/\/tvalaire.com\/?p=1248"},"modified":"2017-04-06T09:52:26","modified_gmt":"2017-04-06T14:52:26","slug":"dif-municipal-y-cultura-del-agua-reconocen-la-creatividad-de-los-ninos","status":"publish","type":"post","link":"http:\/\/tvalaire.com\/?p=1248","title":{"rendered":"DIF MUNICIPAL Y CULTURA DEL AGUA RECONOCEN LA CREATIVIDAD DE LOS NI\u00d1OS"},"content":{"rendered":"<p>&nbsp;<\/p>\n<p>Presidenta Honorifica del DIF Lic. Yolanda Ram\u00edrez Maga\u00f1a reconoce a los ni\u00f1os participantes en el concurso de dibujo \u201cDerechos de los Ni\u00f1os\u201d; igualmente el director de Cultura del Agua Juan L\u00f3pez Ruiz reconoci\u00f3 a los ni\u00f1os en el concurso de dibujo \u201cAgua y Medio Ambiente\u201d.<\/p>\n<p>\u201cCada uno de los ni\u00f1os que participaron realizaron un excelente trabajo, en el caso del concurso de los Derechos de los Ni\u00f1os, realizaron su dibujo presencial, en el que el jurado calificador fue el cronista de la ciudad Antonio Zavala Bucio, quien calific\u00f3, la est\u00e9tica, colorido, dibujo y los mensajes proporcionados por los alumnos, acerca de los Derechos de los Ni\u00f1os\u201d extern\u00f3 Yolanda Ram\u00edrez.<\/p>\n<p>En el mismo marco puntualiz\u00f3 que \u201cquisimos trabajar en pro de la ni\u00f1ez, no solo el evento recreativo, sino tambi\u00e9n con actividades en distintas \u00e1reas, como es; la nutrici\u00f3n,\u00a0 prevenci\u00f3n de la violencia al maltrato infantil, consultas dentales gratis, concurso de canto con una premiaci\u00f3n del 3 mil, 2 mil y mil pesos, as\u00ed como talleres del cuidado del agua y medio ambiente\u201d.<\/p>\n<p>Por su parte el promotor de cultura del agua se\u00f1al\u00f3 que \u201cel cuidado del agua y medio ambiente es algo muy importante, que no lo tenemos muy en cuenta y lo dejamos de lado. De eso se trata,\u00a0 de cultivar en los ni\u00f1os con este tipo de actividades, que empiecen hacer conciencia desde peque\u00f1os, para que en un futuro sean personas productivas y responsables en todos los aspectos. Yo felicito a los ni\u00f1os por trabajar en su dibujo, sabemos que todo es en coordinaci\u00f3n, padres de familia y maestros por eso tambi\u00e9n los felicito por el apoyo que les dieron a estos ni\u00f1os\u201d.<\/p>\n","protected":false},"excerpt":{"rendered":"<p>&nbsp; Presidenta Honorifica del DIF Lic. Yolanda Ram\u00edrez Maga\u00f1a reconoce a los ni\u00f1os participantes en&#8230;<\/p>\n","protected":false},"author":1,"featured_media":1250,"comment_status":"open","ping_status":"open","sticky":false,"template":"","format":"standard","meta":{"jetpack_post_was_ever_published":false,"_jetpack_newsletter_access":"","_jetpack_dont_email_post_to_subs":false,"_jetpack_newsletter_tier_id":0,"_jetpack_memberships_contains_paywalled_content":false,"_jetpack_memberships_contains_paid_content":false,"footnotes":"","jetpack_publicize_message":"","jetpack_publicize_feature_enabled":true,"jetpack_social_post_already_shared":false,"jetpack_social_options":{"image_generator_settings":{"template":"highway","enabled":false},"version":2}},"categories":[4],"tags":[24],"class_list":["post-1248","post","type-post","status-publish","format-standard","has-post-thumbnail","hentry","category-puruandiro","tag-puruandiro"],"jetpack_publicize_connections":[],"jetpack_sharing_enabled":true,"featured_image_urls":{"full":["http:\/\/tvalaire.com\/wp-content\/uploads\/2017\/04\/DIF-MUNICIPAL-Y-CULTURA-DEL-AGUA-RECONOCEN-LA-CREATIVIDAD-DE-LOS-NI\u00d1OS-2.jpg",2464,1632,false],"thumbnail":["http:\/\/tvalaire.com\/wp-content\/uploads\/2017\/04\/DIF-MUNICIPAL-Y-CULTURA-DEL-AGUA-RECONOCEN-LA-CREATIVIDAD-DE-LOS-NI\u00d1OS-2-150x150.jpg",150,150,true],"medium":["http:\/\/tvalaire.com\/wp-content\/uploads\/2017\/04\/DIF-MUNICIPAL-Y-CULTURA-DEL-AGUA-RECONOCEN-LA-CREATIVIDAD-DE-LOS-NI\u00d1OS-2-300x199.jpg",300,199,true],"medium_large":["http:\/\/tvalaire.com\/wp-content\/uploads\/2017\/04\/DIF-MUNICIPAL-Y-CULTURA-DEL-AGUA-RECONOCEN-LA-CREATIVIDAD-DE-LOS-NI\u00d1OS-2-768x509.jpg",640,424,true],"large":["http:\/\/tvalaire.com\/wp-content\/uploads\/2017\/04\/DIF-MUNICIPAL-Y-CULTURA-DEL-AGUA-RECONOCEN-LA-CREATIVIDAD-DE-LOS-NI\u00d1OS-2-1024x678.jpg",640,424,true],"post-slider-thumb-size":["http:\/\/tvalaire.com\/wp-content\/uploads\/2017\/04\/DIF-MUNICIPAL-Y-CULTURA-DEL-AGUA-RECONOCEN-LA-CREATIVIDAD-DE-LOS-NI\u00d1OS-2.jpg",287,190,false],"post-category-slider-size":["http:\/\/tvalaire.com\/wp-content\/uploads\/2017\/04\/DIF-MUNICIPAL-Y-CULTURA-DEL-AGUA-RECONOCEN-LA-CREATIVIDAD-DE-LOS-NI\u00d1OS-2.jpg",330,219,false],"1536x1536":["http:\/\/tvalaire.com\/wp-content\/uploads\/2017\/04\/DIF-MUNICIPAL-Y-CULTURA-DEL-AGUA-RECONOCEN-LA-CREATIVIDAD-DE-LOS-NI\u00d1OS-2.jpg",1536,1017,false],"2048x2048":["http:\/\/tvalaire.com\/wp-content\/uploads\/2017\/04\/DIF-MUNICIPAL-Y-CULTURA-DEL-AGUA-RECONOCEN-LA-CREATIVIDAD-DE-LOS-NI\u00d1OS-2.jpg",2048,1356,false],"newsium-slider-full":["http:\/\/tvalaire.com\/wp-content\/uploads\/2017\/04\/DIF-MUNICIPAL-Y-CULTURA-DEL-AGUA-RECONOCEN-LA-CREATIVIDAD-DE-LOS-NI\u00d1OS-2.jpg",1276,845,false],"newsium-featured":["http:\/\/tvalaire.com\/wp-content\/uploads\/2017\/04\/DIF-MUNICIPAL-Y-CULTURA-DEL-AGUA-RECONOCEN-LA-CREATIVIDAD-DE-LOS-NI\u00d1OS-2.jpg",1024,678,false],"newsium-medium":["http:\/\/tvalaire.com\/wp-content\/uploads\/2017\/04\/DIF-MUNICIPAL-Y-CULTURA-DEL-AGUA-RECONOCEN-LA-CREATIVIDAD-DE-LOS-NI\u00d1OS-2.jpg",717,475,false]},"author_info":{"info":["tvalairenoti"]},"category_info":"<a href=\"http:\/\/tvalaire.com\/?cat=4\" rel=\"category\">Puru\u00e1ndiro<\/a>","tag_info":"Puru\u00e1ndiro","comment_count":"0","jetpack_featured_media_url":"http:\/\/tvalaire.com\/wp-content\/uploads\/2017\/04\/DIF-MUNICIPAL-Y-CULTURA-DEL-AGUA-RECONOCEN-LA-CREATIVIDAD-DE-LOS-NI\u00d1OS-2.jpg","_links":{"self":[{"href":"http:\/\/tvalaire.com\/index.php?rest_route=\/wp\/v2\/posts\/1248"}],"collection":[{"href":"http:\/\/tvalaire.com\/index.php?rest_route=\/wp\/v2\/posts"}],"about":[{"href":"http:\/\/tvalaire.com\/index.php?rest_route=\/wp\/v2\/types\/post"}],"author":[{"embeddable":true,"href":"http:\/\/tvalaire.com\/index.php?rest_route=\/wp\/v2\/users\/1"}],"replies":[{"embeddable":true,"href":"http:\/\/tvalaire.com\/index.php?rest_route=%2Fwp%2Fv2%2Fcomments&post=1248"}],"version-history":[{"count":1,"href":"http:\/\/tvalaire.com\/index.php?rest_route=\/wp\/v2\/posts\/1248\/revisions"}],"predecessor-version":[{"id":1251,"href":"http:\/\/tvalaire.com\/index.php?rest_route=\/wp\/v2\/posts\/1248\/revisions\/1251"}],"wp:featuredmedia":[{"embeddable":true,"href":"http:\/\/tvalaire.com\/index.php?rest_route=\/wp\/v2\/media\/1250"}],"wp:attachment":[{"href":"http:\/\/tvalaire.com\/index.php?rest_route=%2Fwp%2Fv2%2Fmedia&parent=1248"}],"wp:term":[{"taxonomy":"category","embeddable":true,"href":"http:\/\/tvalaire.com\/index.php?rest_route=%2Fwp%2Fv2%2Fcategories&post=1248"},{"taxonomy":"post_tag","embeddable":true,"href":"http:\/\/tvalaire.com\/index.php?rest_route=%2Fwp%2Fv2%2Ftags&post=1248"}],"curies":[{"name":"wp","href":"https:\/\/api.w.org\/{rel}","templated":true}]}}