{"id":12473,"date":"2024-12-09T15:48:38","date_gmt":"2024-12-09T21:48:38","guid":{"rendered":"http:\/\/tvalaire.com\/?p=12473"},"modified":"2025-01-08T15:49:59","modified_gmt":"2025-01-08T21:49:59","slug":"se-incentiva-el-comercio-de-la-piedad-con-apoyos-economicos","status":"publish","type":"post","link":"http:\/\/tvalaire.com\/?p=12473","title":{"rendered":"SE INCENTIVA EL COMERCIO DE LA PIEDAD CON APOYOS ECON\u00d3MICOS"},"content":{"rendered":"\n<p><\/p>\n\n\n\n<ul class=\"wp-block-list\">\n<li><strong>Entrega alcalde Samuel Hidalgo m\u00e1s de 365 mil pesos en cr\u00e9ditos<\/strong><\/li>\n\n\n\n<li><strong>Interesados pueden acudir a la oficina de Promoci\u00f3n Econ\u00f3mica <\/strong><\/li>\n<\/ul>\n\n\n\n<p>Con la meta de contribuir con el Comercio Local Familiar, la Direcci\u00f3n de Promoci\u00f3n Econ\u00f3mica, del Gobierno Municipal de La Piedad, hizo entrega de pr\u00e9stamos a trav\u00e9s del Programa \u201cPor ti reactivamos la econom\u00eda\u201d.<\/p>\n\n\n\n<p>En el portal de Palacio Municipal, el alcalde Samuel Hidalgo Gallardo, hizo la entrega del apoyo a 33 personas, comerciantes quienes destinar\u00e1n el recurso a tiendas de abarrotes, venta de comida, papeler\u00eda, venta de frutas y verduras, entre otras actividades.<\/p>\n\n\n\n<p>\u201cPara esta ocasi\u00f3n son m\u00e1s de 365 mil pesos, los que facilitamos con la principal intenci\u00f3n de contribuir en el crecimiento de cada uno de los rubros, estamos seguros que sabr\u00e1n aprovechar el capital para que su negocio siga creciendo\u201d, coment\u00f3 el Presidente durante su intervenci\u00f3n.<\/p>\n\n\n\n<p>Es de mencionar que los apoyos entregados van de los cinco mil, hasta los 20 mil pesos y algunos de los pr\u00e9stamos fueron renovados por una cantidad mayor, gracias a que los solicitantes, han cumplido en tiempo y forma con sus contribuciones correspondientes.<\/p>\n\n\n\n<p>Asimismo, las autoridades hicieron una invitaci\u00f3n a los peque\u00f1os y medianos comerciantes de la ciudad a acercarse a la Direcci\u00f3n de Promoci\u00f3n Econ\u00f3mica, que se ubica en la parte baja de Presidencia y ah\u00ed solicitar m\u00e1s informaci\u00f3n respecto del Programa en cuesti\u00f3n. El horario de atenci\u00f3n es de lunes a viernes de 08:00 de la ma\u00f1ana a 3:00 de la tarde.<\/p>\n\n\n\n<figure class=\"wp-block-image size-large\"><img loading=\"lazy\" decoding=\"async\" width=\"1024\" height=\"682\" src=\"http:\/\/tvalaire.com\/wp-content\/uploads\/2025\/01\/WhatsApp-Image-2024-12-09-at-3.29.39-PM-1-1024x682.jpeg\" alt=\"\" class=\"wp-image-12475\" srcset=\"http:\/\/tvalaire.com\/wp-content\/uploads\/2025\/01\/WhatsApp-Image-2024-12-09-at-3.29.39-PM-1-1024x682.jpeg 1024w, http:\/\/tvalaire.com\/wp-content\/uploads\/2025\/01\/WhatsApp-Image-2024-12-09-at-3.29.39-PM-1-300x200.jpeg 300w, http:\/\/tvalaire.com\/wp-content\/uploads\/2025\/01\/WhatsApp-Image-2024-12-09-at-3.29.39-PM-1-768x512.jpeg 768w, http:\/\/tvalaire.com\/wp-content\/uploads\/2025\/01\/WhatsApp-Image-2024-12-09-at-3.29.39-PM-1.jpeg 1280w\" sizes=\"(max-width: 1024px) 100vw, 1024px\" \/><\/figure>\n","protected":false},"excerpt":{"rendered":"<p>Con la meta de contribuir con el Comercio Local Familiar, la Direcci\u00f3n de Promoci\u00f3n Econ\u00f3mica,&#8230;<\/p>\n","protected":false},"author":1,"featured_media":12474,"comment_status":"open","ping_status":"open","sticky":false,"template":"","format":"standard","meta":{"jetpack_post_was_ever_published":false,"_jetpack_newsletter_access":"","_jetpack_dont_email_post_to_subs":false,"_jetpack_newsletter_tier_id":0,"_jetpack_memberships_contains_paywalled_content":false,"_jetpack_memberships_contains_paid_content":false,"footnotes":"","jetpack_publicize_message":"","jetpack_publicize_feature_enabled":true,"jetpack_social_post_already_shared":true,"jetpack_social_options":{"image_generator_settings":{"template":"highway","enabled":false},"version":2}},"categories":[1],"tags":[15,36],"class_list":["post-12473","post","type-post","status-publish","format-standard","has-post-thumbnail","hentry","category-la-piedad","tag-la-piedad","tag-principales"],"jetpack_publicize_connections":[],"jetpack_sharing_enabled":true,"featured_image_urls":{"full":["http:\/\/tvalaire.com\/wp-content\/uploads\/2025\/01\/WhatsApp-Image-2024-12-09-at-3.29.39-PM.jpeg",1280,853,false],"thumbnail":["http:\/\/tvalaire.com\/wp-content\/uploads\/2025\/01\/WhatsApp-Image-2024-12-09-at-3.29.39-PM-150x150.jpeg",150,150,true],"medium":["http:\/\/tvalaire.com\/wp-content\/uploads\/2025\/01\/WhatsApp-Image-2024-12-09-at-3.29.39-PM-300x200.jpeg",300,200,true],"medium_large":["http:\/\/tvalaire.com\/wp-content\/uploads\/2025\/01\/WhatsApp-Image-2024-12-09-at-3.29.39-PM-768x512.jpeg",640,427,true],"large":["http:\/\/tvalaire.com\/wp-content\/uploads\/2025\/01\/WhatsApp-Image-2024-12-09-at-3.29.39-PM-1024x682.jpeg",640,426,true],"post-slider-thumb-size":["http:\/\/tvalaire.com\/wp-content\/uploads\/2025\/01\/WhatsApp-Image-2024-12-09-at-3.29.39-PM-330x190.jpeg",330,190,true],"post-category-slider-size":["http:\/\/tvalaire.com\/wp-content\/uploads\/2025\/01\/WhatsApp-Image-2024-12-09-at-3.29.39-PM-330x350.jpeg",330,350,true],"1536x1536":["http:\/\/tvalaire.com\/wp-content\/uploads\/2025\/01\/WhatsApp-Image-2024-12-09-at-3.29.39-PM.jpeg",1280,853,false],"2048x2048":["http:\/\/tvalaire.com\/wp-content\/uploads\/2025\/01\/WhatsApp-Image-2024-12-09-at-3.29.39-PM.jpeg",1280,853,false],"newsium-slider-full":["http:\/\/tvalaire.com\/wp-content\/uploads\/2025\/01\/WhatsApp-Image-2024-12-09-at-3.29.39-PM-1280x845.jpeg",1280,845,true],"newsium-featured":["http:\/\/tvalaire.com\/wp-content\/uploads\/2025\/01\/WhatsApp-Image-2024-12-09-at-3.29.39-PM-1024x682.jpeg",1024,682,true],"newsium-medium":["http:\/\/tvalaire.com\/wp-content\/uploads\/2025\/01\/WhatsApp-Image-2024-12-09-at-3.29.39-PM-720x475.jpeg",720,475,true]},"author_info":{"info":["tvalairenoti"]},"category_info":"<a href=\"http:\/\/tvalaire.com\/?cat=1\" rel=\"category\">La Piedad<\/a>","tag_info":"La Piedad","comment_count":"0","jetpack_featured_media_url":"http:\/\/tvalaire.com\/wp-content\/uploads\/2025\/01\/WhatsApp-Image-2024-12-09-at-3.29.39-PM.jpeg","_links":{"self":[{"href":"http:\/\/tvalaire.com\/index.php?rest_route=\/wp\/v2\/posts\/12473"}],"collection":[{"href":"http:\/\/tvalaire.com\/index.php?rest_route=\/wp\/v2\/posts"}],"about":[{"href":"http:\/\/tvalaire.com\/index.php?rest_route=\/wp\/v2\/types\/post"}],"author":[{"embeddable":true,"href":"http:\/\/tvalaire.com\/index.php?rest_route=\/wp\/v2\/users\/1"}],"replies":[{"embeddable":true,"href":"http:\/\/tvalaire.com\/index.php?rest_route=%2Fwp%2Fv2%2Fcomments&post=12473"}],"version-history":[{"count":1,"href":"http:\/\/tvalaire.com\/index.php?rest_route=\/wp\/v2\/posts\/12473\/revisions"}],"predecessor-version":[{"id":12476,"href":"http:\/\/tvalaire.com\/index.php?rest_route=\/wp\/v2\/posts\/12473\/revisions\/12476"}],"wp:featuredmedia":[{"embeddable":true,"href":"http:\/\/tvalaire.com\/index.php?rest_route=\/wp\/v2\/media\/12474"}],"wp:attachment":[{"href":"http:\/\/tvalaire.com\/index.php?rest_route=%2Fwp%2Fv2%2Fmedia&parent=12473"}],"wp:term":[{"taxonomy":"category","embeddable":true,"href":"http:\/\/tvalaire.com\/index.php?rest_route=%2Fwp%2Fv2%2Fcategories&post=12473"},{"taxonomy":"post_tag","embeddable":true,"href":"http:\/\/tvalaire.com\/index.php?rest_route=%2Fwp%2Fv2%2Ftags&post=12473"}],"curies":[{"name":"wp","href":"https:\/\/api.w.org\/{rel}","templated":true}]}}