{"id":12440,"date":"2024-11-27T08:10:05","date_gmt":"2024-11-27T14:10:05","guid":{"rendered":"http:\/\/tvalaire.com\/?p=12440"},"modified":"2024-12-06T08:11:32","modified_gmt":"2024-12-06T14:11:32","slug":"instalan-la-junta-de-gobierno-del-instituto-municipal-de-la-mujer","status":"publish","type":"post","link":"http:\/\/tvalaire.com\/?p=12440","title":{"rendered":"INSTALAN LA JUNTA DE GOBIERNO DEL INSTITUTO MUNICIPAL DE LA MUJER"},"content":{"rendered":"\n<p><\/p>\n\n\n\n<ul class=\"wp-block-list\">\n<li>Gobierno de La Piedad trabaja en las pol\u00edticas generales con perspectiva de g\u00e9nero<\/li>\n\n\n\n<li>\u201cSuma de esfuerzos y fortalecimiento de alianzas en favor de las mujeres\u201d: Samuel Hidalgo<\/li>\n<\/ul>\n\n\n\n<p>El Gobierno Municipal de La Piedad, realiz\u00f3 la instalaci\u00f3n de la Junta de Gobierno del Instituto Municipal de la Mujer, esto con el objetivo de impulsar y establecer pol\u00edticas generales con perspectiva de g\u00e9nero, que est\u00e9n sujetas a las actividades del IMM.<\/p>\n\n\n\n<p>Por su parte, el Edil Samuel Hidalgo, expres\u00f3 que, es a trav\u00e9s de la suma de esfuerzos y el fortalecimiento de alianzas, es que se lleva a cabo una planeaci\u00f3n estrategica y colectiva que contribuya a frenar la violencia contra las mujeres.<\/p>\n\n\n\n<p>Al igual, el Alcalde tom\u00f3 protesta de distinto miembros del Ayuntamiento, entre ellos la regidora Tatiana Ayala Presidenta de la Comisi\u00f3n \u201cMujer y Derechos Humanos\u201d, as\u00ed como por F\u00e1tima Guzm\u00e1n Directora del IMM, directores de distintas \u00e1reas del Gobierno Municipal, Instituciones de la localidad&nbsp; y miembros de la sociedad civil.<\/p>\n\n\n\n<figure class=\"wp-block-image size-large\"><img loading=\"lazy\" decoding=\"async\" width=\"1024\" height=\"682\" src=\"http:\/\/tvalaire.com\/wp-content\/uploads\/2024\/12\/WhatsApp-Image-2024-11-27-at-2.47.54-PM-1-1024x682.jpeg\" alt=\"\" class=\"wp-image-12442\" srcset=\"http:\/\/tvalaire.com\/wp-content\/uploads\/2024\/12\/WhatsApp-Image-2024-11-27-at-2.47.54-PM-1-1024x682.jpeg 1024w, http:\/\/tvalaire.com\/wp-content\/uploads\/2024\/12\/WhatsApp-Image-2024-11-27-at-2.47.54-PM-1-300x200.jpeg 300w, http:\/\/tvalaire.com\/wp-content\/uploads\/2024\/12\/WhatsApp-Image-2024-11-27-at-2.47.54-PM-1-768x511.jpeg 768w, http:\/\/tvalaire.com\/wp-content\/uploads\/2024\/12\/WhatsApp-Image-2024-11-27-at-2.47.54-PM-1-1536x1022.jpeg 1536w, http:\/\/tvalaire.com\/wp-content\/uploads\/2024\/12\/WhatsApp-Image-2024-11-27-at-2.47.54-PM-1.jpeg 1600w\" sizes=\"(max-width: 1024px) 100vw, 1024px\" \/><\/figure>\n\n\n\n<figure class=\"wp-block-image size-large\"><img loading=\"lazy\" decoding=\"async\" width=\"1024\" height=\"682\" src=\"http:\/\/tvalaire.com\/wp-content\/uploads\/2024\/12\/WhatsApp-Image-2024-11-27-at-2.47.54-PM-1024x682.jpeg\" alt=\"\" class=\"wp-image-12443\" srcset=\"http:\/\/tvalaire.com\/wp-content\/uploads\/2024\/12\/WhatsApp-Image-2024-11-27-at-2.47.54-PM-1024x682.jpeg 1024w, http:\/\/tvalaire.com\/wp-content\/uploads\/2024\/12\/WhatsApp-Image-2024-11-27-at-2.47.54-PM-300x200.jpeg 300w, http:\/\/tvalaire.com\/wp-content\/uploads\/2024\/12\/WhatsApp-Image-2024-11-27-at-2.47.54-PM-768x511.jpeg 768w, http:\/\/tvalaire.com\/wp-content\/uploads\/2024\/12\/WhatsApp-Image-2024-11-27-at-2.47.54-PM.jpeg 1280w\" sizes=\"(max-width: 1024px) 100vw, 1024px\" \/><\/figure>\n","protected":false},"excerpt":{"rendered":"<p>El Gobierno Municipal de La Piedad, realiz\u00f3 la instalaci\u00f3n de la Junta de Gobierno del&#8230;<\/p>\n","protected":false},"author":1,"featured_media":12441,"comment_status":"open","ping_status":"open","sticky":false,"template":"","format":"standard","meta":{"jetpack_post_was_ever_published":false,"_jetpack_newsletter_access":"","_jetpack_dont_email_post_to_subs":false,"_jetpack_newsletter_tier_id":0,"_jetpack_memberships_contains_paywalled_content":false,"_jetpack_memberships_contains_paid_content":false,"footnotes":"","jetpack_publicize_message":"","jetpack_publicize_feature_enabled":true,"jetpack_social_post_already_shared":true,"jetpack_social_options":{"image_generator_settings":{"template":"highway","enabled":false},"version":2}},"categories":[1],"tags":[15,36],"class_list":["post-12440","post","type-post","status-publish","format-standard","has-post-thumbnail","hentry","category-la-piedad","tag-la-piedad","tag-principales"],"jetpack_publicize_connections":[],"jetpack_sharing_enabled":true,"featured_image_urls":{"full":["http:\/\/tvalaire.com\/wp-content\/uploads\/2024\/12\/WhatsApp-Image-2024-11-27-at-2.47.53-PM.jpeg",1280,852,false],"thumbnail":["http:\/\/tvalaire.com\/wp-content\/uploads\/2024\/12\/WhatsApp-Image-2024-11-27-at-2.47.53-PM-150x150.jpeg",150,150,true],"medium":["http:\/\/tvalaire.com\/wp-content\/uploads\/2024\/12\/WhatsApp-Image-2024-11-27-at-2.47.53-PM-300x200.jpeg",300,200,true],"medium_large":["http:\/\/tvalaire.com\/wp-content\/uploads\/2024\/12\/WhatsApp-Image-2024-11-27-at-2.47.53-PM-768x511.jpeg",640,426,true],"large":["http:\/\/tvalaire.com\/wp-content\/uploads\/2024\/12\/WhatsApp-Image-2024-11-27-at-2.47.53-PM-1024x682.jpeg",640,426,true],"post-slider-thumb-size":["http:\/\/tvalaire.com\/wp-content\/uploads\/2024\/12\/WhatsApp-Image-2024-11-27-at-2.47.53-PM-330x190.jpeg",330,190,true],"post-category-slider-size":["http:\/\/tvalaire.com\/wp-content\/uploads\/2024\/12\/WhatsApp-Image-2024-11-27-at-2.47.53-PM-330x350.jpeg",330,350,true],"1536x1536":["http:\/\/tvalaire.com\/wp-content\/uploads\/2024\/12\/WhatsApp-Image-2024-11-27-at-2.47.53-PM.jpeg",1280,852,false],"2048x2048":["http:\/\/tvalaire.com\/wp-content\/uploads\/2024\/12\/WhatsApp-Image-2024-11-27-at-2.47.53-PM.jpeg",1280,852,false],"newsium-slider-full":["http:\/\/tvalaire.com\/wp-content\/uploads\/2024\/12\/WhatsApp-Image-2024-11-27-at-2.47.53-PM-1280x845.jpeg",1280,845,true],"newsium-featured":["http:\/\/tvalaire.com\/wp-content\/uploads\/2024\/12\/WhatsApp-Image-2024-11-27-at-2.47.53-PM-1024x682.jpeg",1024,682,true],"newsium-medium":["http:\/\/tvalaire.com\/wp-content\/uploads\/2024\/12\/WhatsApp-Image-2024-11-27-at-2.47.53-PM-720x475.jpeg",720,475,true]},"author_info":{"info":["tvalairenoti"]},"category_info":"<a href=\"http:\/\/tvalaire.com\/?cat=1\" rel=\"category\">La Piedad<\/a>","tag_info":"La Piedad","comment_count":"0","jetpack_featured_media_url":"http:\/\/tvalaire.com\/wp-content\/uploads\/2024\/12\/WhatsApp-Image-2024-11-27-at-2.47.53-PM.jpeg","_links":{"self":[{"href":"http:\/\/tvalaire.com\/index.php?rest_route=\/wp\/v2\/posts\/12440"}],"collection":[{"href":"http:\/\/tvalaire.com\/index.php?rest_route=\/wp\/v2\/posts"}],"about":[{"href":"http:\/\/tvalaire.com\/index.php?rest_route=\/wp\/v2\/types\/post"}],"author":[{"embeddable":true,"href":"http:\/\/tvalaire.com\/index.php?rest_route=\/wp\/v2\/users\/1"}],"replies":[{"embeddable":true,"href":"http:\/\/tvalaire.com\/index.php?rest_route=%2Fwp%2Fv2%2Fcomments&post=12440"}],"version-history":[{"count":1,"href":"http:\/\/tvalaire.com\/index.php?rest_route=\/wp\/v2\/posts\/12440\/revisions"}],"predecessor-version":[{"id":12444,"href":"http:\/\/tvalaire.com\/index.php?rest_route=\/wp\/v2\/posts\/12440\/revisions\/12444"}],"wp:featuredmedia":[{"embeddable":true,"href":"http:\/\/tvalaire.com\/index.php?rest_route=\/wp\/v2\/media\/12441"}],"wp:attachment":[{"href":"http:\/\/tvalaire.com\/index.php?rest_route=%2Fwp%2Fv2%2Fmedia&parent=12440"}],"wp:term":[{"taxonomy":"category","embeddable":true,"href":"http:\/\/tvalaire.com\/index.php?rest_route=%2Fwp%2Fv2%2Fcategories&post=12440"},{"taxonomy":"post_tag","embeddable":true,"href":"http:\/\/tvalaire.com\/index.php?rest_route=%2Fwp%2Fv2%2Ftags&post=12440"}],"curies":[{"name":"wp","href":"https:\/\/api.w.org\/{rel}","templated":true}]}}