{"id":12429,"date":"2024-10-04T13:51:48","date_gmt":"2024-10-04T19:51:48","guid":{"rendered":"http:\/\/tvalaire.com\/?p=12429"},"modified":"2024-11-12T13:52:45","modified_gmt":"2024-11-12T19:52:45","slug":"inauguran-espacio-cultural-en-el-municipio-de-la-piedad","status":"publish","type":"post","link":"http:\/\/tvalaire.com\/?p=12429","title":{"rendered":"INAUGURAN ESPACIO CULTURAL EN EL MUNICIPIO DE LA PIEDAD"},"content":{"rendered":"\n<p><\/p>\n\n\n\n<ul class=\"wp-block-list\">\n<li><strong>Seguiremos trabajando para tener m\u00e1s espacios para la familia: Alcalde<\/strong><\/li>\n\n\n\n<li><strong>El mi\u00e9rcoles 09 se presenta Ra\u00fal Di Blasio en la ciudad<\/strong><\/li>\n<\/ul>\n\n\n\n<p>Con la presentaci\u00f3n musical y art\u00edstica de parte de la Orquesta de C\u00e1mara del Conservatorio de Las Rosas, as\u00ed como del Ballet Folkl\u00f3rico M\u00e9xico Internacional de Yur\u00e9cuaro y una extraordinaria asistencia de la ciudadan\u00eda en general, se llev\u00f3 a cabo la inauguraci\u00f3n del Teatro al Aire Libre en la ciudad.<\/p>\n\n\n\n<p>Autoridades municipales de La Piedad, encabezadas por el alcalde Samuel Hidalgo Gallardo, estuvieron presentes en el evento cultural que se realiz\u00f3 en el Mirador de la colonia Vasco de Quiroga.<\/p>\n\n\n\n<p>En su intervenci\u00f3n, el presidente Hidalgo Gallardo, coment\u00f3 \u201cVamos a seguir trabajando para que La Piedad tenga m\u00e1s y mejores espacios, deportivos y culturales en donde la ciudadan\u00eda y las familias puedan tener m\u00e1s lugares de entretenimiento y reuni\u00f3n\u201d.<\/p>\n\n\n\n<p>Se\u00f1al\u00f3 tambi\u00e9n que, el nuevo lugar est\u00e1 designado para seguir impulsando y promoviendo el arte de los artistas locales, en donde puedan demostrar cada uno de sus talentos. Subray\u00f3 que es de suma importancia que estos lugares prevalezcan, por lo que invit\u00f3 a la ciudadan\u00eda a que, en media de lo posible, contribuya con el cuidado de este nuevo lugar, el cual es de todos.<\/p>\n\n\n\n<p>De igual manera, y en este mismo sentido cultural, Hidalgo Gallardo, extendi\u00f3 una invitaci\u00f3n a toda la poblaci\u00f3n para que el pr\u00f3ximo mi\u00e9rcoles 09 en punto de las 19:00 horas acuda al concierto que el internacional Ra\u00fal Di Blasio, ofrecer\u00e1 en el Santuario del Se\u00f1or de La Piedad.<\/p>\n\n\n\n<p>La presentaci\u00f3n por primera ocasi\u00f3n del Piano de Am\u00e9rica, ser\u00e1 sin costo alguno y el acceso al recinto para disfrutar del repertorio ser\u00e1 a partir de las 17:00 horas, por lo que se pide ser puntual y atender las indicaciones del evento. &nbsp;&nbsp;&nbsp;<\/p>\n\n\n\n<figure class=\"wp-block-image size-large\"><img loading=\"lazy\" decoding=\"async\" width=\"1024\" height=\"682\" src=\"http:\/\/tvalaire.com\/wp-content\/uploads\/2024\/11\/WhatsApp-Image-2024-10-03-at-10.51.09-PM-1024x682.jpeg\" alt=\"\" class=\"wp-image-12431\" srcset=\"http:\/\/tvalaire.com\/wp-content\/uploads\/2024\/11\/WhatsApp-Image-2024-10-03-at-10.51.09-PM-1024x682.jpeg 1024w, http:\/\/tvalaire.com\/wp-content\/uploads\/2024\/11\/WhatsApp-Image-2024-10-03-at-10.51.09-PM-300x200.jpeg 300w, http:\/\/tvalaire.com\/wp-content\/uploads\/2024\/11\/WhatsApp-Image-2024-10-03-at-10.51.09-PM-768x512.jpeg 768w, http:\/\/tvalaire.com\/wp-content\/uploads\/2024\/11\/WhatsApp-Image-2024-10-03-at-10.51.09-PM.jpeg 1280w\" sizes=\"(max-width: 1024px) 100vw, 1024px\" \/><\/figure>\n\n\n\n<figure class=\"wp-block-image size-large\"><img loading=\"lazy\" decoding=\"async\" width=\"1024\" height=\"682\" src=\"http:\/\/tvalaire.com\/wp-content\/uploads\/2024\/11\/WhatsApp-Image-2024-10-03-at-10.49.22-PM-1024x682.jpeg\" alt=\"\" class=\"wp-image-12432\" srcset=\"http:\/\/tvalaire.com\/wp-content\/uploads\/2024\/11\/WhatsApp-Image-2024-10-03-at-10.49.22-PM-1024x682.jpeg 1024w, http:\/\/tvalaire.com\/wp-content\/uploads\/2024\/11\/WhatsApp-Image-2024-10-03-at-10.49.22-PM-300x200.jpeg 300w, http:\/\/tvalaire.com\/wp-content\/uploads\/2024\/11\/WhatsApp-Image-2024-10-03-at-10.49.22-PM-768x512.jpeg 768w, http:\/\/tvalaire.com\/wp-content\/uploads\/2024\/11\/WhatsApp-Image-2024-10-03-at-10.49.22-PM.jpeg 1280w\" sizes=\"(max-width: 1024px) 100vw, 1024px\" \/><\/figure>\n\n\n\n<figure class=\"wp-block-image size-large\"><img loading=\"lazy\" decoding=\"async\" width=\"1024\" height=\"682\" src=\"http:\/\/tvalaire.com\/wp-content\/uploads\/2024\/11\/WhatsApp-Image-2024-10-03-at-10.43.59-PM-1024x682.jpeg\" alt=\"\" class=\"wp-image-12433\" srcset=\"http:\/\/tvalaire.com\/wp-content\/uploads\/2024\/11\/WhatsApp-Image-2024-10-03-at-10.43.59-PM-1024x682.jpeg 1024w, http:\/\/tvalaire.com\/wp-content\/uploads\/2024\/11\/WhatsApp-Image-2024-10-03-at-10.43.59-PM-300x200.jpeg 300w, http:\/\/tvalaire.com\/wp-content\/uploads\/2024\/11\/WhatsApp-Image-2024-10-03-at-10.43.59-PM-768x512.jpeg 768w, http:\/\/tvalaire.com\/wp-content\/uploads\/2024\/11\/WhatsApp-Image-2024-10-03-at-10.43.59-PM.jpeg 1280w\" sizes=\"(max-width: 1024px) 100vw, 1024px\" \/><\/figure>\n","protected":false},"excerpt":{"rendered":"<p>Con la presentaci\u00f3n musical y art\u00edstica de parte de la Orquesta de C\u00e1mara del Conservatorio&#8230;<\/p>\n","protected":false},"author":1,"featured_media":12430,"comment_status":"open","ping_status":"open","sticky":false,"template":"","format":"standard","meta":{"jetpack_post_was_ever_published":false,"_jetpack_newsletter_access":"","_jetpack_dont_email_post_to_subs":false,"_jetpack_newsletter_tier_id":0,"_jetpack_memberships_contains_paywalled_content":false,"_jetpack_memberships_contains_paid_content":false,"footnotes":"","jetpack_publicize_message":"","jetpack_publicize_feature_enabled":true,"jetpack_social_post_already_shared":true,"jetpack_social_options":{"image_generator_settings":{"template":"highway","enabled":false},"version":2}},"categories":[1],"tags":[15,36],"class_list":["post-12429","post","type-post","status-publish","format-standard","has-post-thumbnail","hentry","category-la-piedad","tag-la-piedad","tag-principales"],"jetpack_publicize_connections":[],"jetpack_sharing_enabled":true,"featured_image_urls":{"full":["http:\/\/tvalaire.com\/wp-content\/uploads\/2024\/11\/WhatsApp-Image-2024-10-03-at-10.49.24-PM.jpeg",1280,853,false],"thumbnail":["http:\/\/tvalaire.com\/wp-content\/uploads\/2024\/11\/WhatsApp-Image-2024-10-03-at-10.49.24-PM-150x150.jpeg",150,150,true],"medium":["http:\/\/tvalaire.com\/wp-content\/uploads\/2024\/11\/WhatsApp-Image-2024-10-03-at-10.49.24-PM-300x200.jpeg",300,200,true],"medium_large":["http:\/\/tvalaire.com\/wp-content\/uploads\/2024\/11\/WhatsApp-Image-2024-10-03-at-10.49.24-PM-768x512.jpeg",640,427,true],"large":["http:\/\/tvalaire.com\/wp-content\/uploads\/2024\/11\/WhatsApp-Image-2024-10-03-at-10.49.24-PM-1024x682.jpeg",640,426,true],"post-slider-thumb-size":["http:\/\/tvalaire.com\/wp-content\/uploads\/2024\/11\/WhatsApp-Image-2024-10-03-at-10.49.24-PM-330x190.jpeg",330,190,true],"post-category-slider-size":["http:\/\/tvalaire.com\/wp-content\/uploads\/2024\/11\/WhatsApp-Image-2024-10-03-at-10.49.24-PM-330x350.jpeg",330,350,true],"1536x1536":["http:\/\/tvalaire.com\/wp-content\/uploads\/2024\/11\/WhatsApp-Image-2024-10-03-at-10.49.24-PM.jpeg",1280,853,false],"2048x2048":["http:\/\/tvalaire.com\/wp-content\/uploads\/2024\/11\/WhatsApp-Image-2024-10-03-at-10.49.24-PM.jpeg",1280,853,false],"newsium-slider-full":["http:\/\/tvalaire.com\/wp-content\/uploads\/2024\/11\/WhatsApp-Image-2024-10-03-at-10.49.24-PM-1280x845.jpeg",1280,845,true],"newsium-featured":["http:\/\/tvalaire.com\/wp-content\/uploads\/2024\/11\/WhatsApp-Image-2024-10-03-at-10.49.24-PM-1024x682.jpeg",1024,682,true],"newsium-medium":["http:\/\/tvalaire.com\/wp-content\/uploads\/2024\/11\/WhatsApp-Image-2024-10-03-at-10.49.24-PM-720x475.jpeg",720,475,true]},"author_info":{"info":["tvalairenoti"]},"category_info":"<a href=\"http:\/\/tvalaire.com\/?cat=1\" rel=\"category\">La Piedad<\/a>","tag_info":"La Piedad","comment_count":"0","jetpack_featured_media_url":"http:\/\/tvalaire.com\/wp-content\/uploads\/2024\/11\/WhatsApp-Image-2024-10-03-at-10.49.24-PM.jpeg","_links":{"self":[{"href":"http:\/\/tvalaire.com\/index.php?rest_route=\/wp\/v2\/posts\/12429"}],"collection":[{"href":"http:\/\/tvalaire.com\/index.php?rest_route=\/wp\/v2\/posts"}],"about":[{"href":"http:\/\/tvalaire.com\/index.php?rest_route=\/wp\/v2\/types\/post"}],"author":[{"embeddable":true,"href":"http:\/\/tvalaire.com\/index.php?rest_route=\/wp\/v2\/users\/1"}],"replies":[{"embeddable":true,"href":"http:\/\/tvalaire.com\/index.php?rest_route=%2Fwp%2Fv2%2Fcomments&post=12429"}],"version-history":[{"count":1,"href":"http:\/\/tvalaire.com\/index.php?rest_route=\/wp\/v2\/posts\/12429\/revisions"}],"predecessor-version":[{"id":12434,"href":"http:\/\/tvalaire.com\/index.php?rest_route=\/wp\/v2\/posts\/12429\/revisions\/12434"}],"wp:featuredmedia":[{"embeddable":true,"href":"http:\/\/tvalaire.com\/index.php?rest_route=\/wp\/v2\/media\/12430"}],"wp:attachment":[{"href":"http:\/\/tvalaire.com\/index.php?rest_route=%2Fwp%2Fv2%2Fmedia&parent=12429"}],"wp:term":[{"taxonomy":"category","embeddable":true,"href":"http:\/\/tvalaire.com\/index.php?rest_route=%2Fwp%2Fv2%2Fcategories&post=12429"},{"taxonomy":"post_tag","embeddable":true,"href":"http:\/\/tvalaire.com\/index.php?rest_route=%2Fwp%2Fv2%2Ftags&post=12429"}],"curies":[{"name":"wp","href":"https:\/\/api.w.org\/{rel}","templated":true}]}}