{"id":12395,"date":"2024-10-31T13:40:28","date_gmt":"2024-10-31T19:40:28","guid":{"rendered":"http:\/\/tvalaire.com\/?p=12395"},"modified":"2024-11-12T13:42:30","modified_gmt":"2024-11-12T19:42:30","slug":"invita-gobierno-de-la-piedad-a-primer-festival-de-la-garnacha","status":"publish","type":"post","link":"http:\/\/tvalaire.com\/?p=12395","title":{"rendered":"INVITA GOBIERNO DE LA PIEDAD A PRIMER FESTIVAL DE LA GARNACHA"},"content":{"rendered":"\n<p><\/p>\n\n\n\n<ul class=\"wp-block-list\">\n<li><strong>La cita es el domingo 10 de noviembre en el Centro Hist\u00f3rico<\/strong><\/li>\n\n\n\n<li><strong>Habr\u00e1 variedad de alimentos para el disfrute de las familias<\/strong><\/li>\n<\/ul>\n\n\n\n<p>Con la intenci\u00f3n de contribuir con el Comercio Local Familiar y al mismo tiempo reactivar la econom\u00eda de la zona centro del municipio, El Gobierno Municipal de La Piedad, por medio de la Direcci\u00f3n de Promoci\u00f3n Econ\u00f3mica, invita al Primer Festival de la Garnacha.<\/p>\n\n\n\n<p>Noel Rinc\u00f3n S\u00e1nchez, titular de la dependencia mencionada, coment\u00f3 que, a partir de la emisi\u00f3n de este documento, queda abierta la convocatoria para todos aquellos comerciantes que vendan este tipo de garnachas como esquites, churros, costillas, alitas, papas, dorilocos, entre otros y as\u00ed puedan ofrecer la variedad de sus productos.<\/p>\n\n\n\n<p>Al mismo tiempo, el funcionario mencion\u00f3 que la fecha para el desarrollo del evento se tiene programada para el domingo 10 de noviembre a partir de las 10:00 de la ma\u00f1ana en el Centro Hist\u00f3rico de la ciudad.<\/p>\n\n\n\n<p>\u201cEs una oportunidad para colaborar con quienes se dedican a ofertar este tipo de alimentos y al mismo tiempo la Plaza Principal de la ciudad sea visitada por las familias para pasar un momento agradable\u201d, se\u00f1al\u00f3 Rinc\u00f3n S\u00e1nchez.<\/p>\n\n\n\n<p>Agreg\u00f3 que los comerciantes interesados en ser parte del proyecto, se pueden acercar a la oficina de Promoci\u00f3n Econ\u00f3mica, la cual es responsable de la actividad a desarrollar y as\u00ed puedan registrarse como participante. El horario de atenci\u00f3n y registro es de 09:00 de la ma\u00f1ana a 15:00 horas.<\/p>\n\n\n\n<figure class=\"wp-block-image size-large\"><img loading=\"lazy\" decoding=\"async\" width=\"1024\" height=\"1024\" src=\"http:\/\/tvalaire.com\/wp-content\/uploads\/2024\/11\/FESTIVAL-DE-LA-GARNACHA_Mesa-de-trabajo-1-1024x1024.jpg\" alt=\"\" class=\"wp-image-12397\" srcset=\"http:\/\/tvalaire.com\/wp-content\/uploads\/2024\/11\/FESTIVAL-DE-LA-GARNACHA_Mesa-de-trabajo-1-1024x1024.jpg 1024w, http:\/\/tvalaire.com\/wp-content\/uploads\/2024\/11\/FESTIVAL-DE-LA-GARNACHA_Mesa-de-trabajo-1-300x300.jpg 300w, http:\/\/tvalaire.com\/wp-content\/uploads\/2024\/11\/FESTIVAL-DE-LA-GARNACHA_Mesa-de-trabajo-1-150x150.jpg 150w, http:\/\/tvalaire.com\/wp-content\/uploads\/2024\/11\/FESTIVAL-DE-LA-GARNACHA_Mesa-de-trabajo-1-768x768.jpg 768w, http:\/\/tvalaire.com\/wp-content\/uploads\/2024\/11\/FESTIVAL-DE-LA-GARNACHA_Mesa-de-trabajo-1-1536x1536.jpg 1536w, http:\/\/tvalaire.com\/wp-content\/uploads\/2024\/11\/FESTIVAL-DE-LA-GARNACHA_Mesa-de-trabajo-1-2048x2048.jpg 2048w\" sizes=\"(max-width: 1024px) 100vw, 1024px\" \/><\/figure>\n","protected":false},"excerpt":{"rendered":"<p>Con la intenci\u00f3n de contribuir con el Comercio Local Familiar y al mismo tiempo reactivar&#8230;<\/p>\n","protected":false},"author":1,"featured_media":12396,"comment_status":"open","ping_status":"open","sticky":false,"template":"","format":"standard","meta":{"jetpack_post_was_ever_published":false,"_jetpack_newsletter_access":"","_jetpack_dont_email_post_to_subs":false,"_jetpack_newsletter_tier_id":0,"_jetpack_memberships_contains_paywalled_content":false,"_jetpack_memberships_contains_paid_content":false,"footnotes":"","jetpack_publicize_message":"","jetpack_publicize_feature_enabled":true,"jetpack_social_post_already_shared":true,"jetpack_social_options":{"image_generator_settings":{"template":"highway","enabled":false},"version":2}},"categories":[1],"tags":[15,36],"class_list":["post-12395","post","type-post","status-publish","format-standard","has-post-thumbnail","hentry","category-la-piedad","tag-la-piedad","tag-principales"],"jetpack_publicize_connections":[],"jetpack_sharing_enabled":true,"featured_image_urls":{"full":["http:\/\/tvalaire.com\/wp-content\/uploads\/2024\/11\/FESTIVAL-DE-LA-GARNACHA_Mesa-de-trabajo-1-copia-scaled.jpg",2560,2560,false],"thumbnail":["http:\/\/tvalaire.com\/wp-content\/uploads\/2024\/11\/FESTIVAL-DE-LA-GARNACHA_Mesa-de-trabajo-1-copia-150x150.jpg",150,150,true],"medium":["http:\/\/tvalaire.com\/wp-content\/uploads\/2024\/11\/FESTIVAL-DE-LA-GARNACHA_Mesa-de-trabajo-1-copia-300x300.jpg",300,300,true],"medium_large":["http:\/\/tvalaire.com\/wp-content\/uploads\/2024\/11\/FESTIVAL-DE-LA-GARNACHA_Mesa-de-trabajo-1-copia-768x768.jpg",640,640,true],"large":["http:\/\/tvalaire.com\/wp-content\/uploads\/2024\/11\/FESTIVAL-DE-LA-GARNACHA_Mesa-de-trabajo-1-copia-1024x1024.jpg",640,640,true],"post-slider-thumb-size":["http:\/\/tvalaire.com\/wp-content\/uploads\/2024\/11\/FESTIVAL-DE-LA-GARNACHA_Mesa-de-trabajo-1-copia-330x190.jpg",330,190,true],"post-category-slider-size":["http:\/\/tvalaire.com\/wp-content\/uploads\/2024\/11\/FESTIVAL-DE-LA-GARNACHA_Mesa-de-trabajo-1-copia-330x350.jpg",330,350,true],"1536x1536":["http:\/\/tvalaire.com\/wp-content\/uploads\/2024\/11\/FESTIVAL-DE-LA-GARNACHA_Mesa-de-trabajo-1-copia-1536x1536.jpg",1536,1536,true],"2048x2048":["http:\/\/tvalaire.com\/wp-content\/uploads\/2024\/11\/FESTIVAL-DE-LA-GARNACHA_Mesa-de-trabajo-1-copia-2048x2048.jpg",2048,2048,true],"newsium-slider-full":["http:\/\/tvalaire.com\/wp-content\/uploads\/2024\/11\/FESTIVAL-DE-LA-GARNACHA_Mesa-de-trabajo-1-copia-1280x845.jpg",1280,845,true],"newsium-featured":["http:\/\/tvalaire.com\/wp-content\/uploads\/2024\/11\/FESTIVAL-DE-LA-GARNACHA_Mesa-de-trabajo-1-copia-1024x1024.jpg",1024,1024,true],"newsium-medium":["http:\/\/tvalaire.com\/wp-content\/uploads\/2024\/11\/FESTIVAL-DE-LA-GARNACHA_Mesa-de-trabajo-1-copia-720x475.jpg",720,475,true]},"author_info":{"info":["tvalairenoti"]},"category_info":"<a href=\"http:\/\/tvalaire.com\/?cat=1\" rel=\"category\">La Piedad<\/a>","tag_info":"La Piedad","comment_count":"0","jetpack_featured_media_url":"http:\/\/tvalaire.com\/wp-content\/uploads\/2024\/11\/FESTIVAL-DE-LA-GARNACHA_Mesa-de-trabajo-1-copia-scaled.jpg","_links":{"self":[{"href":"http:\/\/tvalaire.com\/index.php?rest_route=\/wp\/v2\/posts\/12395"}],"collection":[{"href":"http:\/\/tvalaire.com\/index.php?rest_route=\/wp\/v2\/posts"}],"about":[{"href":"http:\/\/tvalaire.com\/index.php?rest_route=\/wp\/v2\/types\/post"}],"author":[{"embeddable":true,"href":"http:\/\/tvalaire.com\/index.php?rest_route=\/wp\/v2\/users\/1"}],"replies":[{"embeddable":true,"href":"http:\/\/tvalaire.com\/index.php?rest_route=%2Fwp%2Fv2%2Fcomments&post=12395"}],"version-history":[{"count":1,"href":"http:\/\/tvalaire.com\/index.php?rest_route=\/wp\/v2\/posts\/12395\/revisions"}],"predecessor-version":[{"id":12398,"href":"http:\/\/tvalaire.com\/index.php?rest_route=\/wp\/v2\/posts\/12395\/revisions\/12398"}],"wp:featuredmedia":[{"embeddable":true,"href":"http:\/\/tvalaire.com\/index.php?rest_route=\/wp\/v2\/media\/12396"}],"wp:attachment":[{"href":"http:\/\/tvalaire.com\/index.php?rest_route=%2Fwp%2Fv2%2Fmedia&parent=12395"}],"wp:term":[{"taxonomy":"category","embeddable":true,"href":"http:\/\/tvalaire.com\/index.php?rest_route=%2Fwp%2Fv2%2Fcategories&post=12395"},{"taxonomy":"post_tag","embeddable":true,"href":"http:\/\/tvalaire.com\/index.php?rest_route=%2Fwp%2Fv2%2Ftags&post=12395"}],"curies":[{"name":"wp","href":"https:\/\/api.w.org\/{rel}","templated":true}]}}