{"id":12364,"date":"2024-09-27T11:14:00","date_gmt":"2024-09-27T17:14:00","guid":{"rendered":"http:\/\/tvalaire.com\/?p=12364"},"modified":"2024-10-07T11:16:35","modified_gmt":"2024-10-07T17:16:35","slug":"adultos-mayores-de-la-piedad-obtienen-visa-estadounidense","status":"publish","type":"post","link":"http:\/\/tvalaire.com\/?p=12364","title":{"rendered":"ADULTOS MAYORES DE LA PIEDAD OBTIENEN VISA ESTADOUNIDENSE"},"content":{"rendered":"\n<p><\/p>\n\n\n\n<ul class=\"wp-block-list\">\n<li><strong>181 personas del programa \u201cLatidos piedadenses\u201d ahora tienen Visa<\/strong><\/li>\n\n\n\n<li><strong>Ya m\u00e1s de 240 piedadenses se han reencontrado con su familia<\/strong><\/li>\n<\/ul>\n\n\n\n<p>A trav\u00e9s de la Direcci\u00f3n de Vinculaci\u00f3n Internacional, el Gobierno Municipal de La Piedad, dirigido por el alcalde Samuel Hidalgo Gallardo, realiz\u00f3 los tr\u00e1mites correspondientes para personas que forman parte del Programa \u201cLatidos piedadenses\u201d, viajaran a la Embajada Estadounidense de la Ciudad de M\u00e9xico.<\/p>\n\n\n\n<p>Para esta ocasi\u00f3n, fueron 111 personas adultas mayores las que despu\u00e9s de la entrevista, recibieron el visto bueno por parte del C\u00f3nsul y el tr\u00e1mite realizado fuera aprobado para que pudieran obtener el documento que les permita viajar al pa\u00eds vecino del Norte y reencontrarse con su familia.&nbsp;<\/p>\n\n\n\n<p>Es de mencionar que gracias a las gestiones del personal de la oficina de Vinculaci\u00f3n Internacional y sobre todo a la buena disposici\u00f3n de la Embajada de EE. UU. Es que se pudieron adelantar las citas y durante este mes de septiembre 181 personas se trasladaron a la Embajada Estadounidense y obtuvieron el documento.<\/p>\n\n\n\n<p>Rigoberto Romero Armend\u00e1riz, titular de la dependencia coment\u00f3 que las personas que viajaron a la CDMX se suman a las 243 que, en la Administraci\u00f3n pasada tambi\u00e9n se pudo apoyar para que obtuvieran su Visa y as\u00ed viajaran a EE. UU. Para reencontrarse con sus familias que en muchos casos ten\u00edan a\u00f1os sin verse.<\/p>\n\n\n\n<p>Romero Armend\u00e1riz, extendi\u00f3 una invitaci\u00f3n a la ciudadan\u00eda que requiera ser asesorada en el tema para que visite la oficina que se ubica en la calle Mariano Jim\u00e9nez #115. &nbsp;&nbsp;<\/p>\n\n\n\n<figure class=\"wp-block-image size-large\"><img loading=\"lazy\" decoding=\"async\" width=\"1024\" height=\"682\" src=\"http:\/\/tvalaire.com\/wp-content\/uploads\/2024\/10\/01-2-2-1024x682.jpeg\" alt=\"\" class=\"wp-image-12368\" srcset=\"http:\/\/tvalaire.com\/wp-content\/uploads\/2024\/10\/01-2-2-1024x682.jpeg 1024w, http:\/\/tvalaire.com\/wp-content\/uploads\/2024\/10\/01-2-2-300x200.jpeg 300w, http:\/\/tvalaire.com\/wp-content\/uploads\/2024\/10\/01-2-2-768x511.jpeg 768w, http:\/\/tvalaire.com\/wp-content\/uploads\/2024\/10\/01-2-2-1536x1022.jpeg 1536w, http:\/\/tvalaire.com\/wp-content\/uploads\/2024\/10\/01-2-2.jpeg 1600w\" sizes=\"(max-width: 1024px) 100vw, 1024px\" \/><\/figure>\n\n\n\n<figure class=\"wp-block-image size-large\"><img loading=\"lazy\" decoding=\"async\" width=\"1024\" height=\"682\" src=\"http:\/\/tvalaire.com\/wp-content\/uploads\/2024\/10\/01-1-3-1024x682.jpeg\" alt=\"\" class=\"wp-image-12367\" srcset=\"http:\/\/tvalaire.com\/wp-content\/uploads\/2024\/10\/01-1-3-1024x682.jpeg 1024w, http:\/\/tvalaire.com\/wp-content\/uploads\/2024\/10\/01-1-3-300x200.jpeg 300w, http:\/\/tvalaire.com\/wp-content\/uploads\/2024\/10\/01-1-3-768x512.jpeg 768w, http:\/\/tvalaire.com\/wp-content\/uploads\/2024\/10\/01-1-3.jpeg 1280w\" sizes=\"(max-width: 1024px) 100vw, 1024px\" \/><\/figure>\n\n\n\n<figure class=\"wp-block-image size-large\"><img loading=\"lazy\" decoding=\"async\" width=\"1024\" height=\"682\" src=\"http:\/\/tvalaire.com\/wp-content\/uploads\/2024\/10\/01-4-3-1024x682.jpeg\" alt=\"\" class=\"wp-image-12366\" srcset=\"http:\/\/tvalaire.com\/wp-content\/uploads\/2024\/10\/01-4-3-1024x682.jpeg 1024w, http:\/\/tvalaire.com\/wp-content\/uploads\/2024\/10\/01-4-3-300x200.jpeg 300w, http:\/\/tvalaire.com\/wp-content\/uploads\/2024\/10\/01-4-3-768x511.jpeg 768w, http:\/\/tvalaire.com\/wp-content\/uploads\/2024\/10\/01-4-3-1536x1022.jpeg 1536w, http:\/\/tvalaire.com\/wp-content\/uploads\/2024\/10\/01-4-3.jpeg 1600w\" sizes=\"(max-width: 1024px) 100vw, 1024px\" \/><\/figure>\n","protected":false},"excerpt":{"rendered":"<p>A trav\u00e9s de la Direcci\u00f3n de Vinculaci\u00f3n Internacional, el Gobierno Municipal de La Piedad, dirigido&#8230;<\/p>\n","protected":false},"author":1,"featured_media":12365,"comment_status":"open","ping_status":"open","sticky":false,"template":"","format":"standard","meta":{"jetpack_post_was_ever_published":false,"_jetpack_newsletter_access":"","_jetpack_dont_email_post_to_subs":false,"_jetpack_newsletter_tier_id":0,"_jetpack_memberships_contains_paywalled_content":false,"_jetpack_memberships_contains_paid_content":false,"footnotes":"","jetpack_publicize_message":"","jetpack_publicize_feature_enabled":true,"jetpack_social_post_already_shared":true,"jetpack_social_options":{"image_generator_settings":{"template":"highway","enabled":false},"version":2}},"categories":[1],"tags":[15,36],"class_list":["post-12364","post","type-post","status-publish","format-standard","has-post-thumbnail","hentry","category-la-piedad","tag-la-piedad","tag-principales"],"jetpack_publicize_connections":[],"jetpack_sharing_enabled":true,"featured_image_urls":{"full":["http:\/\/tvalaire.com\/wp-content\/uploads\/2024\/10\/01-3-2.jpeg",1600,1065,false],"thumbnail":["http:\/\/tvalaire.com\/wp-content\/uploads\/2024\/10\/01-3-2-150x150.jpeg",150,150,true],"medium":["http:\/\/tvalaire.com\/wp-content\/uploads\/2024\/10\/01-3-2-300x200.jpeg",300,200,true],"medium_large":["http:\/\/tvalaire.com\/wp-content\/uploads\/2024\/10\/01-3-2-768x511.jpeg",640,426,true],"large":["http:\/\/tvalaire.com\/wp-content\/uploads\/2024\/10\/01-3-2-1024x682.jpeg",640,426,true],"post-slider-thumb-size":["http:\/\/tvalaire.com\/wp-content\/uploads\/2024\/10\/01-3-2-330x190.jpeg",330,190,true],"post-category-slider-size":["http:\/\/tvalaire.com\/wp-content\/uploads\/2024\/10\/01-3-2-330x350.jpeg",330,350,true],"1536x1536":["http:\/\/tvalaire.com\/wp-content\/uploads\/2024\/10\/01-3-2-1536x1022.jpeg",1536,1022,true],"2048x2048":["http:\/\/tvalaire.com\/wp-content\/uploads\/2024\/10\/01-3-2.jpeg",1600,1065,false],"newsium-slider-full":["http:\/\/tvalaire.com\/wp-content\/uploads\/2024\/10\/01-3-2-1280x845.jpeg",1280,845,true],"newsium-featured":["http:\/\/tvalaire.com\/wp-content\/uploads\/2024\/10\/01-3-2-1024x682.jpeg",1024,682,true],"newsium-medium":["http:\/\/tvalaire.com\/wp-content\/uploads\/2024\/10\/01-3-2-720x475.jpeg",720,475,true]},"author_info":{"info":["tvalairenoti"]},"category_info":"<a href=\"http:\/\/tvalaire.com\/?cat=1\" rel=\"category\">La Piedad<\/a>","tag_info":"La Piedad","comment_count":"0","jetpack_featured_media_url":"http:\/\/tvalaire.com\/wp-content\/uploads\/2024\/10\/01-3-2.jpeg","_links":{"self":[{"href":"http:\/\/tvalaire.com\/index.php?rest_route=\/wp\/v2\/posts\/12364"}],"collection":[{"href":"http:\/\/tvalaire.com\/index.php?rest_route=\/wp\/v2\/posts"}],"about":[{"href":"http:\/\/tvalaire.com\/index.php?rest_route=\/wp\/v2\/types\/post"}],"author":[{"embeddable":true,"href":"http:\/\/tvalaire.com\/index.php?rest_route=\/wp\/v2\/users\/1"}],"replies":[{"embeddable":true,"href":"http:\/\/tvalaire.com\/index.php?rest_route=%2Fwp%2Fv2%2Fcomments&post=12364"}],"version-history":[{"count":1,"href":"http:\/\/tvalaire.com\/index.php?rest_route=\/wp\/v2\/posts\/12364\/revisions"}],"predecessor-version":[{"id":12369,"href":"http:\/\/tvalaire.com\/index.php?rest_route=\/wp\/v2\/posts\/12364\/revisions\/12369"}],"wp:featuredmedia":[{"embeddable":true,"href":"http:\/\/tvalaire.com\/index.php?rest_route=\/wp\/v2\/media\/12365"}],"wp:attachment":[{"href":"http:\/\/tvalaire.com\/index.php?rest_route=%2Fwp%2Fv2%2Fmedia&parent=12364"}],"wp:term":[{"taxonomy":"category","embeddable":true,"href":"http:\/\/tvalaire.com\/index.php?rest_route=%2Fwp%2Fv2%2Fcategories&post=12364"},{"taxonomy":"post_tag","embeddable":true,"href":"http:\/\/tvalaire.com\/index.php?rest_route=%2Fwp%2Fv2%2Ftags&post=12364"}],"curies":[{"name":"wp","href":"https:\/\/api.w.org\/{rel}","templated":true}]}}