{"id":12360,"date":"2024-09-27T11:14:33","date_gmt":"2024-09-27T17:14:33","guid":{"rendered":"http:\/\/tvalaire.com\/?p=12360"},"modified":"2024-10-07T11:17:04","modified_gmt":"2024-10-07T17:17:04","slug":"se-inaugurara-teatro-al-aire-libre-en-la-piedad","status":"publish","type":"post","link":"http:\/\/tvalaire.com\/?p=12360","title":{"rendered":"SE INAUGURAR\u00c1 TEATRO AL AIRE LIBRE EN LA PIEDAD"},"content":{"rendered":"\n<p><\/p>\n\n\n\n<ul class=\"wp-block-list\">\n<li><strong>Se tiene previsto el evento se realice el jueves 03 de octubre<\/strong><\/li>\n\n\n\n<li><strong>Estar\u00e1 tambi\u00e9n el Ballet M\u00e9xico Internacional<\/strong><\/li>\n<\/ul>\n\n\n\n<p>El Gobierno Municipal de La Piedad, a trav\u00e9s de la Direcci\u00f3n de Cultura, informa que el evento de inauguraci\u00f3n del Teatro al Aire Libre en el que se ten\u00eda prevista la participaci\u00f3n de la Orquesta de C\u00e1mara del Conservatorio de las Rosas, est\u00e1 previsto para el jueves 03 de octubre.<\/p>\n\n\n\n<p>De acuerdo a lo dado a conocer por las autoridades de la ciudad, la fecha corresponde a las condiciones climatol\u00f3gicas debido al hurac\u00e1n John, que se han presentado en estos d\u00edas y que al decir de la propia CONAGUA continuar\u00e1n durante este fin de semana.<\/p>\n\n\n\n<p>Los organizadores del evento dieron a conocer que para la nueva fecha de inauguraci\u00f3n se tiene previsto que la presentaci\u00f3n del Ballet M\u00e9xico Internacional, del Centro Cultural Atoyac de Yur\u00e9cuaro, inicie en punto de las 18:00 horas.&nbsp;<\/p>\n\n\n\n<p>De igual manera, es de mencionar que, en dicho evento, tambi\u00e9n se tiene prevista la presentaci\u00f3n de la Orquesta del Conservatorio de las Rosas a partir de las 19:00 horas. &nbsp;<\/p>\n\n\n\n<p>Es de mencionar que con este tipo de actividades el Gobierno Municipal que encabeza el alcalde Samuel Hidalgo Gallardo, reafirma su compromiso por seguir impulsando eventos culturales y art\u00edsticos que sean del agrado de la poblaci\u00f3n.<\/p>\n\n\n\n<p>Al mismo tiempo, la meta principal de este nuevo espacio es que sea un punto cultural de encuentro familiar, para todos los piedadenses en donde puedan disfrutar de presentaciones teatrales y danc\u00edsticas de la localidad, la regi\u00f3n y de nivel nacional.<\/p>\n\n\n\n<figure class=\"wp-block-image size-large\"><img loading=\"lazy\" decoding=\"async\" width=\"1024\" height=\"1024\" src=\"http:\/\/tvalaire.com\/wp-content\/uploads\/2024\/10\/WhatsApp-Image-2024-09-27-at-1.54.54-PM-1024x1024.jpeg\" alt=\"\" class=\"wp-image-12362\" srcset=\"http:\/\/tvalaire.com\/wp-content\/uploads\/2024\/10\/WhatsApp-Image-2024-09-27-at-1.54.54-PM-1024x1024.jpeg 1024w, http:\/\/tvalaire.com\/wp-content\/uploads\/2024\/10\/WhatsApp-Image-2024-09-27-at-1.54.54-PM-300x300.jpeg 300w, http:\/\/tvalaire.com\/wp-content\/uploads\/2024\/10\/WhatsApp-Image-2024-09-27-at-1.54.54-PM-150x150.jpeg 150w, http:\/\/tvalaire.com\/wp-content\/uploads\/2024\/10\/WhatsApp-Image-2024-09-27-at-1.54.54-PM-768x768.jpeg 768w, http:\/\/tvalaire.com\/wp-content\/uploads\/2024\/10\/WhatsApp-Image-2024-09-27-at-1.54.54-PM.jpeg 1280w\" sizes=\"(max-width: 1024px) 100vw, 1024px\" \/><\/figure>\n","protected":false},"excerpt":{"rendered":"<p>El Gobierno Municipal de La Piedad, a trav\u00e9s de la Direcci\u00f3n de Cultura, informa que&#8230;<\/p>\n","protected":false},"author":1,"featured_media":12361,"comment_status":"open","ping_status":"open","sticky":false,"template":"","format":"standard","meta":{"jetpack_post_was_ever_published":false,"_jetpack_newsletter_access":"","_jetpack_dont_email_post_to_subs":false,"_jetpack_newsletter_tier_id":0,"_jetpack_memberships_contains_paywalled_content":false,"_jetpack_memberships_contains_paid_content":false,"footnotes":"","jetpack_publicize_message":"","jetpack_publicize_feature_enabled":true,"jetpack_social_post_already_shared":true,"jetpack_social_options":{"image_generator_settings":{"template":"highway","enabled":false},"version":2}},"categories":[1],"tags":[15,36],"class_list":["post-12360","post","type-post","status-publish","format-standard","has-post-thumbnail","hentry","category-la-piedad","tag-la-piedad","tag-principales"],"jetpack_publicize_connections":[],"jetpack_sharing_enabled":true,"featured_image_urls":{"full":["http:\/\/tvalaire.com\/wp-content\/uploads\/2024\/10\/WhatsApp-Image-2024-09-27-at-3.05.55-PM.jpeg",792,621,false],"thumbnail":["http:\/\/tvalaire.com\/wp-content\/uploads\/2024\/10\/WhatsApp-Image-2024-09-27-at-3.05.55-PM-150x150.jpeg",150,150,true],"medium":["http:\/\/tvalaire.com\/wp-content\/uploads\/2024\/10\/WhatsApp-Image-2024-09-27-at-3.05.55-PM-300x235.jpeg",300,235,true],"medium_large":["http:\/\/tvalaire.com\/wp-content\/uploads\/2024\/10\/WhatsApp-Image-2024-09-27-at-3.05.55-PM-768x602.jpeg",640,502,true],"large":["http:\/\/tvalaire.com\/wp-content\/uploads\/2024\/10\/WhatsApp-Image-2024-09-27-at-3.05.55-PM.jpeg",640,502,false],"post-slider-thumb-size":["http:\/\/tvalaire.com\/wp-content\/uploads\/2024\/10\/WhatsApp-Image-2024-09-27-at-3.05.55-PM-330x190.jpeg",330,190,true],"post-category-slider-size":["http:\/\/tvalaire.com\/wp-content\/uploads\/2024\/10\/WhatsApp-Image-2024-09-27-at-3.05.55-PM-330x350.jpeg",330,350,true],"1536x1536":["http:\/\/tvalaire.com\/wp-content\/uploads\/2024\/10\/WhatsApp-Image-2024-09-27-at-3.05.55-PM.jpeg",792,621,false],"2048x2048":["http:\/\/tvalaire.com\/wp-content\/uploads\/2024\/10\/WhatsApp-Image-2024-09-27-at-3.05.55-PM.jpeg",792,621,false],"newsium-slider-full":["http:\/\/tvalaire.com\/wp-content\/uploads\/2024\/10\/WhatsApp-Image-2024-09-27-at-3.05.55-PM.jpeg",792,621,false],"newsium-featured":["http:\/\/tvalaire.com\/wp-content\/uploads\/2024\/10\/WhatsApp-Image-2024-09-27-at-3.05.55-PM.jpeg",792,621,false],"newsium-medium":["http:\/\/tvalaire.com\/wp-content\/uploads\/2024\/10\/WhatsApp-Image-2024-09-27-at-3.05.55-PM-720x475.jpeg",720,475,true]},"author_info":{"info":["tvalairenoti"]},"category_info":"<a href=\"http:\/\/tvalaire.com\/?cat=1\" rel=\"category\">La Piedad<\/a>","tag_info":"La Piedad","comment_count":"0","jetpack_featured_media_url":"http:\/\/tvalaire.com\/wp-content\/uploads\/2024\/10\/WhatsApp-Image-2024-09-27-at-3.05.55-PM.jpeg","_links":{"self":[{"href":"http:\/\/tvalaire.com\/index.php?rest_route=\/wp\/v2\/posts\/12360"}],"collection":[{"href":"http:\/\/tvalaire.com\/index.php?rest_route=\/wp\/v2\/posts"}],"about":[{"href":"http:\/\/tvalaire.com\/index.php?rest_route=\/wp\/v2\/types\/post"}],"author":[{"embeddable":true,"href":"http:\/\/tvalaire.com\/index.php?rest_route=\/wp\/v2\/users\/1"}],"replies":[{"embeddable":true,"href":"http:\/\/tvalaire.com\/index.php?rest_route=%2Fwp%2Fv2%2Fcomments&post=12360"}],"version-history":[{"count":1,"href":"http:\/\/tvalaire.com\/index.php?rest_route=\/wp\/v2\/posts\/12360\/revisions"}],"predecessor-version":[{"id":12363,"href":"http:\/\/tvalaire.com\/index.php?rest_route=\/wp\/v2\/posts\/12360\/revisions\/12363"}],"wp:featuredmedia":[{"embeddable":true,"href":"http:\/\/tvalaire.com\/index.php?rest_route=\/wp\/v2\/media\/12361"}],"wp:attachment":[{"href":"http:\/\/tvalaire.com\/index.php?rest_route=%2Fwp%2Fv2%2Fmedia&parent=12360"}],"wp:term":[{"taxonomy":"category","embeddable":true,"href":"http:\/\/tvalaire.com\/index.php?rest_route=%2Fwp%2Fv2%2Fcategories&post=12360"},{"taxonomy":"post_tag","embeddable":true,"href":"http:\/\/tvalaire.com\/index.php?rest_route=%2Fwp%2Fv2%2Ftags&post=12360"}],"curies":[{"name":"wp","href":"https:\/\/api.w.org\/{rel}","templated":true}]}}