{"id":1236,"date":"2017-04-06T09:43:25","date_gmt":"2017-04-06T14:43:25","guid":{"rendered":"http:\/\/tvalaire.com\/?p=1236"},"modified":"2017-04-06T09:43:25","modified_gmt":"2017-04-06T14:43:25","slug":"instalan-modulo-de-atencion-al-migrante-en-la-central-de-autobuses","status":"publish","type":"post","link":"http:\/\/tvalaire.com\/?p=1236","title":{"rendered":"INSTALAN M\u00d3DULO DE ATENCI\u00d3N AL MIGRANTE EN LA CENTRAL DE AUTOBUSES"},"content":{"rendered":"<p class=\"xmsonormal\" style=\"text-align: center; background: white;\" align=\"center\"><span style=\"font-size: 13.0pt; font-family: 'Arial','sans-serif'; color: #212121;\">\u00a0<\/span><\/p>\n<p class=\"xmsonormal\" style=\"text-align: justify; background: white; font-variant-ligatures: normal; font-variant-caps: normal; orphans: 2; widows: 2; -webkit-text-stroke-width: 0px; text-decoration-style: initial; text-decoration-color: initial; word-spacing: 0px;\"><span style=\"font-size: 13.0pt; font-family: 'Arial','sans-serif'; color: #212121;\">Con el fin de dar la bienvenida a los visitantes durante este periodo de vacaciones de Semana Santa, se reinstal\u00f3 en la Central de Autobuses un m\u00f3dulo de atenci\u00f3n y orientaci\u00f3n del programa \u201cBienvenido paisano\u201d, que ahora se ubicar\u00e1 por el \u00e1rea de la l\u00ednea de transporte, Primera Plus.<\/span><\/p>\n<p class=\"xmsonormal\" style=\"text-align: justify; background: white;\"><span style=\"font-size: 13.0pt; font-family: 'Arial','sans-serif'; color: #212121;\">El objetivo de la reinstalaci\u00f3n de este m\u00f3dulo, es dar la bienvenida a los visitantes que acudir\u00e1n a este municipio durante el periodo vacacional, en el se busca tener un acercamiento con nuestros visitantes para que se les brinde la informaci\u00f3n que requieran y se les de la atenci\u00f3n debida.<\/span><\/p>\n<p class=\"xmsonormal\" style=\"text-align: justify; background: white;\"><span style=\"font-size: 13.0pt; font-family: 'Arial','sans-serif'; color: #212121;\">Benjam\u00edn Ba\u00f1ales Rodr\u00edguez, Oficial Mayor se dirigi\u00f3 a los presentes para manifestar que durante este periodo vacacional que se acerca, esperan la llegada de varios visitantes de distintos puntos del pa\u00eds y de los Estados Unidos, de ah\u00ed que la instrucci\u00f3n sea el convocar a las autoridades de Tr\u00e1nsito Vial y Seguridad P\u00fablica para hacer sentir a nuestros paisanos que llegan a su casa.<\/span><\/p>\n<p class=\"xmsonormal\" style=\"text-align: justify; background: white;\"><span style=\"font-size: 13.0pt; font-family: 'Arial','sans-serif'; color: #212121;\">Para ello pidi\u00f3 crear un ambiente seguro como el que los visitantes se merecen con la finalidad de que vivan estas semanas de vacaciones como debe ser.<\/span><\/p>\n<p class=\"xmsonormal\" style=\"text-align: justify; background: white;\"><span style=\"font-size: 13.0pt; font-family: 'Arial','sans-serif'; color: #212121;\">Por tanto, instruy\u00f3 de manera personal al director de Seguridad P\u00fablica y al Subdirector de Tr\u00e1nsito Vial, para que este periodo contin\u00faen laborando para el buen desempe\u00f1o, as\u00ed como establecer los operativos que contribuyan a bajar los \u00edndices de accidentes en este periodo.<\/span><\/p>\n<p class=\"xmsonormal\" style=\"text-align: justify; background: white;\"><span style=\"font-size: 13.0pt; font-family: 'Arial','sans-serif'; color: #212121;\">Por su parte los Subdirectores de Tr\u00e1nsito y Seguridad P\u00fablica, pidieron a los visitantes acercarse para solicitar la informaci\u00f3n que requieran para llegar a los destinos que hayan elegido y sobre todo, para que se sientan seguros los que vienen a esta ciudad.<\/span><\/p>\n<p class=\"xmsonormal\" style=\"text-align: justify; background: white;\"><span style=\"font-size: 13.0pt; font-family: 'Arial','sans-serif'; color: #212121;\">El acto de apertura del m\u00f3dulo se llev\u00f3 a cabo por la ma\u00f1ana en la Central de Autobuses en donde se cont\u00f3 con la presencia del Oficial Mayor, Benjam\u00edn Ba\u00f1ales Rodr\u00edguez; los regidores, Brenda Orozco Torres, Crisanto Loeza Ru\u00edz y Alejandro Salda\u00f1a Aguilar, as\u00ed como el Subdirector de Tr\u00e1nsito, Roberto Montoya y el subdirector de Seguridad p\u00fablica, Alfredo Lucio R\u00edos Ch\u00e1vez; el director de vinculaci\u00f3n internacional, Reyes Quiroz y la administradora de la central, Isabel Calder\u00f3n.<\/span><\/p>\n","protected":false},"excerpt":{"rendered":"<p>\u00a0 Con el fin de dar la bienvenida a los visitantes durante este periodo de&#8230;<\/p>\n","protected":false},"author":1,"featured_media":1238,"comment_status":"open","ping_status":"open","sticky":false,"template":"","format":"standard","meta":{"jetpack_post_was_ever_published":false,"_jetpack_newsletter_access":"","_jetpack_dont_email_post_to_subs":false,"_jetpack_newsletter_tier_id":0,"_jetpack_memberships_contains_paywalled_content":false,"_jetpack_memberships_contains_paid_content":false,"footnotes":"","jetpack_publicize_message":"","jetpack_publicize_feature_enabled":true,"jetpack_social_post_already_shared":false,"jetpack_social_options":{"image_generator_settings":{"template":"highway","enabled":false},"version":2}},"categories":[1],"tags":[15,36],"class_list":["post-1236","post","type-post","status-publish","format-standard","has-post-thumbnail","hentry","category-la-piedad","tag-la-piedad","tag-principales"],"jetpack_publicize_connections":[],"jetpack_sharing_enabled":true,"featured_image_urls":{"full":["http:\/\/tvalaire.com\/wp-content\/uploads\/2017\/04\/INSTALAN-M\u00d3DULO-DE-ATENCI\u00d3N-AL-MIGRANTE-EN-LA-CENTRAL-DE-AUTOBUSES.jpg",1024,683,false],"thumbnail":["http:\/\/tvalaire.com\/wp-content\/uploads\/2017\/04\/INSTALAN-M\u00d3DULO-DE-ATENCI\u00d3N-AL-MIGRANTE-EN-LA-CENTRAL-DE-AUTOBUSES-150x150.jpg",150,150,true],"medium":["http:\/\/tvalaire.com\/wp-content\/uploads\/2017\/04\/INSTALAN-M\u00d3DULO-DE-ATENCI\u00d3N-AL-MIGRANTE-EN-LA-CENTRAL-DE-AUTOBUSES-300x200.jpg",300,200,true],"medium_large":["http:\/\/tvalaire.com\/wp-content\/uploads\/2017\/04\/INSTALAN-M\u00d3DULO-DE-ATENCI\u00d3N-AL-MIGRANTE-EN-LA-CENTRAL-DE-AUTOBUSES-768x512.jpg",640,427,true],"large":["http:\/\/tvalaire.com\/wp-content\/uploads\/2017\/04\/INSTALAN-M\u00d3DULO-DE-ATENCI\u00d3N-AL-MIGRANTE-EN-LA-CENTRAL-DE-AUTOBUSES-1024x683.jpg",640,427,true],"post-slider-thumb-size":["http:\/\/tvalaire.com\/wp-content\/uploads\/2017\/04\/INSTALAN-M\u00d3DULO-DE-ATENCI\u00d3N-AL-MIGRANTE-EN-LA-CENTRAL-DE-AUTOBUSES.jpg",285,190,false],"post-category-slider-size":["http:\/\/tvalaire.com\/wp-content\/uploads\/2017\/04\/INSTALAN-M\u00d3DULO-DE-ATENCI\u00d3N-AL-MIGRANTE-EN-LA-CENTRAL-DE-AUTOBUSES.jpg",330,220,false],"1536x1536":["http:\/\/tvalaire.com\/wp-content\/uploads\/2017\/04\/INSTALAN-M\u00d3DULO-DE-ATENCI\u00d3N-AL-MIGRANTE-EN-LA-CENTRAL-DE-AUTOBUSES.jpg",1024,683,false],"2048x2048":["http:\/\/tvalaire.com\/wp-content\/uploads\/2017\/04\/INSTALAN-M\u00d3DULO-DE-ATENCI\u00d3N-AL-MIGRANTE-EN-LA-CENTRAL-DE-AUTOBUSES.jpg",1024,683,false],"newsium-slider-full":["http:\/\/tvalaire.com\/wp-content\/uploads\/2017\/04\/INSTALAN-M\u00d3DULO-DE-ATENCI\u00d3N-AL-MIGRANTE-EN-LA-CENTRAL-DE-AUTOBUSES.jpg",1024,683,false],"newsium-featured":["http:\/\/tvalaire.com\/wp-content\/uploads\/2017\/04\/INSTALAN-M\u00d3DULO-DE-ATENCI\u00d3N-AL-MIGRANTE-EN-LA-CENTRAL-DE-AUTOBUSES.jpg",1024,683,false],"newsium-medium":["http:\/\/tvalaire.com\/wp-content\/uploads\/2017\/04\/INSTALAN-M\u00d3DULO-DE-ATENCI\u00d3N-AL-MIGRANTE-EN-LA-CENTRAL-DE-AUTOBUSES.jpg",712,475,false]},"author_info":{"info":["tvalairenoti"]},"category_info":"<a href=\"http:\/\/tvalaire.com\/?cat=1\" rel=\"category\">La Piedad<\/a>","tag_info":"La Piedad","comment_count":"0","jetpack_featured_media_url":"http:\/\/tvalaire.com\/wp-content\/uploads\/2017\/04\/INSTALAN-M\u00d3DULO-DE-ATENCI\u00d3N-AL-MIGRANTE-EN-LA-CENTRAL-DE-AUTOBUSES.jpg","_links":{"self":[{"href":"http:\/\/tvalaire.com\/index.php?rest_route=\/wp\/v2\/posts\/1236"}],"collection":[{"href":"http:\/\/tvalaire.com\/index.php?rest_route=\/wp\/v2\/posts"}],"about":[{"href":"http:\/\/tvalaire.com\/index.php?rest_route=\/wp\/v2\/types\/post"}],"author":[{"embeddable":true,"href":"http:\/\/tvalaire.com\/index.php?rest_route=\/wp\/v2\/users\/1"}],"replies":[{"embeddable":true,"href":"http:\/\/tvalaire.com\/index.php?rest_route=%2Fwp%2Fv2%2Fcomments&post=1236"}],"version-history":[{"count":1,"href":"http:\/\/tvalaire.com\/index.php?rest_route=\/wp\/v2\/posts\/1236\/revisions"}],"predecessor-version":[{"id":1239,"href":"http:\/\/tvalaire.com\/index.php?rest_route=\/wp\/v2\/posts\/1236\/revisions\/1239"}],"wp:featuredmedia":[{"embeddable":true,"href":"http:\/\/tvalaire.com\/index.php?rest_route=\/wp\/v2\/media\/1238"}],"wp:attachment":[{"href":"http:\/\/tvalaire.com\/index.php?rest_route=%2Fwp%2Fv2%2Fmedia&parent=1236"}],"wp:term":[{"taxonomy":"category","embeddable":true,"href":"http:\/\/tvalaire.com\/index.php?rest_route=%2Fwp%2Fv2%2Fcategories&post=1236"},{"taxonomy":"post_tag","embeddable":true,"href":"http:\/\/tvalaire.com\/index.php?rest_route=%2Fwp%2Fv2%2Ftags&post=1236"}],"curies":[{"name":"wp","href":"https:\/\/api.w.org\/{rel}","templated":true}]}}