{"id":12328,"date":"2024-09-27T15:23:23","date_gmt":"2024-09-27T21:23:23","guid":{"rendered":"http:\/\/tvalaire.com\/?p=12328"},"modified":"2024-10-02T15:26:57","modified_gmt":"2024-10-02T21:26:57","slug":"acude-el-diputado-juan-antonio-magana-a-la-inauguracion-de-las-instalaciones-del-cuartel-valladolid","status":"publish","type":"post","link":"http:\/\/tvalaire.com\/?p=12328","title":{"rendered":"ACUDE EL DIPUTADO JUAN ANTONIO MAGA\u00d1A A LA INAUGURACION DE LAS INSTALACIONES DEL CUARTEL VALLADOLID"},"content":{"rendered":"\n<p>El fortalecimiento y capacitaci\u00f3n profesional de los agentes de seguridad es fundamental para generar paz y seguridad en la poblaci\u00f3n, asegur\u00f3 el presidente de la Mesa Directiva del Congreso del Estado, el diputado Juan Antonio Maga\u00f1a de la Mora, quien acudi\u00f3 en representaci\u00f3n del Poder Legislativo a la inauguraci\u00f3n de las instalaciones del Cuartel Valladolid.<\/p>\n\n\n\n<p>En este acto tambi\u00e9n estuvieron presentes, el gobernador de Michoac\u00e1n, Alfredo Ram\u00edrez Bedolla; el Secretario de <a><\/a>Gobierno, Carlos Torres Pi\u00f1a; y el Secretario de Seguridad P\u00fablica, Juan Carlos Oseguera Cort\u00e9s, funcionarios del Ejecutivo Estatal y mandos militares.<\/p>\n\n\n\n<figure class=\"wp-block-image size-full\"><img loading=\"lazy\" decoding=\"async\" width=\"593\" height=\"395\" src=\"http:\/\/tvalaire.com\/wp-content\/uploads\/2024\/10\/461303161_914130264073748_5584382903318870231_n.jpg\" alt=\"\" class=\"wp-image-12333\" srcset=\"http:\/\/tvalaire.com\/wp-content\/uploads\/2024\/10\/461303161_914130264073748_5584382903318870231_n.jpg 593w, http:\/\/tvalaire.com\/wp-content\/uploads\/2024\/10\/461303161_914130264073748_5584382903318870231_n-300x200.jpg 300w\" sizes=\"(max-width: 593px) 100vw, 593px\" \/><\/figure>\n\n\n\n<figure class=\"wp-block-image size-full\"><img loading=\"lazy\" decoding=\"async\" width=\"593\" height=\"395\" src=\"http:\/\/tvalaire.com\/wp-content\/uploads\/2024\/10\/461323757_914130240740417_2359926395109985502_n.jpg\" alt=\"\" class=\"wp-image-12332\" srcset=\"http:\/\/tvalaire.com\/wp-content\/uploads\/2024\/10\/461323757_914130240740417_2359926395109985502_n.jpg 593w, http:\/\/tvalaire.com\/wp-content\/uploads\/2024\/10\/461323757_914130240740417_2359926395109985502_n-300x200.jpg 300w\" sizes=\"(max-width: 593px) 100vw, 593px\" \/><\/figure>\n\n\n\n<figure class=\"wp-block-image size-full\"><img loading=\"lazy\" decoding=\"async\" width=\"593\" height=\"395\" src=\"http:\/\/tvalaire.com\/wp-content\/uploads\/2024\/10\/461430418_914130214073753_8790235217568775773_n.jpg\" alt=\"\" class=\"wp-image-12330\" srcset=\"http:\/\/tvalaire.com\/wp-content\/uploads\/2024\/10\/461430418_914130214073753_8790235217568775773_n.jpg 593w, http:\/\/tvalaire.com\/wp-content\/uploads\/2024\/10\/461430418_914130214073753_8790235217568775773_n-300x200.jpg 300w\" sizes=\"(max-width: 593px) 100vw, 593px\" \/><\/figure>\n","protected":false},"excerpt":{"rendered":"<p>El fortalecimiento y capacitaci\u00f3n profesional de los agentes de seguridad es fundamental para generar paz&#8230;<\/p>\n","protected":false},"author":1,"featured_media":12331,"comment_status":"open","ping_status":"open","sticky":false,"template":"","format":"standard","meta":{"jetpack_post_was_ever_published":false,"_jetpack_newsletter_access":"","_jetpack_dont_email_post_to_subs":false,"_jetpack_newsletter_tier_id":0,"_jetpack_memberships_contains_paywalled_content":false,"_jetpack_memberships_contains_paid_content":false,"footnotes":"","jetpack_publicize_message":"","jetpack_publicize_feature_enabled":false,"jetpack_social_post_already_shared":false,"jetpack_social_options":{"image_generator_settings":{"template":"highway","enabled":false},"version":2}},"categories":[35],"tags":[],"class_list":["post-12328","post","type-post","status-publish","format-standard","has-post-thumbnail","hentry","category-principales"],"jetpack_publicize_connections":[],"jetpack_sharing_enabled":true,"featured_image_urls":{"full":["http:\/\/tvalaire.com\/wp-content\/uploads\/2024\/10\/461546265_914130284073746_1433898714821735139_n.jpg",593,395,false],"thumbnail":["http:\/\/tvalaire.com\/wp-content\/uploads\/2024\/10\/461546265_914130284073746_1433898714821735139_n-150x150.jpg",150,150,true],"medium":["http:\/\/tvalaire.com\/wp-content\/uploads\/2024\/10\/461546265_914130284073746_1433898714821735139_n-300x200.jpg",300,200,true],"medium_large":["http:\/\/tvalaire.com\/wp-content\/uploads\/2024\/10\/461546265_914130284073746_1433898714821735139_n.jpg",593,395,false],"large":["http:\/\/tvalaire.com\/wp-content\/uploads\/2024\/10\/461546265_914130284073746_1433898714821735139_n.jpg",593,395,false],"post-slider-thumb-size":["http:\/\/tvalaire.com\/wp-content\/uploads\/2024\/10\/461546265_914130284073746_1433898714821735139_n-330x190.jpg",330,190,true],"post-category-slider-size":["http:\/\/tvalaire.com\/wp-content\/uploads\/2024\/10\/461546265_914130284073746_1433898714821735139_n-330x350.jpg",330,350,true],"1536x1536":["http:\/\/tvalaire.com\/wp-content\/uploads\/2024\/10\/461546265_914130284073746_1433898714821735139_n.jpg",593,395,false],"2048x2048":["http:\/\/tvalaire.com\/wp-content\/uploads\/2024\/10\/461546265_914130284073746_1433898714821735139_n.jpg",593,395,false],"newsium-slider-full":["http:\/\/tvalaire.com\/wp-content\/uploads\/2024\/10\/461546265_914130284073746_1433898714821735139_n.jpg",593,395,false],"newsium-featured":["http:\/\/tvalaire.com\/wp-content\/uploads\/2024\/10\/461546265_914130284073746_1433898714821735139_n.jpg",593,395,false],"newsium-medium":["http:\/\/tvalaire.com\/wp-content\/uploads\/2024\/10\/461546265_914130284073746_1433898714821735139_n.jpg",593,395,false]},"author_info":{"info":["tvalairenoti"]},"category_info":"<a href=\"http:\/\/tvalaire.com\/?cat=35\" rel=\"category\">Principales<\/a>","tag_info":"Principales","comment_count":"0","jetpack_featured_media_url":"http:\/\/tvalaire.com\/wp-content\/uploads\/2024\/10\/461546265_914130284073746_1433898714821735139_n.jpg","_links":{"self":[{"href":"http:\/\/tvalaire.com\/index.php?rest_route=\/wp\/v2\/posts\/12328"}],"collection":[{"href":"http:\/\/tvalaire.com\/index.php?rest_route=\/wp\/v2\/posts"}],"about":[{"href":"http:\/\/tvalaire.com\/index.php?rest_route=\/wp\/v2\/types\/post"}],"author":[{"embeddable":true,"href":"http:\/\/tvalaire.com\/index.php?rest_route=\/wp\/v2\/users\/1"}],"replies":[{"embeddable":true,"href":"http:\/\/tvalaire.com\/index.php?rest_route=%2Fwp%2Fv2%2Fcomments&post=12328"}],"version-history":[{"count":1,"href":"http:\/\/tvalaire.com\/index.php?rest_route=\/wp\/v2\/posts\/12328\/revisions"}],"predecessor-version":[{"id":12334,"href":"http:\/\/tvalaire.com\/index.php?rest_route=\/wp\/v2\/posts\/12328\/revisions\/12334"}],"wp:featuredmedia":[{"embeddable":true,"href":"http:\/\/tvalaire.com\/index.php?rest_route=\/wp\/v2\/media\/12331"}],"wp:attachment":[{"href":"http:\/\/tvalaire.com\/index.php?rest_route=%2Fwp%2Fv2%2Fmedia&parent=12328"}],"wp:term":[{"taxonomy":"category","embeddable":true,"href":"http:\/\/tvalaire.com\/index.php?rest_route=%2Fwp%2Fv2%2Fcategories&post=12328"},{"taxonomy":"post_tag","embeddable":true,"href":"http:\/\/tvalaire.com\/index.php?rest_route=%2Fwp%2Fv2%2Ftags&post=12328"}],"curies":[{"name":"wp","href":"https:\/\/api.w.org\/{rel}","templated":true}]}}