{"id":12275,"date":"2024-08-07T08:52:33","date_gmt":"2024-08-07T14:52:33","guid":{"rendered":"http:\/\/tvalaire.com\/?p=12275"},"modified":"2024-09-03T08:53:39","modified_gmt":"2024-09-03T14:53:39","slug":"invitan-a-mujeres-a-capacitarse-en-oficios-de-carpinteria-y-mecanica","status":"publish","type":"post","link":"http:\/\/tvalaire.com\/?p=12275","title":{"rendered":"INVITAN A MUJERES A CAPACITARSE EN OFICIOS DE CARPINTER\u00cdA Y MEC\u00c1NICA"},"content":{"rendered":"\n<p><\/p>\n\n\n\n<ul class=\"wp-block-list\">\n<li><strong>Informaci\u00f3n en el 352 52 278 52 del Instituto de la Mujer<\/strong><\/li>\n\n\n\n<li><strong>Se busca fomentar la autonom\u00eda econ\u00f3mica de este sector<\/strong><\/li>\n<\/ul>\n\n\n\n<p>Con la intenci\u00f3n de ofrecer una opci\u00f3n de desarrollo personal, el Gobierno Municipal de La Piedad, a trav\u00e9s del Instituto de la Mujer (IMM) y en colaboraci\u00f3n con PROABIM, invita a los talleres de certificaci\u00f3n en carpinter\u00eda y mec\u00e1nica de emergencia.<\/p>\n\n\n\n<p>Con la informaci\u00f3n proporcionada por la responsable del IMM en la ciudad, Claudia Buenrostro D\u00edaz, coment\u00f3 que el d\u00eda de hoy concluy\u00f3 el curso de primer nivel de Introducci\u00f3n a la Carpinter\u00eda, el cual dur\u00f3 cuatro d\u00edas dirigido a 18 participantes.<\/p>\n\n\n\n<p>Buenrostro D\u00edaz, se\u00f1al\u00f3 que las capacitaciones tienen el principal objetivo de contribuir con la prevenci\u00f3n de riesgos psicosociales y fomentar en la mujer la autonom\u00eda econ\u00f3mica.<\/p>\n\n\n\n<p>En este sentido, la funcionaria agreg\u00f3 que estas acciones buscan tambi\u00e9n la participaci\u00f3n activa de las mujeres piedadenses y de alguna manera puedan participar en el aprendizaje de oficios no tradicionales del g\u00e9nero. &nbsp;&nbsp;<\/p>\n\n\n\n<p>Al mismo tiempo, se\u00f1al\u00f3 que en breve se estar\u00e1 iniciando con otro nivel en el curso de Carpinter\u00eda B\u00e1sica y los interesados pueden solicitar toda la informaci\u00f3n en el tel\u00e9fono 352 52 278 52 o bien, visitar la oficina del IMM en Mariano Jim\u00e9nez #115 de la zona centro para hacer su registro.<\/p>\n\n\n\n<p>De igual manera la funcionaria, extendi\u00f3 una invitaci\u00f3n a la poblaci\u00f3n de 14 a\u00f1os en adelante para que aprovechen la oportunidad y se inscriban tambi\u00e9n al curso de mec\u00e1nica de emergencia a partir del 16 al 21 de este mes. &nbsp;<\/p>\n\n\n\n<figure class=\"wp-block-image size-large\"><img loading=\"lazy\" decoding=\"async\" width=\"1024\" height=\"682\" src=\"http:\/\/tvalaire.com\/wp-content\/uploads\/2024\/09\/01-1-2-1024x682.jpeg\" alt=\"\" class=\"wp-image-12277\" srcset=\"http:\/\/tvalaire.com\/wp-content\/uploads\/2024\/09\/01-1-2-1024x682.jpeg 1024w, http:\/\/tvalaire.com\/wp-content\/uploads\/2024\/09\/01-1-2-300x200.jpeg 300w, http:\/\/tvalaire.com\/wp-content\/uploads\/2024\/09\/01-1-2-768x512.jpeg 768w, http:\/\/tvalaire.com\/wp-content\/uploads\/2024\/09\/01-1-2.jpeg 1280w\" sizes=\"(max-width: 1024px) 100vw, 1024px\" \/><\/figure>\n\n\n\n<figure class=\"wp-block-image size-large\"><img loading=\"lazy\" decoding=\"async\" width=\"1024\" height=\"682\" src=\"http:\/\/tvalaire.com\/wp-content\/uploads\/2024\/09\/01-3-1-1024x682.jpeg\" alt=\"\" class=\"wp-image-12278\" srcset=\"http:\/\/tvalaire.com\/wp-content\/uploads\/2024\/09\/01-3-1-1024x682.jpeg 1024w, http:\/\/tvalaire.com\/wp-content\/uploads\/2024\/09\/01-3-1-300x200.jpeg 300w, http:\/\/tvalaire.com\/wp-content\/uploads\/2024\/09\/01-3-1-768x512.jpeg 768w, http:\/\/tvalaire.com\/wp-content\/uploads\/2024\/09\/01-3-1.jpeg 1280w\" sizes=\"(max-width: 1024px) 100vw, 1024px\" \/><\/figure>\n","protected":false},"excerpt":{"rendered":"<p>Con la intenci\u00f3n de ofrecer una opci\u00f3n de desarrollo personal, el Gobierno Municipal de La&#8230;<\/p>\n","protected":false},"author":1,"featured_media":12276,"comment_status":"open","ping_status":"open","sticky":false,"template":"","format":"standard","meta":{"jetpack_post_was_ever_published":false,"_jetpack_newsletter_access":"","_jetpack_dont_email_post_to_subs":false,"_jetpack_newsletter_tier_id":0,"_jetpack_memberships_contains_paywalled_content":false,"_jetpack_memberships_contains_paid_content":false,"footnotes":"","jetpack_publicize_message":"","jetpack_publicize_feature_enabled":true,"jetpack_social_post_already_shared":true,"jetpack_social_options":{"image_generator_settings":{"template":"highway","enabled":false},"version":2}},"categories":[1],"tags":[15,36],"class_list":["post-12275","post","type-post","status-publish","format-standard","has-post-thumbnail","hentry","category-la-piedad","tag-la-piedad","tag-principales"],"jetpack_publicize_connections":[],"jetpack_sharing_enabled":true,"featured_image_urls":{"full":["http:\/\/tvalaire.com\/wp-content\/uploads\/2024\/09\/01-5-1.jpeg",1280,853,false],"thumbnail":["http:\/\/tvalaire.com\/wp-content\/uploads\/2024\/09\/01-5-1-150x150.jpeg",150,150,true],"medium":["http:\/\/tvalaire.com\/wp-content\/uploads\/2024\/09\/01-5-1-300x200.jpeg",300,200,true],"medium_large":["http:\/\/tvalaire.com\/wp-content\/uploads\/2024\/09\/01-5-1-768x512.jpeg",640,427,true],"large":["http:\/\/tvalaire.com\/wp-content\/uploads\/2024\/09\/01-5-1-1024x682.jpeg",640,426,true],"post-slider-thumb-size":["http:\/\/tvalaire.com\/wp-content\/uploads\/2024\/09\/01-5-1-330x190.jpeg",330,190,true],"post-category-slider-size":["http:\/\/tvalaire.com\/wp-content\/uploads\/2024\/09\/01-5-1.jpeg",330,220,false],"1536x1536":["http:\/\/tvalaire.com\/wp-content\/uploads\/2024\/09\/01-5-1.jpeg",1280,853,false],"2048x2048":["http:\/\/tvalaire.com\/wp-content\/uploads\/2024\/09\/01-5-1.jpeg",1280,853,false],"newsium-slider-full":["http:\/\/tvalaire.com\/wp-content\/uploads\/2024\/09\/01-5-1-1280x845.jpeg",1280,845,true],"newsium-featured":["http:\/\/tvalaire.com\/wp-content\/uploads\/2024\/09\/01-5-1-1024x682.jpeg",1024,682,true],"newsium-medium":["http:\/\/tvalaire.com\/wp-content\/uploads\/2024\/09\/01-5-1-720x475.jpeg",720,475,true]},"author_info":{"info":["tvalairenoti"]},"category_info":"<a href=\"http:\/\/tvalaire.com\/?cat=1\" rel=\"category\">La Piedad<\/a>","tag_info":"La Piedad","comment_count":"0","jetpack_featured_media_url":"http:\/\/tvalaire.com\/wp-content\/uploads\/2024\/09\/01-5-1.jpeg","_links":{"self":[{"href":"http:\/\/tvalaire.com\/index.php?rest_route=\/wp\/v2\/posts\/12275"}],"collection":[{"href":"http:\/\/tvalaire.com\/index.php?rest_route=\/wp\/v2\/posts"}],"about":[{"href":"http:\/\/tvalaire.com\/index.php?rest_route=\/wp\/v2\/types\/post"}],"author":[{"embeddable":true,"href":"http:\/\/tvalaire.com\/index.php?rest_route=\/wp\/v2\/users\/1"}],"replies":[{"embeddable":true,"href":"http:\/\/tvalaire.com\/index.php?rest_route=%2Fwp%2Fv2%2Fcomments&post=12275"}],"version-history":[{"count":1,"href":"http:\/\/tvalaire.com\/index.php?rest_route=\/wp\/v2\/posts\/12275\/revisions"}],"predecessor-version":[{"id":12279,"href":"http:\/\/tvalaire.com\/index.php?rest_route=\/wp\/v2\/posts\/12275\/revisions\/12279"}],"wp:featuredmedia":[{"embeddable":true,"href":"http:\/\/tvalaire.com\/index.php?rest_route=\/wp\/v2\/media\/12276"}],"wp:attachment":[{"href":"http:\/\/tvalaire.com\/index.php?rest_route=%2Fwp%2Fv2%2Fmedia&parent=12275"}],"wp:term":[{"taxonomy":"category","embeddable":true,"href":"http:\/\/tvalaire.com\/index.php?rest_route=%2Fwp%2Fv2%2Fcategories&post=12275"},{"taxonomy":"post_tag","embeddable":true,"href":"http:\/\/tvalaire.com\/index.php?rest_route=%2Fwp%2Fv2%2Ftags&post=12275"}],"curies":[{"name":"wp","href":"https:\/\/api.w.org\/{rel}","templated":true}]}}