{"id":12265,"date":"2024-08-19T08:48:45","date_gmt":"2024-08-19T14:48:45","guid":{"rendered":"http:\/\/tvalaire.com\/?p=12265"},"modified":"2024-09-03T08:50:23","modified_gmt":"2024-09-03T14:50:23","slug":"gobierno-municipal-atiende-a-afectados-por-lluvia","status":"publish","type":"post","link":"http:\/\/tvalaire.com\/?p=12265","title":{"rendered":"GOBIERNO MUNICIPAL ATIENDE A AFECTADOS POR LLUVIA"},"content":{"rendered":"\n<p><\/p>\n\n\n\n<ul class=\"wp-block-list\">\n<li><strong>Alcalde Samuel Hidalgo, realiza recorrido para evaluar afectaciones<\/strong><\/li>\n\n\n\n<li><strong>Desarrollo Social y DIF ya trabajan para apoyar a las familias<\/strong><\/li>\n<\/ul>\n\n\n\n<p>Autoridades municipales de La Piedad, encabezadas por el alcalde Samuel Hidalgo Gallardo, con compa\u00f1\u00eda de los integrantes del Consejo de Protecci\u00f3n Civil, despu\u00e9s de la lluvia del s\u00e1bado por la tarde, realizaron un recorrido por zonas que se vieron afectadas.<\/p>\n\n\n\n<div class=\"wp-block-group is-nowrap is-layout-flex wp-container-core-group-is-layout-1 wp-block-group-is-layout-flex\">\n<p>Durante la supervisi\u00f3n que se realiz\u00f3, el presidente Samuel Hidalgo, instruy\u00f3 a la Direcci\u00f3n de Desarrollo Social, permanecer pendiente de la poblaci\u00f3n de Infonavit \u201cDr. Miguel Silva\u201d, Colonia L\u00e1zaro C\u00e1rdenas, comunidad de Ojo de Agua y San Crist\u00f3bal, que fueron afectadas por el fen\u00f3meno metereol\u00f3gico para que en medida de lo posible se le pueda ayudar.<\/p>\n\n\n\n<figure class=\"wp-block-image size-large is-resized\"><img loading=\"lazy\" decoding=\"async\" width=\"1024\" height=\"682\" src=\"http:\/\/tvalaire.com\/wp-content\/uploads\/2024\/09\/WhatsApp-Image-2024-08-19-at-4.00.16-PM-1-1024x682.jpeg\" alt=\"\" class=\"wp-image-12267\" style=\"width:554px;height:auto\" srcset=\"http:\/\/tvalaire.com\/wp-content\/uploads\/2024\/09\/WhatsApp-Image-2024-08-19-at-4.00.16-PM-1-1024x682.jpeg 1024w, http:\/\/tvalaire.com\/wp-content\/uploads\/2024\/09\/WhatsApp-Image-2024-08-19-at-4.00.16-PM-1-300x200.jpeg 300w, http:\/\/tvalaire.com\/wp-content\/uploads\/2024\/09\/WhatsApp-Image-2024-08-19-at-4.00.16-PM-1-768x512.jpeg 768w, http:\/\/tvalaire.com\/wp-content\/uploads\/2024\/09\/WhatsApp-Image-2024-08-19-at-4.00.16-PM-1.jpeg 1280w\" sizes=\"(max-width: 1024px) 100vw, 1024px\" \/><\/figure>\n<\/div>\n\n\n\n<p>Personal de la oficina de Desarrollo Social, de momento ha realizado un censo en las casas afectadas en la colonia L\u00e1zaro C\u00e1rdenas y Dr. Miguel Silva y la calle Emiliano Zapata de la colonia Tres Estrellas, en donde se han entregado cobijas, colchonetas y despensas a 20 familias que se vieron afectadas.<\/p>\n\n\n\n<p>De igual manera, solicit\u00f3 al Sistema DIF, acudir a los lugares y acercarse con las familias y poblaci\u00f3n para ofrecerles apoyo alimentario a quienes por la copiosa lluvia fueron afectados en algunas colonias y comunidades del municipio.<\/p>\n\n\n\n<p>Al mismo tiempo, el Presidente subray\u00f3 que el Consejo de Protecci\u00f3n Civil, que est\u00e1 integrado por instituciones de auxilio, asistencia y rescate, dependencias de Gobierno y otras instituciones sigue en sesi\u00f3n permanente para revisar, valorar y atender de manera oportuna a la ciudadan\u00eda.&nbsp;<\/p>\n\n\n\n<p>Protecci\u00f3n Civil Municipal, en cuanto a los hechos mencion\u00f3 que fueron 65 mil\u00edmetros por metro c\u00fabico los que cayeron en la lluvia del pasado s\u00e1bado y solicit\u00f3 a la poblaci\u00f3n mantenerse pendiente ya que se pronostican lluvias para los siguientes dos d\u00edas.<\/p>\n\n\n\n<figure class=\"wp-block-image size-large\"><img loading=\"lazy\" decoding=\"async\" width=\"1024\" height=\"682\" src=\"http:\/\/tvalaire.com\/wp-content\/uploads\/2024\/09\/WhatsApp-Image-2024-08-19-at-4.01.15-PM-1-1024x682.jpeg\" alt=\"\" class=\"wp-image-12268\" srcset=\"http:\/\/tvalaire.com\/wp-content\/uploads\/2024\/09\/WhatsApp-Image-2024-08-19-at-4.01.15-PM-1-1024x682.jpeg 1024w, http:\/\/tvalaire.com\/wp-content\/uploads\/2024\/09\/WhatsApp-Image-2024-08-19-at-4.01.15-PM-1-300x200.jpeg 300w, http:\/\/tvalaire.com\/wp-content\/uploads\/2024\/09\/WhatsApp-Image-2024-08-19-at-4.01.15-PM-1-768x512.jpeg 768w, http:\/\/tvalaire.com\/wp-content\/uploads\/2024\/09\/WhatsApp-Image-2024-08-19-at-4.01.15-PM-1.jpeg 1280w\" sizes=\"(max-width: 1024px) 100vw, 1024px\" \/><\/figure>\n","protected":false},"excerpt":{"rendered":"<p>Autoridades municipales de La Piedad, encabezadas por el alcalde Samuel Hidalgo Gallardo, con compa\u00f1\u00eda de&#8230;<\/p>\n","protected":false},"author":1,"featured_media":12266,"comment_status":"open","ping_status":"open","sticky":false,"template":"","format":"standard","meta":{"jetpack_post_was_ever_published":false,"_jetpack_newsletter_access":"","_jetpack_dont_email_post_to_subs":false,"_jetpack_newsletter_tier_id":0,"_jetpack_memberships_contains_paywalled_content":false,"_jetpack_memberships_contains_paid_content":false,"footnotes":"","jetpack_publicize_message":"","jetpack_publicize_feature_enabled":true,"jetpack_social_post_already_shared":true,"jetpack_social_options":{"image_generator_settings":{"template":"highway","enabled":false},"version":2}},"categories":[1],"tags":[15,36],"class_list":["post-12265","post","type-post","status-publish","format-standard","has-post-thumbnail","hentry","category-la-piedad","tag-la-piedad","tag-principales"],"jetpack_publicize_connections":[],"jetpack_sharing_enabled":true,"featured_image_urls":{"full":["http:\/\/tvalaire.com\/wp-content\/uploads\/2024\/09\/WhatsApp-Image-2024-08-19-at-4.00.16-PM-2.jpeg",1280,853,false],"thumbnail":["http:\/\/tvalaire.com\/wp-content\/uploads\/2024\/09\/WhatsApp-Image-2024-08-19-at-4.00.16-PM-2-150x150.jpeg",150,150,true],"medium":["http:\/\/tvalaire.com\/wp-content\/uploads\/2024\/09\/WhatsApp-Image-2024-08-19-at-4.00.16-PM-2-300x200.jpeg",300,200,true],"medium_large":["http:\/\/tvalaire.com\/wp-content\/uploads\/2024\/09\/WhatsApp-Image-2024-08-19-at-4.00.16-PM-2-768x512.jpeg",640,427,true],"large":["http:\/\/tvalaire.com\/wp-content\/uploads\/2024\/09\/WhatsApp-Image-2024-08-19-at-4.00.16-PM-2-1024x682.jpeg",640,426,true],"post-slider-thumb-size":["http:\/\/tvalaire.com\/wp-content\/uploads\/2024\/09\/WhatsApp-Image-2024-08-19-at-4.00.16-PM-2-330x190.jpeg",330,190,true],"post-category-slider-size":["http:\/\/tvalaire.com\/wp-content\/uploads\/2024\/09\/WhatsApp-Image-2024-08-19-at-4.00.16-PM-2.jpeg",330,220,false],"1536x1536":["http:\/\/tvalaire.com\/wp-content\/uploads\/2024\/09\/WhatsApp-Image-2024-08-19-at-4.00.16-PM-2.jpeg",1280,853,false],"2048x2048":["http:\/\/tvalaire.com\/wp-content\/uploads\/2024\/09\/WhatsApp-Image-2024-08-19-at-4.00.16-PM-2.jpeg",1280,853,false],"newsium-slider-full":["http:\/\/tvalaire.com\/wp-content\/uploads\/2024\/09\/WhatsApp-Image-2024-08-19-at-4.00.16-PM-2-1280x845.jpeg",1280,845,true],"newsium-featured":["http:\/\/tvalaire.com\/wp-content\/uploads\/2024\/09\/WhatsApp-Image-2024-08-19-at-4.00.16-PM-2-1024x682.jpeg",1024,682,true],"newsium-medium":["http:\/\/tvalaire.com\/wp-content\/uploads\/2024\/09\/WhatsApp-Image-2024-08-19-at-4.00.16-PM-2-720x475.jpeg",720,475,true]},"author_info":{"info":["tvalairenoti"]},"category_info":"<a href=\"http:\/\/tvalaire.com\/?cat=1\" rel=\"category\">La Piedad<\/a>","tag_info":"La Piedad","comment_count":"0","jetpack_featured_media_url":"http:\/\/tvalaire.com\/wp-content\/uploads\/2024\/09\/WhatsApp-Image-2024-08-19-at-4.00.16-PM-2.jpeg","_links":{"self":[{"href":"http:\/\/tvalaire.com\/index.php?rest_route=\/wp\/v2\/posts\/12265"}],"collection":[{"href":"http:\/\/tvalaire.com\/index.php?rest_route=\/wp\/v2\/posts"}],"about":[{"href":"http:\/\/tvalaire.com\/index.php?rest_route=\/wp\/v2\/types\/post"}],"author":[{"embeddable":true,"href":"http:\/\/tvalaire.com\/index.php?rest_route=\/wp\/v2\/users\/1"}],"replies":[{"embeddable":true,"href":"http:\/\/tvalaire.com\/index.php?rest_route=%2Fwp%2Fv2%2Fcomments&post=12265"}],"version-history":[{"count":1,"href":"http:\/\/tvalaire.com\/index.php?rest_route=\/wp\/v2\/posts\/12265\/revisions"}],"predecessor-version":[{"id":12269,"href":"http:\/\/tvalaire.com\/index.php?rest_route=\/wp\/v2\/posts\/12265\/revisions\/12269"}],"wp:featuredmedia":[{"embeddable":true,"href":"http:\/\/tvalaire.com\/index.php?rest_route=\/wp\/v2\/media\/12266"}],"wp:attachment":[{"href":"http:\/\/tvalaire.com\/index.php?rest_route=%2Fwp%2Fv2%2Fmedia&parent=12265"}],"wp:term":[{"taxonomy":"category","embeddable":true,"href":"http:\/\/tvalaire.com\/index.php?rest_route=%2Fwp%2Fv2%2Fcategories&post=12265"},{"taxonomy":"post_tag","embeddable":true,"href":"http:\/\/tvalaire.com\/index.php?rest_route=%2Fwp%2Fv2%2Ftags&post=12265"}],"curies":[{"name":"wp","href":"https:\/\/api.w.org\/{rel}","templated":true}]}}