{"id":12260,"date":"2024-08-23T08:47:14","date_gmt":"2024-08-23T14:47:14","guid":{"rendered":"http:\/\/tvalaire.com\/?p=12260"},"modified":"2024-09-03T08:48:29","modified_gmt":"2024-09-03T14:48:29","slug":"entregan-apoyos-para-el-sector-porcicola-de-la-piedad","status":"publish","type":"post","link":"http:\/\/tvalaire.com\/?p=12260","title":{"rendered":"ENTREGAN APOYOS PARA EL SECTOR PORC\u00cdCOLA DE LA PIEDAD"},"content":{"rendered":"\n<p><\/p>\n\n\n\n<ul class=\"wp-block-list\">\n<li><strong>Se trata de vientres de calidad que reforzar\u00e1n la gen\u00e9tica porcina<\/strong><\/li>\n\n\n\n<li><strong>Los resultados ser\u00e1n para la econom\u00eda de los productores<\/strong><\/li>\n<\/ul>\n\n\n\n<p>A trav\u00e9s de la Direcci\u00f3n de Fomento Agropecuario el Gobierno Municipal de La Piedad, llev\u00f3 a cabo el inicio del programa Mejoramiento Gen\u00e9tico Porcino. Con la idea de impulsar el desarrollo econ\u00f3mico de los porcicultores del municipio.<\/p>\n\n\n\n<p>Durante el evento, el presidente Samuel Hidalgo Gallardo, se\u00f1al\u00f3 que con estas acciones se busca reforzar y mejorar la gen\u00e9tica porcina local y al mismo tiempo se puedan obtener mejores resultados en la producci\u00f3n reproductiva de este tipo de ganado.<\/p>\n\n\n\n<p>Ah\u00ed, el alcalde Hidalgo Gallardo, destac\u00f3 la colaboraci\u00f3n tripartita en la que colabora el municipio y el estado por medio de la Secretar\u00eda de Agricultura y Desarrollo Social (SADER) con el 50 por ciento, y el resto por parte de los productores para que de esta manera se pueda realizar dicho proyecto. &nbsp;<\/p>\n\n\n\n<p>Es de mencionar que para esta ocasi\u00f3n se hizo la entrega de 32 vientres que son para criar lechones y comercializar con un alto nivel de gen\u00e9tica por lo que no se tiene duda de que los resultados ser\u00e1n favorables en la econom\u00eda de los porcicultores, as\u00ed como del propio municipio.<\/p>\n\n\n\n<p>El representante de los productores porc\u00edcolas en la localidad Jes\u00fas P\u00e9rez Berber, reconoci\u00f3 en las autoridades municipales la gesti\u00f3n para que se pudieran obtener este tipo de apoyos, pues, destac\u00f3 que desde hace varios a\u00f1os este sector no se ve\u00eda favorecido con estas acciones.<\/p>\n\n\n\n<figure class=\"wp-block-image size-large\"><img loading=\"lazy\" decoding=\"async\" width=\"1024\" height=\"682\" src=\"http:\/\/tvalaire.com\/wp-content\/uploads\/2024\/09\/01-2-1-1024x682.jpeg\" alt=\"\" class=\"wp-image-12262\" srcset=\"http:\/\/tvalaire.com\/wp-content\/uploads\/2024\/09\/01-2-1-1024x682.jpeg 1024w, http:\/\/tvalaire.com\/wp-content\/uploads\/2024\/09\/01-2-1-300x200.jpeg 300w, http:\/\/tvalaire.com\/wp-content\/uploads\/2024\/09\/01-2-1-768x512.jpeg 768w, http:\/\/tvalaire.com\/wp-content\/uploads\/2024\/09\/01-2-1.jpeg 1280w\" sizes=\"(max-width: 1024px) 100vw, 1024px\" \/><\/figure>\n\n\n\n<figure class=\"wp-block-image size-large\"><img loading=\"lazy\" decoding=\"async\" width=\"1024\" height=\"682\" src=\"http:\/\/tvalaire.com\/wp-content\/uploads\/2024\/09\/01-4-1-1024x682.jpeg\" alt=\"\" class=\"wp-image-12263\" srcset=\"http:\/\/tvalaire.com\/wp-content\/uploads\/2024\/09\/01-4-1-1024x682.jpeg 1024w, http:\/\/tvalaire.com\/wp-content\/uploads\/2024\/09\/01-4-1-300x200.jpeg 300w, http:\/\/tvalaire.com\/wp-content\/uploads\/2024\/09\/01-4-1-768x512.jpeg 768w, http:\/\/tvalaire.com\/wp-content\/uploads\/2024\/09\/01-4-1.jpeg 1280w\" sizes=\"(max-width: 1024px) 100vw, 1024px\" \/><\/figure>\n","protected":false},"excerpt":{"rendered":"<p>A trav\u00e9s de la Direcci\u00f3n de Fomento Agropecuario el Gobierno Municipal de La Piedad, llev\u00f3&#8230;<\/p>\n","protected":false},"author":1,"featured_media":12261,"comment_status":"open","ping_status":"open","sticky":false,"template":"","format":"standard","meta":{"jetpack_post_was_ever_published":false,"_jetpack_newsletter_access":"","_jetpack_dont_email_post_to_subs":false,"_jetpack_newsletter_tier_id":0,"_jetpack_memberships_contains_paywalled_content":false,"_jetpack_memberships_contains_paid_content":false,"footnotes":"","jetpack_publicize_message":"","jetpack_publicize_feature_enabled":true,"jetpack_social_post_already_shared":true,"jetpack_social_options":{"image_generator_settings":{"template":"highway","enabled":false},"version":2}},"categories":[1],"tags":[15,36],"class_list":["post-12260","post","type-post","status-publish","format-standard","has-post-thumbnail","hentry","category-la-piedad","tag-la-piedad","tag-principales"],"jetpack_publicize_connections":[],"jetpack_sharing_enabled":true,"featured_image_urls":{"full":["http:\/\/tvalaire.com\/wp-content\/uploads\/2024\/09\/01-1-1.jpeg",1280,853,false],"thumbnail":["http:\/\/tvalaire.com\/wp-content\/uploads\/2024\/09\/01-1-1-150x150.jpeg",150,150,true],"medium":["http:\/\/tvalaire.com\/wp-content\/uploads\/2024\/09\/01-1-1-300x200.jpeg",300,200,true],"medium_large":["http:\/\/tvalaire.com\/wp-content\/uploads\/2024\/09\/01-1-1-768x512.jpeg",640,427,true],"large":["http:\/\/tvalaire.com\/wp-content\/uploads\/2024\/09\/01-1-1-1024x682.jpeg",640,426,true],"post-slider-thumb-size":["http:\/\/tvalaire.com\/wp-content\/uploads\/2024\/09\/01-1-1-330x190.jpeg",330,190,true],"post-category-slider-size":["http:\/\/tvalaire.com\/wp-content\/uploads\/2024\/09\/01-1-1.jpeg",330,220,false],"1536x1536":["http:\/\/tvalaire.com\/wp-content\/uploads\/2024\/09\/01-1-1.jpeg",1280,853,false],"2048x2048":["http:\/\/tvalaire.com\/wp-content\/uploads\/2024\/09\/01-1-1.jpeg",1280,853,false],"newsium-slider-full":["http:\/\/tvalaire.com\/wp-content\/uploads\/2024\/09\/01-1-1-1280x845.jpeg",1280,845,true],"newsium-featured":["http:\/\/tvalaire.com\/wp-content\/uploads\/2024\/09\/01-1-1-1024x682.jpeg",1024,682,true],"newsium-medium":["http:\/\/tvalaire.com\/wp-content\/uploads\/2024\/09\/01-1-1-720x475.jpeg",720,475,true]},"author_info":{"info":["tvalairenoti"]},"category_info":"<a href=\"http:\/\/tvalaire.com\/?cat=1\" rel=\"category\">La Piedad<\/a>","tag_info":"La Piedad","comment_count":"0","jetpack_featured_media_url":"http:\/\/tvalaire.com\/wp-content\/uploads\/2024\/09\/01-1-1.jpeg","_links":{"self":[{"href":"http:\/\/tvalaire.com\/index.php?rest_route=\/wp\/v2\/posts\/12260"}],"collection":[{"href":"http:\/\/tvalaire.com\/index.php?rest_route=\/wp\/v2\/posts"}],"about":[{"href":"http:\/\/tvalaire.com\/index.php?rest_route=\/wp\/v2\/types\/post"}],"author":[{"embeddable":true,"href":"http:\/\/tvalaire.com\/index.php?rest_route=\/wp\/v2\/users\/1"}],"replies":[{"embeddable":true,"href":"http:\/\/tvalaire.com\/index.php?rest_route=%2Fwp%2Fv2%2Fcomments&post=12260"}],"version-history":[{"count":1,"href":"http:\/\/tvalaire.com\/index.php?rest_route=\/wp\/v2\/posts\/12260\/revisions"}],"predecessor-version":[{"id":12264,"href":"http:\/\/tvalaire.com\/index.php?rest_route=\/wp\/v2\/posts\/12260\/revisions\/12264"}],"wp:featuredmedia":[{"embeddable":true,"href":"http:\/\/tvalaire.com\/index.php?rest_route=\/wp\/v2\/media\/12261"}],"wp:attachment":[{"href":"http:\/\/tvalaire.com\/index.php?rest_route=%2Fwp%2Fv2%2Fmedia&parent=12260"}],"wp:term":[{"taxonomy":"category","embeddable":true,"href":"http:\/\/tvalaire.com\/index.php?rest_route=%2Fwp%2Fv2%2Fcategories&post=12260"},{"taxonomy":"post_tag","embeddable":true,"href":"http:\/\/tvalaire.com\/index.php?rest_route=%2Fwp%2Fv2%2Ftags&post=12260"}],"curies":[{"name":"wp","href":"https:\/\/api.w.org\/{rel}","templated":true}]}}