{"id":12224,"date":"2024-07-15T10:31:39","date_gmt":"2024-07-15T16:31:39","guid":{"rendered":"http:\/\/tvalaire.com\/?p=12224"},"modified":"2024-08-06T10:32:36","modified_gmt":"2024-08-06T16:32:36","slug":"concluyen-trabajos-en-la-calle-san-salvador-en-colonia-centroamericana","status":"publish","type":"post","link":"http:\/\/tvalaire.com\/?p=12224","title":{"rendered":"CONCLUYEN TRABAJOS EN LA CALLE SAN SALVADOR EN COLONIA CENTROAMERICANA"},"content":{"rendered":"\n<p><\/p>\n\n\n\n<ul class=\"wp-block-list\">\n<li><strong>Vecinos de la colonia Centroamericana (El dep\u00f3sito) agradecen a Samuel Hidalgo<\/strong><\/li>\n\n\n\n<li><strong>Realizaron trabajos de drenaje sanitario, red de agua potable y pavimentaci\u00f3n en concreto hidr\u00e1ulico<\/strong><\/li>\n<\/ul>\n\n\n\n<p><br>Samuel Hidalgo presidente municipal de La Piedad, inaugur\u00f3 la calle San Salvador, ubicada entre las calles Apatzing\u00e1n y Car\u00e1cuaro, en la colonia Centroamericana de este municipio, lugar donde se realizaron trabajos de drenaje sanitario, red de agua potable, as\u00ed como pavimentaci\u00f3n en concreto hidr\u00e1ulico.<\/p>\n\n\n\n<p>\u201cCumplimos con ustedes, se acercaron a solicitarme esta obra y con mucho gusto la llevamos a cabo, nuestra misi\u00f3n es apoyar y que ustedes sientan que estamos para servirles, por eso, aqu\u00ed les entregamos una calle nueva, bien iluminada y donde sus familias transitar\u00e1n m\u00e1s seguras\u201d, coment\u00f3 el Alcalde.<\/p>\n\n\n\n<p>Dentro de los trabajos que se llevaron a cabo, fue la pavimentaci\u00f3n en concreto hidr\u00e1ulico de 1,072.05 metros cuadrados, as\u00ed como la instalaci\u00f3n de tuber\u00eda de polietileno, agua potable y postes con luminarias de tecnolog\u00eda LED.<\/p>\n\n\n\n<p>Por su parte, vecinos beneficiados mencionaron que por a\u00f1os hab\u00edan solicitado las mejoras de su calle, sin embargo, hasta ahora en la administraci\u00f3n de Hidalgo Gallardo se realizaron, por lo que agradecieron al Edil el ayudarlos y voltear a ver esta necesidad que era tan latente.<\/p>\n\n\n\n<figure class=\"wp-block-image size-large is-style-default\"><img loading=\"lazy\" decoding=\"async\" width=\"1024\" height=\"708\" src=\"http:\/\/tvalaire.com\/wp-content\/uploads\/2024\/08\/WhatsApp-Image-2024-07-15-at-1.16.39-PM-2-1024x708.jpeg\" alt=\"\" class=\"wp-image-12226\" srcset=\"http:\/\/tvalaire.com\/wp-content\/uploads\/2024\/08\/WhatsApp-Image-2024-07-15-at-1.16.39-PM-2-1024x708.jpeg 1024w, http:\/\/tvalaire.com\/wp-content\/uploads\/2024\/08\/WhatsApp-Image-2024-07-15-at-1.16.39-PM-2-300x207.jpeg 300w, http:\/\/tvalaire.com\/wp-content\/uploads\/2024\/08\/WhatsApp-Image-2024-07-15-at-1.16.39-PM-2-768x531.jpeg 768w, http:\/\/tvalaire.com\/wp-content\/uploads\/2024\/08\/WhatsApp-Image-2024-07-15-at-1.16.39-PM-2.jpeg 1246w\" sizes=\"(max-width: 1024px) 100vw, 1024px\" \/><\/figure>\n\n\n\n<figure class=\"wp-block-image size-large is-style-default\"><img loading=\"lazy\" decoding=\"async\" width=\"1024\" height=\"768\" src=\"http:\/\/tvalaire.com\/wp-content\/uploads\/2024\/08\/WhatsApp-Image-2024-07-15-at-1.16.39-PM-1-1024x768.jpeg\" alt=\"\" class=\"wp-image-12227\" srcset=\"http:\/\/tvalaire.com\/wp-content\/uploads\/2024\/08\/WhatsApp-Image-2024-07-15-at-1.16.39-PM-1-1024x768.jpeg 1024w, http:\/\/tvalaire.com\/wp-content\/uploads\/2024\/08\/WhatsApp-Image-2024-07-15-at-1.16.39-PM-1-300x225.jpeg 300w, http:\/\/tvalaire.com\/wp-content\/uploads\/2024\/08\/WhatsApp-Image-2024-07-15-at-1.16.39-PM-1-768x576.jpeg 768w, http:\/\/tvalaire.com\/wp-content\/uploads\/2024\/08\/WhatsApp-Image-2024-07-15-at-1.16.39-PM-1-1536x1152.jpeg 1536w, http:\/\/tvalaire.com\/wp-content\/uploads\/2024\/08\/WhatsApp-Image-2024-07-15-at-1.16.39-PM-1.jpeg 1600w\" sizes=\"(max-width: 1024px) 100vw, 1024px\" \/><\/figure>\n","protected":false},"excerpt":{"rendered":"<p>Samuel Hidalgo presidente municipal de La Piedad, inaugur\u00f3 la calle San Salvador, ubicada entre las&#8230;<\/p>\n","protected":false},"author":1,"featured_media":12225,"comment_status":"open","ping_status":"open","sticky":false,"template":"","format":"standard","meta":{"jetpack_post_was_ever_published":false,"_jetpack_newsletter_access":"","_jetpack_dont_email_post_to_subs":false,"_jetpack_newsletter_tier_id":0,"_jetpack_memberships_contains_paywalled_content":false,"_jetpack_memberships_contains_paid_content":false,"footnotes":"","jetpack_publicize_message":"","jetpack_publicize_feature_enabled":true,"jetpack_social_post_already_shared":true,"jetpack_social_options":{"image_generator_settings":{"template":"highway","enabled":false},"version":2}},"categories":[1],"tags":[15,36],"class_list":["post-12224","post","type-post","status-publish","format-standard","has-post-thumbnail","hentry","category-la-piedad","tag-la-piedad","tag-principales"],"jetpack_publicize_connections":[],"jetpack_sharing_enabled":true,"featured_image_urls":{"full":["http:\/\/tvalaire.com\/wp-content\/uploads\/2024\/08\/WhatsApp-Image-2024-07-15-at-1.16.39-PM.jpeg",900,851,false],"thumbnail":["http:\/\/tvalaire.com\/wp-content\/uploads\/2024\/08\/WhatsApp-Image-2024-07-15-at-1.16.39-PM-150x150.jpeg",150,150,true],"medium":["http:\/\/tvalaire.com\/wp-content\/uploads\/2024\/08\/WhatsApp-Image-2024-07-15-at-1.16.39-PM-300x284.jpeg",300,284,true],"medium_large":["http:\/\/tvalaire.com\/wp-content\/uploads\/2024\/08\/WhatsApp-Image-2024-07-15-at-1.16.39-PM-768x726.jpeg",640,605,true],"large":["http:\/\/tvalaire.com\/wp-content\/uploads\/2024\/08\/WhatsApp-Image-2024-07-15-at-1.16.39-PM.jpeg",640,605,false],"post-slider-thumb-size":["http:\/\/tvalaire.com\/wp-content\/uploads\/2024\/08\/WhatsApp-Image-2024-07-15-at-1.16.39-PM-330x190.jpeg",330,190,true],"post-category-slider-size":["http:\/\/tvalaire.com\/wp-content\/uploads\/2024\/08\/WhatsApp-Image-2024-07-15-at-1.16.39-PM.jpeg",330,312,false],"1536x1536":["http:\/\/tvalaire.com\/wp-content\/uploads\/2024\/08\/WhatsApp-Image-2024-07-15-at-1.16.39-PM.jpeg",900,851,false],"2048x2048":["http:\/\/tvalaire.com\/wp-content\/uploads\/2024\/08\/WhatsApp-Image-2024-07-15-at-1.16.39-PM.jpeg",900,851,false],"newsium-slider-full":["http:\/\/tvalaire.com\/wp-content\/uploads\/2024\/08\/WhatsApp-Image-2024-07-15-at-1.16.39-PM-900x845.jpeg",900,845,true],"newsium-featured":["http:\/\/tvalaire.com\/wp-content\/uploads\/2024\/08\/WhatsApp-Image-2024-07-15-at-1.16.39-PM.jpeg",900,851,false],"newsium-medium":["http:\/\/tvalaire.com\/wp-content\/uploads\/2024\/08\/WhatsApp-Image-2024-07-15-at-1.16.39-PM-720x475.jpeg",720,475,true]},"author_info":{"info":["tvalairenoti"]},"category_info":"<a href=\"http:\/\/tvalaire.com\/?cat=1\" rel=\"category\">La Piedad<\/a>","tag_info":"La Piedad","comment_count":"0","jetpack_featured_media_url":"http:\/\/tvalaire.com\/wp-content\/uploads\/2024\/08\/WhatsApp-Image-2024-07-15-at-1.16.39-PM.jpeg","_links":{"self":[{"href":"http:\/\/tvalaire.com\/index.php?rest_route=\/wp\/v2\/posts\/12224"}],"collection":[{"href":"http:\/\/tvalaire.com\/index.php?rest_route=\/wp\/v2\/posts"}],"about":[{"href":"http:\/\/tvalaire.com\/index.php?rest_route=\/wp\/v2\/types\/post"}],"author":[{"embeddable":true,"href":"http:\/\/tvalaire.com\/index.php?rest_route=\/wp\/v2\/users\/1"}],"replies":[{"embeddable":true,"href":"http:\/\/tvalaire.com\/index.php?rest_route=%2Fwp%2Fv2%2Fcomments&post=12224"}],"version-history":[{"count":1,"href":"http:\/\/tvalaire.com\/index.php?rest_route=\/wp\/v2\/posts\/12224\/revisions"}],"predecessor-version":[{"id":12228,"href":"http:\/\/tvalaire.com\/index.php?rest_route=\/wp\/v2\/posts\/12224\/revisions\/12228"}],"wp:featuredmedia":[{"embeddable":true,"href":"http:\/\/tvalaire.com\/index.php?rest_route=\/wp\/v2\/media\/12225"}],"wp:attachment":[{"href":"http:\/\/tvalaire.com\/index.php?rest_route=%2Fwp%2Fv2%2Fmedia&parent=12224"}],"wp:term":[{"taxonomy":"category","embeddable":true,"href":"http:\/\/tvalaire.com\/index.php?rest_route=%2Fwp%2Fv2%2Fcategories&post=12224"},{"taxonomy":"post_tag","embeddable":true,"href":"http:\/\/tvalaire.com\/index.php?rest_route=%2Fwp%2Fv2%2Ftags&post=12224"}],"curies":[{"name":"wp","href":"https:\/\/api.w.org\/{rel}","templated":true}]}}