{"id":12214,"date":"2024-07-22T10:28:59","date_gmt":"2024-07-22T16:28:59","guid":{"rendered":"http:\/\/tvalaire.com\/?p=12214"},"modified":"2024-08-06T10:30:02","modified_gmt":"2024-08-06T16:30:02","slug":"segundo-tramo-de-la-calle-matamoros-es-inaugurado-por-samuel-hidalgo","status":"publish","type":"post","link":"http:\/\/tvalaire.com\/?p=12214","title":{"rendered":"SEGUNDO TRAMO DE LA CALLE MATAMOROS ES INAUGURADO POR SAMUEL HIDALGO"},"content":{"rendered":"\n<p><\/p>\n\n\n\n<ul class=\"wp-block-list\">\n<li><strong>Pide Alcalde a los vecinos se apropien y cuiden la obra realizada<\/strong><\/li>\n\n\n\n<li><strong>Con estas acciones se agiliza la movilidad de la poblaci\u00f3n<\/strong><\/li>\n<\/ul>\n\n\n\n<p>D\u00e1ndole continuidad a la mejora de la infraestructura urbana del municipio de La Piedad, el alcalde Samuel Hidalgo Gallardo, el fin de semana pasado estuvo con los vecinos de la calle Matamoros, para inaugurar un tramo de esa importante vialidad.<\/p>\n\n\n\n<p>De acuerdo a la informaci\u00f3n proporcionada por la Direcci\u00f3n de Obras P\u00fablicas, en este segundo tramo que fue rehabilitado fueron m\u00e1s de mil 211 metros cuadrados los que se pudieron rehabilitar.<\/p>\n\n\n\n<p>En el lugar, el Presidente, dijo que se trata de obras que dignifican y mejoran la calidad de vida principalmente de los vecinos, as\u00ed como con la instalaci\u00f3n de luminarias de tipo Led se contribuye a la seguridad de los transe\u00fantes.<\/p>\n\n\n\n<p>De igual manera, Hidalgo Gallardo, invit\u00f3 a los vecinos a que se apropien de la nueva obra y que sean ellos los encargados de cuidar la vialidad y en su caso denunciar de manera inmediata a quien vandalice la obra.<\/p>\n\n\n\n<p>Es de mencionar que en ese segundo tramo que se rehabilit\u00f3, tambi\u00e9n se habilitaron 211 metros lineales de tuber\u00eda de polietileno de alta densidad corrugado de 12 pulgadas de di\u00e1metro para el drenaje. Aunado a esto tambi\u00e9n se habilitaron 423 metros de tuber\u00eda de PVC para las l\u00edneas abastecedoras del agua potable.<\/p>\n\n\n\n<p>Ah\u00ed mismo, la calle ahora cuenta con banquetas adecuadas para los peatones, se plantaron \u00e1rboles en todo su tramo, arboles, balizamiento, brazos curvos tipo cisne para luminarias tipo Led, entre otras mejoras.<\/p>\n\n\n\n<p>De esta manera el alcalde Samuel Hidalgo, se\u00f1al\u00f3 que, con las acciones realizadas, tambi\u00e9n se contribuye de manera significativa a que la movilidad de la poblaci\u00f3n, ya sea para trasladarse a sus trabajos o actividades cotidianas sea de manera m\u00e1s efectiva.<\/p>\n\n\n\n<figure class=\"wp-block-image size-large is-style-default\"><img loading=\"lazy\" decoding=\"async\" width=\"1024\" height=\"682\" src=\"http:\/\/tvalaire.com\/wp-content\/uploads\/2024\/08\/WhatsApp-Image-2024-07-21-at-8.05.26-PM-1024x682.jpeg\" alt=\"\" class=\"wp-image-12216\" srcset=\"http:\/\/tvalaire.com\/wp-content\/uploads\/2024\/08\/WhatsApp-Image-2024-07-21-at-8.05.26-PM-1024x682.jpeg 1024w, http:\/\/tvalaire.com\/wp-content\/uploads\/2024\/08\/WhatsApp-Image-2024-07-21-at-8.05.26-PM-300x200.jpeg 300w, http:\/\/tvalaire.com\/wp-content\/uploads\/2024\/08\/WhatsApp-Image-2024-07-21-at-8.05.26-PM-768x512.jpeg 768w, http:\/\/tvalaire.com\/wp-content\/uploads\/2024\/08\/WhatsApp-Image-2024-07-21-at-8.05.26-PM.jpeg 1280w\" sizes=\"(max-width: 1024px) 100vw, 1024px\" \/><\/figure>\n\n\n\n<figure class=\"wp-block-image size-large is-style-default\"><img loading=\"lazy\" decoding=\"async\" width=\"1024\" height=\"682\" src=\"http:\/\/tvalaire.com\/wp-content\/uploads\/2024\/08\/WhatsApp-Image-2024-07-21-at-8.05.25-PM-1024x682.jpeg\" alt=\"\" class=\"wp-image-12217\" srcset=\"http:\/\/tvalaire.com\/wp-content\/uploads\/2024\/08\/WhatsApp-Image-2024-07-21-at-8.05.25-PM-1024x682.jpeg 1024w, http:\/\/tvalaire.com\/wp-content\/uploads\/2024\/08\/WhatsApp-Image-2024-07-21-at-8.05.25-PM-300x200.jpeg 300w, http:\/\/tvalaire.com\/wp-content\/uploads\/2024\/08\/WhatsApp-Image-2024-07-21-at-8.05.25-PM-768x512.jpeg 768w, http:\/\/tvalaire.com\/wp-content\/uploads\/2024\/08\/WhatsApp-Image-2024-07-21-at-8.05.25-PM.jpeg 1280w\" sizes=\"(max-width: 1024px) 100vw, 1024px\" \/><\/figure>\n","protected":false},"excerpt":{"rendered":"<p>D\u00e1ndole continuidad a la mejora de la infraestructura urbana del municipio de La Piedad, el&#8230;<\/p>\n","protected":false},"author":1,"featured_media":12215,"comment_status":"open","ping_status":"open","sticky":false,"template":"","format":"standard","meta":{"jetpack_post_was_ever_published":false,"_jetpack_newsletter_access":"","_jetpack_dont_email_post_to_subs":false,"_jetpack_newsletter_tier_id":0,"_jetpack_memberships_contains_paywalled_content":false,"_jetpack_memberships_contains_paid_content":false,"footnotes":"","jetpack_publicize_message":"","jetpack_publicize_feature_enabled":true,"jetpack_social_post_already_shared":true,"jetpack_social_options":{"image_generator_settings":{"template":"highway","enabled":false},"version":2}},"categories":[1],"tags":[15,36],"class_list":["post-12214","post","type-post","status-publish","format-standard","has-post-thumbnail","hentry","category-la-piedad","tag-la-piedad","tag-principales"],"jetpack_publicize_connections":[],"jetpack_sharing_enabled":true,"featured_image_urls":{"full":["http:\/\/tvalaire.com\/wp-content\/uploads\/2024\/08\/WhatsApp-Image-2024-07-21-at-8.05.27-PM.jpeg",1280,853,false],"thumbnail":["http:\/\/tvalaire.com\/wp-content\/uploads\/2024\/08\/WhatsApp-Image-2024-07-21-at-8.05.27-PM-150x150.jpeg",150,150,true],"medium":["http:\/\/tvalaire.com\/wp-content\/uploads\/2024\/08\/WhatsApp-Image-2024-07-21-at-8.05.27-PM-300x200.jpeg",300,200,true],"medium_large":["http:\/\/tvalaire.com\/wp-content\/uploads\/2024\/08\/WhatsApp-Image-2024-07-21-at-8.05.27-PM-768x512.jpeg",640,427,true],"large":["http:\/\/tvalaire.com\/wp-content\/uploads\/2024\/08\/WhatsApp-Image-2024-07-21-at-8.05.27-PM-1024x682.jpeg",640,426,true],"post-slider-thumb-size":["http:\/\/tvalaire.com\/wp-content\/uploads\/2024\/08\/WhatsApp-Image-2024-07-21-at-8.05.27-PM-330x190.jpeg",330,190,true],"post-category-slider-size":["http:\/\/tvalaire.com\/wp-content\/uploads\/2024\/08\/WhatsApp-Image-2024-07-21-at-8.05.27-PM.jpeg",330,220,false],"1536x1536":["http:\/\/tvalaire.com\/wp-content\/uploads\/2024\/08\/WhatsApp-Image-2024-07-21-at-8.05.27-PM.jpeg",1280,853,false],"2048x2048":["http:\/\/tvalaire.com\/wp-content\/uploads\/2024\/08\/WhatsApp-Image-2024-07-21-at-8.05.27-PM.jpeg",1280,853,false],"newsium-slider-full":["http:\/\/tvalaire.com\/wp-content\/uploads\/2024\/08\/WhatsApp-Image-2024-07-21-at-8.05.27-PM-1280x845.jpeg",1280,845,true],"newsium-featured":["http:\/\/tvalaire.com\/wp-content\/uploads\/2024\/08\/WhatsApp-Image-2024-07-21-at-8.05.27-PM-1024x682.jpeg",1024,682,true],"newsium-medium":["http:\/\/tvalaire.com\/wp-content\/uploads\/2024\/08\/WhatsApp-Image-2024-07-21-at-8.05.27-PM-720x475.jpeg",720,475,true]},"author_info":{"info":["tvalairenoti"]},"category_info":"<a href=\"http:\/\/tvalaire.com\/?cat=1\" rel=\"category\">La Piedad<\/a>","tag_info":"La Piedad","comment_count":"0","jetpack_featured_media_url":"http:\/\/tvalaire.com\/wp-content\/uploads\/2024\/08\/WhatsApp-Image-2024-07-21-at-8.05.27-PM.jpeg","_links":{"self":[{"href":"http:\/\/tvalaire.com\/index.php?rest_route=\/wp\/v2\/posts\/12214"}],"collection":[{"href":"http:\/\/tvalaire.com\/index.php?rest_route=\/wp\/v2\/posts"}],"about":[{"href":"http:\/\/tvalaire.com\/index.php?rest_route=\/wp\/v2\/types\/post"}],"author":[{"embeddable":true,"href":"http:\/\/tvalaire.com\/index.php?rest_route=\/wp\/v2\/users\/1"}],"replies":[{"embeddable":true,"href":"http:\/\/tvalaire.com\/index.php?rest_route=%2Fwp%2Fv2%2Fcomments&post=12214"}],"version-history":[{"count":1,"href":"http:\/\/tvalaire.com\/index.php?rest_route=\/wp\/v2\/posts\/12214\/revisions"}],"predecessor-version":[{"id":12218,"href":"http:\/\/tvalaire.com\/index.php?rest_route=\/wp\/v2\/posts\/12214\/revisions\/12218"}],"wp:featuredmedia":[{"embeddable":true,"href":"http:\/\/tvalaire.com\/index.php?rest_route=\/wp\/v2\/media\/12215"}],"wp:attachment":[{"href":"http:\/\/tvalaire.com\/index.php?rest_route=%2Fwp%2Fv2%2Fmedia&parent=12214"}],"wp:term":[{"taxonomy":"category","embeddable":true,"href":"http:\/\/tvalaire.com\/index.php?rest_route=%2Fwp%2Fv2%2Fcategories&post=12214"},{"taxonomy":"post_tag","embeddable":true,"href":"http:\/\/tvalaire.com\/index.php?rest_route=%2Fwp%2Fv2%2Ftags&post=12214"}],"curies":[{"name":"wp","href":"https:\/\/api.w.org\/{rel}","templated":true}]}}