{"id":12185,"date":"2024-06-27T19:55:03","date_gmt":"2024-06-28T01:55:03","guid":{"rendered":"http:\/\/tvalaire.com\/?p=12185"},"modified":"2024-07-04T19:56:18","modified_gmt":"2024-07-05T01:56:18","slug":"presentan-libro-la-representacion-politica-en-un-contexto-constitucional-en-el-congreso-del-estado","status":"publish","type":"post","link":"http:\/\/tvalaire.com\/?p=12185","title":{"rendered":"Presentan libro \u201cLa representaci\u00f3n pol\u00edtica en un contexto constitucional\u201d, en el Congreso del Estado"},"content":{"rendered":"\n<ul class=\"wp-block-list\">\n<li>\u2060<em>Congreso del Estado, sede del Encuentro Nacional de Mejora Regulatoria y Gobierno Digital para la Equidad Social<\/em><\/li>\n<\/ul>\n\n\n\n<p><strong>Morelia, Michoac\u00e1n, a 27 de junio de 2024.-&nbsp;<\/strong>Bajo la premisa de que la mejora regulatoria y la implementaci\u00f3n de tecnolog\u00edas digitales son pilares en la construcci\u00f3n de un M\u00e9xico m\u00e1s justo y equitativo, la diputada Liz Alejandra Hern\u00e1ndez Morales, ofreci\u00f3 la bienvenida a quienes participan en el Encuentro Nacional de Mejora Regulatoria y Gobierno Digital para la Equidad Social, que se desarrolla en la sede del Poder Legislativo.<\/p>\n\n\n\n<p>En representaci\u00f3n de la Mesa Directiva del Congreso del Estado, la diputada Hern\u00e1ndez Morales destac\u00f3 que actualmente se vive una era de transformaciones, en donde la digitalizaci\u00f3n y la innovaci\u00f3n tecnol\u00f3gica han cambiado la interacci\u00f3n social y tambi\u00e9n, la forma en la que el gobierno puede servir mejor a sus ciudadanos.<\/p>\n\n\n\n<p>Resalt\u00f3 que este encuentro, \u201ces una oportunidad invaluable para intercambiar ideas, experiencias y mejores pr\u00e1cticas que nos permitar\u00e1n avanzar en esta direcci\u00f3n\u201d.<br>La diputada Liz Alejandra Hern\u00e1ndez, asent\u00f3 que la mejora regulatoria \u201ces esencial para crear un entorno m\u00e1s transparente, eficiente y participativo\u201d; a trav\u00e9s de ella, agreg\u00f3, \u201cpodemos reducir la burocracia, simplificar tr\u00e1mites y asegurar que las regulaciones sean claras, justas y efectivas\u201d, puntualiz\u00f3.<\/p>\n\n\n\n<p>Ante funcionarios municipales y estatales, adem\u00e1s de las y los integrantes de distintas asociaciones civiles, dijo que es necesario implementar una robusta estrategia de gobierno digital que acerque de manera eficaz y eficiente los servicios p\u00fablicos a la ciudadan\u00eda, eliminando barreras y facilitando el acceso a derechos y oportunidades.<\/p>\n\n\n\n<p>\u201cEs aqu\u00ed donde la equidad social toma un papel central. No podemos hablar de un verdadero progreso si \u00e9ste no es equitativo\u201d, cit\u00f3.<\/p>\n\n\n\n<p>Y estableci\u00f3 que \u201cla tecnolog\u00eda y las reformas obligatorias deben ser herramientas que promuevan la igualdad, que cierren brechas y que otorguen a las personas, sin importar su condici\u00f3n econ\u00f3mica, un acceso sin distinciones a los servicios y beneficios que el Estado ofrece\u201d, manifest\u00f3.<\/p>\n\n\n\n<p>Acompa\u00f1ada en el pres\u00eddium por el legislador Jes\u00fas Hern\u00e1ndez Pe\u00f1a; por el Secretario de Desarrollo Econ\u00f3mico, Claudio M\u00e9ndez Fern\u00e1ndez; la secretaria de la Contralor\u00eda, Azucena Mar\u00edn Correa y de funcionarios del Sistema Estatal Anticorrupci\u00f3n, Liz Alejandra Hern\u00e1ndez detall\u00f3 que el encuentro permitir\u00e1 escuchar a expertos estatales y nacionales compartiendo casos de \u00e9xito, as\u00ed como los desaf\u00edos y las oportunidades a las que se enfrentan; adem\u00e1s, para establecer redes de colaboraci\u00f3n que fortalezcan los esfuerzos comunes.<\/p>\n\n\n\n<p>En su oportunidad, Javier Ju\u00e1rez M\u00f3jica, del Instituto Federal de Telecomunicaciones, reconoci\u00f3 que las ventanillas digitales, desde su arranque en el a\u00f1o 2020, han permitido llevar a cabo 353 mil tr\u00e1mites, de los que el 70 por ciento de los usuarios han mostrado su satisfacci\u00f3n por haberlos procesado en menos de 10 minutos; tambi\u00e9n, anticip\u00f3 que el uso de la inteligencia artificial ser\u00e1 una herramienta que permitir\u00e1 darle visibilidad a la gesti\u00f3n p\u00fablica a favor de la poblaci\u00f3n.<\/p>\n\n\n\n<p>Funcionarios estatales coincidieron al se\u00f1alar que la digitalizaci\u00f3n es un tema transversal que permite al Estado ser m\u00e1s eficiente en sus procesos y brinda certeza a sus ciudadanos, evitando inconvenientes como la corrupci\u00f3n y el coyotaje.<\/p>\n","protected":false},"excerpt":{"rendered":"<p>Morelia, Michoac\u00e1n, a 27 de junio de 2024.-&nbsp;Bajo la premisa de que la mejora regulatoria&#8230;<\/p>\n","protected":false},"author":1,"featured_media":12186,"comment_status":"open","ping_status":"open","sticky":false,"template":"","format":"standard","meta":{"jetpack_post_was_ever_published":false,"_jetpack_newsletter_access":"","_jetpack_dont_email_post_to_subs":false,"_jetpack_newsletter_tier_id":0,"_jetpack_memberships_contains_paywalled_content":false,"_jetpack_memberships_contains_paid_content":false,"footnotes":"","jetpack_publicize_message":"","jetpack_publicize_feature_enabled":true,"jetpack_social_post_already_shared":true,"jetpack_social_options":{"image_generator_settings":{"template":"highway","enabled":false},"version":2}},"categories":[31],"tags":[37,36],"class_list":["post-12185","post","type-post","status-publish","format-standard","has-post-thumbnail","hentry","category-estado","tag-estado","tag-principales"],"jetpack_publicize_connections":[],"jetpack_sharing_enabled":true,"featured_image_urls":{"full":["http:\/\/tvalaire.com\/wp-content\/uploads\/2024\/07\/Comunicado-134.jpeg",1600,1066,false],"thumbnail":["http:\/\/tvalaire.com\/wp-content\/uploads\/2024\/07\/Comunicado-134-150x150.jpeg",150,150,true],"medium":["http:\/\/tvalaire.com\/wp-content\/uploads\/2024\/07\/Comunicado-134-300x200.jpeg",300,200,true],"medium_large":["http:\/\/tvalaire.com\/wp-content\/uploads\/2024\/07\/Comunicado-134-768x512.jpeg",640,427,true],"large":["http:\/\/tvalaire.com\/wp-content\/uploads\/2024\/07\/Comunicado-134-1024x682.jpeg",640,426,true],"post-slider-thumb-size":["http:\/\/tvalaire.com\/wp-content\/uploads\/2024\/07\/Comunicado-134-330x190.jpeg",330,190,true],"post-category-slider-size":["http:\/\/tvalaire.com\/wp-content\/uploads\/2024\/07\/Comunicado-134.jpeg",330,220,false],"1536x1536":["http:\/\/tvalaire.com\/wp-content\/uploads\/2024\/07\/Comunicado-134-1536x1023.jpeg",1536,1023,true],"2048x2048":["http:\/\/tvalaire.com\/wp-content\/uploads\/2024\/07\/Comunicado-134.jpeg",1600,1066,false],"newsium-slider-full":["http:\/\/tvalaire.com\/wp-content\/uploads\/2024\/07\/Comunicado-134-1280x845.jpeg",1280,845,true],"newsium-featured":["http:\/\/tvalaire.com\/wp-content\/uploads\/2024\/07\/Comunicado-134-1024x682.jpeg",1024,682,true],"newsium-medium":["http:\/\/tvalaire.com\/wp-content\/uploads\/2024\/07\/Comunicado-134-720x475.jpeg",720,475,true]},"author_info":{"info":["tvalairenoti"]},"category_info":"<a href=\"http:\/\/tvalaire.com\/?cat=31\" rel=\"category\">Estado<\/a>","tag_info":"Estado","comment_count":"0","jetpack_featured_media_url":"http:\/\/tvalaire.com\/wp-content\/uploads\/2024\/07\/Comunicado-134.jpeg","_links":{"self":[{"href":"http:\/\/tvalaire.com\/index.php?rest_route=\/wp\/v2\/posts\/12185"}],"collection":[{"href":"http:\/\/tvalaire.com\/index.php?rest_route=\/wp\/v2\/posts"}],"about":[{"href":"http:\/\/tvalaire.com\/index.php?rest_route=\/wp\/v2\/types\/post"}],"author":[{"embeddable":true,"href":"http:\/\/tvalaire.com\/index.php?rest_route=\/wp\/v2\/users\/1"}],"replies":[{"embeddable":true,"href":"http:\/\/tvalaire.com\/index.php?rest_route=%2Fwp%2Fv2%2Fcomments&post=12185"}],"version-history":[{"count":1,"href":"http:\/\/tvalaire.com\/index.php?rest_route=\/wp\/v2\/posts\/12185\/revisions"}],"predecessor-version":[{"id":12187,"href":"http:\/\/tvalaire.com\/index.php?rest_route=\/wp\/v2\/posts\/12185\/revisions\/12187"}],"wp:featuredmedia":[{"embeddable":true,"href":"http:\/\/tvalaire.com\/index.php?rest_route=\/wp\/v2\/media\/12186"}],"wp:attachment":[{"href":"http:\/\/tvalaire.com\/index.php?rest_route=%2Fwp%2Fv2%2Fmedia&parent=12185"}],"wp:term":[{"taxonomy":"category","embeddable":true,"href":"http:\/\/tvalaire.com\/index.php?rest_route=%2Fwp%2Fv2%2Fcategories&post=12185"},{"taxonomy":"post_tag","embeddable":true,"href":"http:\/\/tvalaire.com\/index.php?rest_route=%2Fwp%2Fv2%2Ftags&post=12185"}],"curies":[{"name":"wp","href":"https:\/\/api.w.org\/{rel}","templated":true}]}}