{"id":12161,"date":"2024-06-26T15:19:45","date_gmt":"2024-06-26T21:19:45","guid":{"rendered":"http:\/\/tvalaire.com\/?p=12161"},"modified":"2024-07-01T15:20:47","modified_gmt":"2024-07-01T21:20:47","slug":"participan-universitarios-en-foro-organizado-por-el-injup","status":"publish","type":"post","link":"http:\/\/tvalaire.com\/?p=12161","title":{"rendered":"PARTICIPAN UNIVERSITARIOS EN FORO ORGANIZADO POR EL INJUP"},"content":{"rendered":"\n<p><\/p>\n\n\n\n<ul class=\"wp-block-list\">\n<li><strong>Reconoce alcalde Samuel Hidalgo inter\u00e9s de los j\u00f3venes<\/strong><\/li>\n\n\n\n<li><strong>Ser\u00e1n tres Foros, para complementar el reglamento del INJUP<\/strong><\/li>\n<\/ul>\n\n\n\n<p>Con la intenci\u00f3n de conocer las ideas de los j\u00f3venes universitarios de la ciudad, a trav\u00e9s del Instituto de la Juventud Piedadense (INJUP) el Gobierno de La Piedad, estar\u00e1 realizando el Foro Visi\u00f3n Joven. El primero ya se desarroll\u00f3 en la Universidad de Le\u00f3n plantel La Piedad (UDL).<\/p>\n\n\n\n<p>Para la inauguraci\u00f3n de este primer Foro, el alcalde Samuel Hidalgo Gallardo, estuvo con los j\u00f3venes universitarios a quienes se dirigi\u00f3 para reconocerles el inter\u00e9s de participaci\u00f3n, se\u00f1al\u00e1ndoles la importancia de que se sumen a los proyectos de la Administraci\u00f3n que encabeza.<\/p>\n\n\n\n<p>El encargado de las pol\u00edticas p\u00fablicas de los j\u00f3venes en el municipio Diego Pimentel, destac\u00f3 que la meta es promover la participaci\u00f3n de la juventud en la toma de decisiones y de esta manera se puedan construir propuestas que contribuyan a la actualizaci\u00f3n de reglamentos municipales.<\/p>\n\n\n\n<p>El funcionario coment\u00f3 que el principal objetivo de este proyecto tambi\u00e9n es complementar el reglamento interno del Instituto con el aporte de las ideas y la visi\u00f3n de los involucrados, su participaci\u00f3n ser\u00e1 de gran ayuda.<\/p>\n\n\n\n<p>El titular del INJUP en la ciudad, dijo que se trata de tres sesiones, la primera realizada en UDL en la que se vieron las \u00e1reas de oportunidad del mencionado reglamento, para la segunda mesa de trabajo se prev\u00e9 la creaci\u00f3n de propuestas y actualizaci\u00f3n. Para terminar los trabajos se ha programado el 19 de julio en las instalaciones de UNIVA y ah\u00ed presentar las propuestas creadas.<\/p>\n\n\n\n<p>Los resultados de estos Foros, se har\u00e1n llegar har\u00e1n a los integrantes del Ayuntamiento, a trav\u00e9s de la Comisi\u00f3n de Juventud y Deporte, para que sean evaluadas y si es necesario realizar sesi\u00f3n para votar y agregarlas al documento que rige al INJUP.<\/p>\n\n\n\n<p>Las sesiones est\u00e1n dirigidas a los j\u00f3venes universitarios que cursan las carreras en derecho, psicolog\u00eda, psicolog\u00eda organizacional, administraci\u00f3n y pedagog\u00eda.<\/p>\n\n\n\n<figure class=\"wp-block-image size-large is-style-default\"><img loading=\"lazy\" decoding=\"async\" width=\"1024\" height=\"682\" src=\"http:\/\/tvalaire.com\/wp-content\/uploads\/2024\/07\/01-4-1024x682.jpeg\" alt=\"\" class=\"wp-image-12163\" srcset=\"http:\/\/tvalaire.com\/wp-content\/uploads\/2024\/07\/01-4-1024x682.jpeg 1024w, http:\/\/tvalaire.com\/wp-content\/uploads\/2024\/07\/01-4-300x200.jpeg 300w, http:\/\/tvalaire.com\/wp-content\/uploads\/2024\/07\/01-4-768x512.jpeg 768w, http:\/\/tvalaire.com\/wp-content\/uploads\/2024\/07\/01-4.jpeg 1280w\" sizes=\"(max-width: 1024px) 100vw, 1024px\" \/><\/figure>\n","protected":false},"excerpt":{"rendered":"<p>Con la intenci\u00f3n de conocer las ideas de los j\u00f3venes universitarios de la ciudad, a&#8230;<\/p>\n","protected":false},"author":1,"featured_media":12162,"comment_status":"open","ping_status":"open","sticky":false,"template":"","format":"standard","meta":{"jetpack_post_was_ever_published":false,"_jetpack_newsletter_access":"","_jetpack_dont_email_post_to_subs":false,"_jetpack_newsletter_tier_id":0,"_jetpack_memberships_contains_paywalled_content":false,"_jetpack_memberships_contains_paid_content":false,"footnotes":"","jetpack_publicize_message":"","jetpack_publicize_feature_enabled":true,"jetpack_social_post_already_shared":true,"jetpack_social_options":{"image_generator_settings":{"template":"highway","enabled":false},"version":2}},"categories":[1],"tags":[15,36],"class_list":["post-12161","post","type-post","status-publish","format-standard","has-post-thumbnail","hentry","category-la-piedad","tag-la-piedad","tag-principales"],"jetpack_publicize_connections":[],"jetpack_sharing_enabled":true,"featured_image_urls":{"full":["http:\/\/tvalaire.com\/wp-content\/uploads\/2024\/07\/01-2.jpeg",1280,853,false],"thumbnail":["http:\/\/tvalaire.com\/wp-content\/uploads\/2024\/07\/01-2-150x150.jpeg",150,150,true],"medium":["http:\/\/tvalaire.com\/wp-content\/uploads\/2024\/07\/01-2-300x200.jpeg",300,200,true],"medium_large":["http:\/\/tvalaire.com\/wp-content\/uploads\/2024\/07\/01-2-768x512.jpeg",640,427,true],"large":["http:\/\/tvalaire.com\/wp-content\/uploads\/2024\/07\/01-2-1024x682.jpeg",640,426,true],"post-slider-thumb-size":["http:\/\/tvalaire.com\/wp-content\/uploads\/2024\/07\/01-2-330x190.jpeg",330,190,true],"post-category-slider-size":["http:\/\/tvalaire.com\/wp-content\/uploads\/2024\/07\/01-2.jpeg",330,220,false],"1536x1536":["http:\/\/tvalaire.com\/wp-content\/uploads\/2024\/07\/01-2.jpeg",1280,853,false],"2048x2048":["http:\/\/tvalaire.com\/wp-content\/uploads\/2024\/07\/01-2.jpeg",1280,853,false],"newsium-slider-full":["http:\/\/tvalaire.com\/wp-content\/uploads\/2024\/07\/01-2-1280x845.jpeg",1280,845,true],"newsium-featured":["http:\/\/tvalaire.com\/wp-content\/uploads\/2024\/07\/01-2-1024x682.jpeg",1024,682,true],"newsium-medium":["http:\/\/tvalaire.com\/wp-content\/uploads\/2024\/07\/01-2-720x475.jpeg",720,475,true]},"author_info":{"info":["tvalairenoti"]},"category_info":"<a href=\"http:\/\/tvalaire.com\/?cat=1\" rel=\"category\">La Piedad<\/a>","tag_info":"La Piedad","comment_count":"0","jetpack_featured_media_url":"http:\/\/tvalaire.com\/wp-content\/uploads\/2024\/07\/01-2.jpeg","_links":{"self":[{"href":"http:\/\/tvalaire.com\/index.php?rest_route=\/wp\/v2\/posts\/12161"}],"collection":[{"href":"http:\/\/tvalaire.com\/index.php?rest_route=\/wp\/v2\/posts"}],"about":[{"href":"http:\/\/tvalaire.com\/index.php?rest_route=\/wp\/v2\/types\/post"}],"author":[{"embeddable":true,"href":"http:\/\/tvalaire.com\/index.php?rest_route=\/wp\/v2\/users\/1"}],"replies":[{"embeddable":true,"href":"http:\/\/tvalaire.com\/index.php?rest_route=%2Fwp%2Fv2%2Fcomments&post=12161"}],"version-history":[{"count":1,"href":"http:\/\/tvalaire.com\/index.php?rest_route=\/wp\/v2\/posts\/12161\/revisions"}],"predecessor-version":[{"id":12164,"href":"http:\/\/tvalaire.com\/index.php?rest_route=\/wp\/v2\/posts\/12161\/revisions\/12164"}],"wp:featuredmedia":[{"embeddable":true,"href":"http:\/\/tvalaire.com\/index.php?rest_route=\/wp\/v2\/media\/12162"}],"wp:attachment":[{"href":"http:\/\/tvalaire.com\/index.php?rest_route=%2Fwp%2Fv2%2Fmedia&parent=12161"}],"wp:term":[{"taxonomy":"category","embeddable":true,"href":"http:\/\/tvalaire.com\/index.php?rest_route=%2Fwp%2Fv2%2Fcategories&post=12161"},{"taxonomy":"post_tag","embeddable":true,"href":"http:\/\/tvalaire.com\/index.php?rest_route=%2Fwp%2Fv2%2Ftags&post=12161"}],"curies":[{"name":"wp","href":"https:\/\/api.w.org\/{rel}","templated":true}]}}