{"id":12145,"date":"2024-04-12T10:22:08","date_gmt":"2024-04-12T16:22:08","guid":{"rendered":"http:\/\/tvalaire.com\/?p=12145"},"modified":"2024-06-04T10:23:42","modified_gmt":"2024-06-04T16:23:42","slug":"dia-internacional-de-la-enfermeria","status":"publish","type":"post","link":"http:\/\/tvalaire.com\/?p=12145","title":{"rendered":"DIA INTERNACIONAL DE LA ENFERMERIA"},"content":{"rendered":"\n<p>Hoy se conmemora el D\u00eda Internacional de la Enfermer\u00eda como un homenaje al natalicio de Florence Nightingale, a quien se le atribuye la creaci\u00f3n de la Enfermer\u00eda Profesional.<\/p>\n\n\n\n<p>Reconocemos a todas las enfermeras y enfermeros que realizan esta loable labor en beneficio de todos. <\/p>\n\n\n\n<figure class=\"wp-block-image size-full is-style-default\"><img loading=\"lazy\" decoding=\"async\" width=\"526\" height=\"526\" src=\"http:\/\/tvalaire.com\/wp-content\/uploads\/2024\/06\/441400050_831023949051985_1446197481430412803_n.jpg\" alt=\"\" class=\"wp-image-12143\" srcset=\"http:\/\/tvalaire.com\/wp-content\/uploads\/2024\/06\/441400050_831023949051985_1446197481430412803_n.jpg 526w, http:\/\/tvalaire.com\/wp-content\/uploads\/2024\/06\/441400050_831023949051985_1446197481430412803_n-300x300.jpg 300w, http:\/\/tvalaire.com\/wp-content\/uploads\/2024\/06\/441400050_831023949051985_1446197481430412803_n-150x150.jpg 150w\" sizes=\"(max-width: 526px) 100vw, 526px\" \/><\/figure>\n","protected":false},"excerpt":{"rendered":"<p>Hoy se conmemora el D\u00eda Internacional de la Enfermer\u00eda como un homenaje al natalicio de&#8230;<\/p>\n","protected":false},"author":1,"featured_media":12146,"comment_status":"open","ping_status":"open","sticky":false,"template":"","format":"standard","meta":{"jetpack_post_was_ever_published":false,"_jetpack_newsletter_access":"","_jetpack_dont_email_post_to_subs":false,"_jetpack_newsletter_tier_id":0,"_jetpack_memberships_contains_paywalled_content":false,"_jetpack_memberships_contains_paid_content":false,"footnotes":"","jetpack_publicize_message":"","jetpack_publicize_feature_enabled":true,"jetpack_social_post_already_shared":true,"jetpack_social_options":{"image_generator_settings":{"template":"highway","enabled":false},"version":2}},"categories":[1],"tags":[15,36],"class_list":["post-12145","post","type-post","status-publish","format-standard","has-post-thumbnail","hentry","category-la-piedad","tag-la-piedad","tag-principales"],"jetpack_publicize_connections":[],"jetpack_sharing_enabled":true,"featured_image_urls":{"full":["http:\/\/tvalaire.com\/wp-content\/uploads\/2024\/06\/441400050_831023949051985_1446197481430412803_n-2.jpg",526,526,false],"thumbnail":["http:\/\/tvalaire.com\/wp-content\/uploads\/2024\/06\/441400050_831023949051985_1446197481430412803_n-2-150x150.jpg",150,150,true],"medium":["http:\/\/tvalaire.com\/wp-content\/uploads\/2024\/06\/441400050_831023949051985_1446197481430412803_n-2-300x300.jpg",300,300,true],"medium_large":["http:\/\/tvalaire.com\/wp-content\/uploads\/2024\/06\/441400050_831023949051985_1446197481430412803_n-2.jpg",526,526,false],"large":["http:\/\/tvalaire.com\/wp-content\/uploads\/2024\/06\/441400050_831023949051985_1446197481430412803_n-2.jpg",526,526,false],"post-slider-thumb-size":["http:\/\/tvalaire.com\/wp-content\/uploads\/2024\/06\/441400050_831023949051985_1446197481430412803_n-2-330x190.jpg",330,190,true],"post-category-slider-size":["http:\/\/tvalaire.com\/wp-content\/uploads\/2024\/06\/441400050_831023949051985_1446197481430412803_n-2.jpg",330,330,false],"1536x1536":["http:\/\/tvalaire.com\/wp-content\/uploads\/2024\/06\/441400050_831023949051985_1446197481430412803_n-2.jpg",526,526,false],"2048x2048":["http:\/\/tvalaire.com\/wp-content\/uploads\/2024\/06\/441400050_831023949051985_1446197481430412803_n-2.jpg",526,526,false],"newsium-slider-full":["http:\/\/tvalaire.com\/wp-content\/uploads\/2024\/06\/441400050_831023949051985_1446197481430412803_n-2.jpg",526,526,false],"newsium-featured":["http:\/\/tvalaire.com\/wp-content\/uploads\/2024\/06\/441400050_831023949051985_1446197481430412803_n-2.jpg",526,526,false],"newsium-medium":["http:\/\/tvalaire.com\/wp-content\/uploads\/2024\/06\/441400050_831023949051985_1446197481430412803_n-2-526x475.jpg",526,475,true]},"author_info":{"info":["tvalairenoti"]},"category_info":"<a href=\"http:\/\/tvalaire.com\/?cat=1\" rel=\"category\">La Piedad<\/a>","tag_info":"La Piedad","comment_count":"0","jetpack_featured_media_url":"http:\/\/tvalaire.com\/wp-content\/uploads\/2024\/06\/441400050_831023949051985_1446197481430412803_n-2.jpg","_links":{"self":[{"href":"http:\/\/tvalaire.com\/index.php?rest_route=\/wp\/v2\/posts\/12145"}],"collection":[{"href":"http:\/\/tvalaire.com\/index.php?rest_route=\/wp\/v2\/posts"}],"about":[{"href":"http:\/\/tvalaire.com\/index.php?rest_route=\/wp\/v2\/types\/post"}],"author":[{"embeddable":true,"href":"http:\/\/tvalaire.com\/index.php?rest_route=\/wp\/v2\/users\/1"}],"replies":[{"embeddable":true,"href":"http:\/\/tvalaire.com\/index.php?rest_route=%2Fwp%2Fv2%2Fcomments&post=12145"}],"version-history":[{"count":1,"href":"http:\/\/tvalaire.com\/index.php?rest_route=\/wp\/v2\/posts\/12145\/revisions"}],"predecessor-version":[{"id":12147,"href":"http:\/\/tvalaire.com\/index.php?rest_route=\/wp\/v2\/posts\/12145\/revisions\/12147"}],"wp:featuredmedia":[{"embeddable":true,"href":"http:\/\/tvalaire.com\/index.php?rest_route=\/wp\/v2\/media\/12146"}],"wp:attachment":[{"href":"http:\/\/tvalaire.com\/index.php?rest_route=%2Fwp%2Fv2%2Fmedia&parent=12145"}],"wp:term":[{"taxonomy":"category","embeddable":true,"href":"http:\/\/tvalaire.com\/index.php?rest_route=%2Fwp%2Fv2%2Fcategories&post=12145"},{"taxonomy":"post_tag","embeddable":true,"href":"http:\/\/tvalaire.com\/index.php?rest_route=%2Fwp%2Fv2%2Ftags&post=12145"}],"curies":[{"name":"wp","href":"https:\/\/api.w.org\/{rel}","templated":true}]}}