{"id":1213,"date":"2017-04-03T10:16:32","date_gmt":"2017-04-03T15:16:32","guid":{"rendered":"http:\/\/tvalaire.com\/?p=1213"},"modified":"2017-04-03T10:16:32","modified_gmt":"2017-04-03T15:16:32","slug":"habra-jornada-de-aparatos-auditivos-y-adaptacion-de-lentes-en-los-centros-comunitarios","status":"publish","type":"post","link":"http:\/\/tvalaire.com\/?p=1213","title":{"rendered":"HABR\u00c1 JORNADA DE APARATOS AUDITIVOS Y ADAPTACI\u00d3N DE LENTES EN LOS CENTROS COMUNITARIOS"},"content":{"rendered":"<p><strong>\u00a0<\/strong><\/p>\n<p>El Gobierno Municipal a trav\u00e9s de la direcci\u00f3n de Desarrollo Social en coordinaci\u00f3n con la fundaci\u00f3n \u201cVolver a escuchar\u201d, anunciaron la puesta en marcha de una Jornada de Aparatos Auditivos y Lentes que se realizar\u00e1 en los Centros Comunitarios y algunas de las comunidades rurales del municipio.<\/p>\n<p>La programaci\u00f3n que se tiene establecida para esta Primera Jornada de Aparatos Auditivos y Lentes, dar\u00e1 inicio el martes 4 de abril en el Centro Comunitario de la colonia Vasco de Quiroga, por lo que el Gobierno Municipal a trav\u00e9s de la direcci\u00f3n de Desarrollo Social convoca a toda la ciudadan\u00eda en general, para que acudan en las fechas y horarios que a continuaci\u00f3n se dar\u00e1n a conocer.<\/p>\n<p>A trav\u00e9s de esta jornada se realizar\u00e1n estudios de audiometr\u00eda para la adaptaci\u00f3n de aparatos de audici\u00f3n y optom\u00e9tricos para adaptar lentes a las personas que resulten con alg\u00fan problema de la vista, por lo que en caso de que el paciente resulte lo requierase le graduaran los lentes. El estudio ser\u00e1 totalmente gratuito.<\/p>\n<p>Para las personas que sean candidatas a necesitar tanto los aparatos auditivos como los lentes, se les entregar\u00e1 por medio de un subsidio que aporta tanto el Gobierno Municipal como la fundaci\u00f3n \u201cVolver a escuchar\u201d. De esta manera el beneficiario \u00fanicamente pagar\u00e1 una cuota de recuperaci\u00f3n seg\u00fan el aparato que elija y los lentes que requiera.<\/p>\n<p>&nbsp;<\/p>\n<p>Las fechas y lugares de la jornada son:<\/p>\n<p>Centro comunitario Vasco de Quiroga, martes 4 y mi\u00e9rcoles 5 de abril de las 10:00 a las 15:00 horas. En R\u00edo Grande misma fecha para cubrir a los habitantes de las comunidades de Guanajuatillo, Acuitzio, Zaragoza, El Cuitzillo, Melchor Ocampo, Palo del Cuarto, Calabocito y El Ensue\u00f1o, esto de las 17:00 a las 19:00 horas.<\/p>\n<p>En el Centro comunitario del fraccionamiento Delta, la actividad se desarrollar\u00e1 el jueves 6 y viernes 7 de abril mismo horario que el antes referido, cuando se visite la comunidad de Ticu\u00edtaco el jueves 6 de abril la atenci\u00f3n ser\u00e1 de las 17:00 a las 19:00 horas, para atender a los habitantes de Los Ayala, Los Melgoza, Los Ram\u00edrez, Los Rodr\u00edguez, El Jag\u00fcey, Santa Catarina y Villas de la Loma.<\/p>\n<p>Los Guajes, se visitar\u00e1 el viernes 7 de abril de las 17:00 a las 19:00 horas para atender a los vecinos del Algodonal, La Providencia y Taquiscuareo.<\/p>\n<p>Centro Comunitario de la colonia Los Laureles, lunes 10 de abril, mismo horario que el anterior, en El Fuerte y San Juan del Fuerte el lunes 10 de abril de las 17:00 a las 19:00 horas para atender a los vecinos de La Sala, La Escoba y El Hormiguero.<\/p>\n<p>Centro Comunitario de la colonia M\u00e9xico, martes 11 y mi\u00e9rcoles 12 de abril, mismo horario que el referido con anterioridad, Ojo de Agua el martes 11 de abril de las 17:00 a las 19:00 horas para atender a los habitantes de La Campana, San Joaqu\u00edn, Canoas del Salto, La Higuera, La Higuerita, Cujuarato, La Torcaza, El Zoro y Tanque de Pe\u00f1a.<\/p>\n<p>Paredones 12 de abril de las 17:00 a las 19:00 horas para atender a los vecinos de El Zapote, El Pandillo, Jauja y La Esperanza.<\/p>\n","protected":false},"excerpt":{"rendered":"<p>\u00a0 El Gobierno Municipal a trav\u00e9s de la direcci\u00f3n de Desarrollo Social en coordinaci\u00f3n con&#8230;<\/p>\n","protected":false},"author":1,"featured_media":1210,"comment_status":"open","ping_status":"open","sticky":false,"template":"","format":"standard","meta":{"jetpack_post_was_ever_published":false,"_jetpack_newsletter_access":"","_jetpack_dont_email_post_to_subs":false,"_jetpack_newsletter_tier_id":0,"_jetpack_memberships_contains_paywalled_content":false,"_jetpack_memberships_contains_paid_content":false,"footnotes":"","jetpack_publicize_message":"","jetpack_publicize_feature_enabled":true,"jetpack_social_post_already_shared":false,"jetpack_social_options":{"image_generator_settings":{"template":"highway","enabled":false},"version":2}},"categories":[1],"tags":[15,36],"class_list":["post-1213","post","type-post","status-publish","format-standard","has-post-thumbnail","hentry","category-la-piedad","tag-la-piedad","tag-principales"],"jetpack_publicize_connections":[],"jetpack_sharing_enabled":true,"featured_image_urls":{"full":["http:\/\/tvalaire.com\/wp-content\/uploads\/2017\/04\/HABR\u00c1-JORNADA-DE-APARATOS-AUDITIVOS-Y-ADAPTACI\u00d3N-DE-LENTES-EN-LOS-CENTROS-COMUNITARIOS.jpg",1100,733,false],"thumbnail":["http:\/\/tvalaire.com\/wp-content\/uploads\/2017\/04\/HABR\u00c1-JORNADA-DE-APARATOS-AUDITIVOS-Y-ADAPTACI\u00d3N-DE-LENTES-EN-LOS-CENTROS-COMUNITARIOS-150x150.jpg",150,150,true],"medium":["http:\/\/tvalaire.com\/wp-content\/uploads\/2017\/04\/HABR\u00c1-JORNADA-DE-APARATOS-AUDITIVOS-Y-ADAPTACI\u00d3N-DE-LENTES-EN-LOS-CENTROS-COMUNITARIOS-300x200.jpg",300,200,true],"medium_large":["http:\/\/tvalaire.com\/wp-content\/uploads\/2017\/04\/HABR\u00c1-JORNADA-DE-APARATOS-AUDITIVOS-Y-ADAPTACI\u00d3N-DE-LENTES-EN-LOS-CENTROS-COMUNITARIOS-768x512.jpg",640,427,true],"large":["http:\/\/tvalaire.com\/wp-content\/uploads\/2017\/04\/HABR\u00c1-JORNADA-DE-APARATOS-AUDITIVOS-Y-ADAPTACI\u00d3N-DE-LENTES-EN-LOS-CENTROS-COMUNITARIOS-1024x682.jpg",640,426,true],"post-slider-thumb-size":["http:\/\/tvalaire.com\/wp-content\/uploads\/2017\/04\/HABR\u00c1-JORNADA-DE-APARATOS-AUDITIVOS-Y-ADAPTACI\u00d3N-DE-LENTES-EN-LOS-CENTROS-COMUNITARIOS.jpg",285,190,false],"post-category-slider-size":["http:\/\/tvalaire.com\/wp-content\/uploads\/2017\/04\/HABR\u00c1-JORNADA-DE-APARATOS-AUDITIVOS-Y-ADAPTACI\u00d3N-DE-LENTES-EN-LOS-CENTROS-COMUNITARIOS.jpg",330,220,false],"1536x1536":["http:\/\/tvalaire.com\/wp-content\/uploads\/2017\/04\/HABR\u00c1-JORNADA-DE-APARATOS-AUDITIVOS-Y-ADAPTACI\u00d3N-DE-LENTES-EN-LOS-CENTROS-COMUNITARIOS.jpg",1100,733,false],"2048x2048":["http:\/\/tvalaire.com\/wp-content\/uploads\/2017\/04\/HABR\u00c1-JORNADA-DE-APARATOS-AUDITIVOS-Y-ADAPTACI\u00d3N-DE-LENTES-EN-LOS-CENTROS-COMUNITARIOS.jpg",1100,733,false],"newsium-slider-full":["http:\/\/tvalaire.com\/wp-content\/uploads\/2017\/04\/HABR\u00c1-JORNADA-DE-APARATOS-AUDITIVOS-Y-ADAPTACI\u00d3N-DE-LENTES-EN-LOS-CENTROS-COMUNITARIOS.jpg",1100,733,false],"newsium-featured":["http:\/\/tvalaire.com\/wp-content\/uploads\/2017\/04\/HABR\u00c1-JORNADA-DE-APARATOS-AUDITIVOS-Y-ADAPTACI\u00d3N-DE-LENTES-EN-LOS-CENTROS-COMUNITARIOS.jpg",1024,682,false],"newsium-medium":["http:\/\/tvalaire.com\/wp-content\/uploads\/2017\/04\/HABR\u00c1-JORNADA-DE-APARATOS-AUDITIVOS-Y-ADAPTACI\u00d3N-DE-LENTES-EN-LOS-CENTROS-COMUNITARIOS.jpg",713,475,false]},"author_info":{"info":["tvalairenoti"]},"category_info":"<a href=\"http:\/\/tvalaire.com\/?cat=1\" rel=\"category\">La Piedad<\/a>","tag_info":"La Piedad","comment_count":"0","jetpack_featured_media_url":"http:\/\/tvalaire.com\/wp-content\/uploads\/2017\/04\/HABR\u00c1-JORNADA-DE-APARATOS-AUDITIVOS-Y-ADAPTACI\u00d3N-DE-LENTES-EN-LOS-CENTROS-COMUNITARIOS.jpg","_links":{"self":[{"href":"http:\/\/tvalaire.com\/index.php?rest_route=\/wp\/v2\/posts\/1213"}],"collection":[{"href":"http:\/\/tvalaire.com\/index.php?rest_route=\/wp\/v2\/posts"}],"about":[{"href":"http:\/\/tvalaire.com\/index.php?rest_route=\/wp\/v2\/types\/post"}],"author":[{"embeddable":true,"href":"http:\/\/tvalaire.com\/index.php?rest_route=\/wp\/v2\/users\/1"}],"replies":[{"embeddable":true,"href":"http:\/\/tvalaire.com\/index.php?rest_route=%2Fwp%2Fv2%2Fcomments&post=1213"}],"version-history":[{"count":1,"href":"http:\/\/tvalaire.com\/index.php?rest_route=\/wp\/v2\/posts\/1213\/revisions"}],"predecessor-version":[{"id":1214,"href":"http:\/\/tvalaire.com\/index.php?rest_route=\/wp\/v2\/posts\/1213\/revisions\/1214"}],"wp:featuredmedia":[{"embeddable":true,"href":"http:\/\/tvalaire.com\/index.php?rest_route=\/wp\/v2\/media\/1210"}],"wp:attachment":[{"href":"http:\/\/tvalaire.com\/index.php?rest_route=%2Fwp%2Fv2%2Fmedia&parent=1213"}],"wp:term":[{"taxonomy":"category","embeddable":true,"href":"http:\/\/tvalaire.com\/index.php?rest_route=%2Fwp%2Fv2%2Fcategories&post=1213"},{"taxonomy":"post_tag","embeddable":true,"href":"http:\/\/tvalaire.com\/index.php?rest_route=%2Fwp%2Fv2%2Ftags&post=1213"}],"curies":[{"name":"wp","href":"https:\/\/api.w.org\/{rel}","templated":true}]}}