{"id":12114,"date":"2024-03-24T12:37:50","date_gmt":"2024-03-24T18:37:50","guid":{"rendered":"http:\/\/tvalaire.com\/?p=12114"},"modified":"2024-05-02T12:41:09","modified_gmt":"2024-05-02T18:41:09","slug":"en-la-piedad-se-realizara-ahumados-festival-gastronomico-y-cultural-2","status":"publish","type":"post","link":"http:\/\/tvalaire.com\/?p=12114","title":{"rendered":"EN LA PIEDAD SE REALIZAR\u00c1 \u201cAHUMADOS, FESTIVAL GASTRON\u00d3MICO Y CULTURAL\u201d"},"content":{"rendered":"\n<p><\/p>\n\n\n\n<ul class=\"wp-block-list\">\n<li><strong>S\u00e1bado 6 y domingo 7 de abril en el Parque \u201cLa Placa\u201d<\/strong><\/li>\n\n\n\n<li><strong>M\u00e1s de 35 expositores, \u00e1rea para ni\u00f1os y gran programa musical<\/strong><\/li>\n<\/ul>\n\n\n\n<p>Se &nbsp;realizar\u00e1 la segunda edici\u00f3n de \u201cAhumados, Festival Gastron\u00f3mico y Cultural\u201d, mismo que se llevar\u00e1 a cabo el pr\u00f3ximo s\u00e1bado 6 y domingo 7 de abril en el Parque \u201cLa Placa\u201d, todo ello bajo la organizaci\u00f3n de la Direcci\u00f3n de Promoci\u00f3n Econ\u00f3mica y Turismo del municipio de La Piedad, esto con el objetivo de promover la gastronom\u00eda de la regi\u00f3n.<\/p>\n\n\n\n<p>As\u00ed mismo, se contar\u00e1 con la presencia de m\u00e1s de 35 expositores que tendr\u00e1n: cortes de carne, costillas, alitas, carne de borrego, salchichas alemanas, hamburguesas en medall\u00f3n de at\u00fan, adem\u00e1s de variedad de postres, cocteler\u00eda, cerveza y mezcal artesanal, distintivo de la regi\u00f3n.<\/p>\n\n\n\n<p>Por su parte, el acceso tendr\u00e1 un costo de recuperaci\u00f3n de $30 pesos, donde el s\u00e1bado 7 de abril, podr\u00e1n acceder a partir de las 12 del mediod\u00eda, mientras que el domingo, las familias podr\u00e1n ingresar a partir de las 10 de la ma\u00f1ana. &nbsp;<\/p>\n\n\n\n<p>\u201cAhumados\u201d, tendr\u00e1 \u00e1rea infantil y tambi\u00e9n un programa musical para todos, donde destacar\u00e1n las participaciones art\u00edsticas de: \u201cThe NewTones\u201d, \u201cThe Farmers\u201d y &nbsp;\u201cBecarfuls\u201d, agrupaciones que estar\u00e1n presentes el d\u00eda s\u00e1bado, mientras que el domingo, se tendr\u00e1 la presentaci\u00f3n del grupo norte\u00f1o \u201cLos Konkiss MX\u201d.<\/p>\n\n\n\n<p>El festival tendr\u00e1 un ambiente c\u00e1lido y familiar para todas y todos, donde adem\u00e1s de probar las delicias gastron\u00f3micas, puedan gozar de un fin de semana en compa\u00f1\u00eda de sus seres queridos.<\/p>\n\n\n\n<figure class=\"wp-block-image size-large is-style-default\"><img loading=\"lazy\" decoding=\"async\" width=\"1024\" height=\"681\" src=\"http:\/\/tvalaire.com\/wp-content\/uploads\/2024\/05\/WhatsApp-Image-2024-03-04-at-15.53.39-1024x681.jpeg\" alt=\"\" class=\"wp-image-12116\" srcset=\"http:\/\/tvalaire.com\/wp-content\/uploads\/2024\/05\/WhatsApp-Image-2024-03-04-at-15.53.39-1024x681.jpeg 1024w, http:\/\/tvalaire.com\/wp-content\/uploads\/2024\/05\/WhatsApp-Image-2024-03-04-at-15.53.39-300x200.jpeg 300w, http:\/\/tvalaire.com\/wp-content\/uploads\/2024\/05\/WhatsApp-Image-2024-03-04-at-15.53.39-768x511.jpeg 768w, http:\/\/tvalaire.com\/wp-content\/uploads\/2024\/05\/WhatsApp-Image-2024-03-04-at-15.53.39-1536x1021.jpeg 1536w, http:\/\/tvalaire.com\/wp-content\/uploads\/2024\/05\/WhatsApp-Image-2024-03-04-at-15.53.39.jpeg 1600w\" sizes=\"(max-width: 1024px) 100vw, 1024px\" \/><\/figure>\n\n\n\n<figure class=\"wp-block-image size-large is-style-default\"><img loading=\"lazy\" decoding=\"async\" width=\"1024\" height=\"682\" src=\"http:\/\/tvalaire.com\/wp-content\/uploads\/2024\/05\/ahumados-2-1024x682.jpg\" alt=\"\" class=\"wp-image-12117\" srcset=\"http:\/\/tvalaire.com\/wp-content\/uploads\/2024\/05\/ahumados-2-1024x682.jpg 1024w, http:\/\/tvalaire.com\/wp-content\/uploads\/2024\/05\/ahumados-2-300x200.jpg 300w, http:\/\/tvalaire.com\/wp-content\/uploads\/2024\/05\/ahumados-2-768x511.jpg 768w, http:\/\/tvalaire.com\/wp-content\/uploads\/2024\/05\/ahumados-2.jpg 1280w\" sizes=\"(max-width: 1024px) 100vw, 1024px\" \/><\/figure>\n","protected":false},"excerpt":{"rendered":"<p>Se &nbsp;realizar\u00e1 la segunda edici\u00f3n de \u201cAhumados, Festival Gastron\u00f3mico y Cultural\u201d, mismo que se llevar\u00e1&#8230;<\/p>\n","protected":false},"author":1,"featured_media":12115,"comment_status":"open","ping_status":"open","sticky":false,"template":"","format":"standard","meta":{"jetpack_post_was_ever_published":false,"_jetpack_newsletter_access":"","_jetpack_dont_email_post_to_subs":false,"_jetpack_newsletter_tier_id":0,"_jetpack_memberships_contains_paywalled_content":false,"_jetpack_memberships_contains_paid_content":false,"footnotes":"","jetpack_publicize_message":"","jetpack_publicize_feature_enabled":true,"jetpack_social_post_already_shared":true,"jetpack_social_options":{"image_generator_settings":{"template":"highway","enabled":false},"version":2}},"categories":[1],"tags":[15,36],"class_list":["post-12114","post","type-post","status-publish","format-standard","has-post-thumbnail","hentry","category-la-piedad","tag-la-piedad","tag-principales"],"jetpack_publicize_connections":[],"jetpack_sharing_enabled":true,"featured_image_urls":{"full":["http:\/\/tvalaire.com\/wp-content\/uploads\/2024\/05\/WhatsApp-Image-2024-03-04-at-15.54.22.jpeg",1600,1064,false],"thumbnail":["http:\/\/tvalaire.com\/wp-content\/uploads\/2024\/05\/WhatsApp-Image-2024-03-04-at-15.54.22-150x150.jpeg",150,150,true],"medium":["http:\/\/tvalaire.com\/wp-content\/uploads\/2024\/05\/WhatsApp-Image-2024-03-04-at-15.54.22-300x200.jpeg",300,200,true],"medium_large":["http:\/\/tvalaire.com\/wp-content\/uploads\/2024\/05\/WhatsApp-Image-2024-03-04-at-15.54.22-768x511.jpeg",640,426,true],"large":["http:\/\/tvalaire.com\/wp-content\/uploads\/2024\/05\/WhatsApp-Image-2024-03-04-at-15.54.22-1024x681.jpeg",640,426,true],"post-slider-thumb-size":["http:\/\/tvalaire.com\/wp-content\/uploads\/2024\/05\/WhatsApp-Image-2024-03-04-at-15.54.22-330x190.jpeg",330,190,true],"post-category-slider-size":["http:\/\/tvalaire.com\/wp-content\/uploads\/2024\/05\/WhatsApp-Image-2024-03-04-at-15.54.22.jpeg",330,219,false],"1536x1536":["http:\/\/tvalaire.com\/wp-content\/uploads\/2024\/05\/WhatsApp-Image-2024-03-04-at-15.54.22-1536x1021.jpeg",1536,1021,true],"2048x2048":["http:\/\/tvalaire.com\/wp-content\/uploads\/2024\/05\/WhatsApp-Image-2024-03-04-at-15.54.22.jpeg",1600,1064,false],"newsium-slider-full":["http:\/\/tvalaire.com\/wp-content\/uploads\/2024\/05\/WhatsApp-Image-2024-03-04-at-15.54.22-1280x845.jpeg",1280,845,true],"newsium-featured":["http:\/\/tvalaire.com\/wp-content\/uploads\/2024\/05\/WhatsApp-Image-2024-03-04-at-15.54.22-1024x681.jpeg",1024,681,true],"newsium-medium":["http:\/\/tvalaire.com\/wp-content\/uploads\/2024\/05\/WhatsApp-Image-2024-03-04-at-15.54.22-720x475.jpeg",720,475,true]},"author_info":{"info":["tvalairenoti"]},"category_info":"<a href=\"http:\/\/tvalaire.com\/?cat=1\" rel=\"category\">La Piedad<\/a>","tag_info":"La Piedad","comment_count":"0","jetpack_featured_media_url":"http:\/\/tvalaire.com\/wp-content\/uploads\/2024\/05\/WhatsApp-Image-2024-03-04-at-15.54.22.jpeg","_links":{"self":[{"href":"http:\/\/tvalaire.com\/index.php?rest_route=\/wp\/v2\/posts\/12114"}],"collection":[{"href":"http:\/\/tvalaire.com\/index.php?rest_route=\/wp\/v2\/posts"}],"about":[{"href":"http:\/\/tvalaire.com\/index.php?rest_route=\/wp\/v2\/types\/post"}],"author":[{"embeddable":true,"href":"http:\/\/tvalaire.com\/index.php?rest_route=\/wp\/v2\/users\/1"}],"replies":[{"embeddable":true,"href":"http:\/\/tvalaire.com\/index.php?rest_route=%2Fwp%2Fv2%2Fcomments&post=12114"}],"version-history":[{"count":1,"href":"http:\/\/tvalaire.com\/index.php?rest_route=\/wp\/v2\/posts\/12114\/revisions"}],"predecessor-version":[{"id":12118,"href":"http:\/\/tvalaire.com\/index.php?rest_route=\/wp\/v2\/posts\/12114\/revisions\/12118"}],"wp:featuredmedia":[{"embeddable":true,"href":"http:\/\/tvalaire.com\/index.php?rest_route=\/wp\/v2\/media\/12115"}],"wp:attachment":[{"href":"http:\/\/tvalaire.com\/index.php?rest_route=%2Fwp%2Fv2%2Fmedia&parent=12114"}],"wp:term":[{"taxonomy":"category","embeddable":true,"href":"http:\/\/tvalaire.com\/index.php?rest_route=%2Fwp%2Fv2%2Fcategories&post=12114"},{"taxonomy":"post_tag","embeddable":true,"href":"http:\/\/tvalaire.com\/index.php?rest_route=%2Fwp%2Fv2%2Ftags&post=12114"}],"curies":[{"name":"wp","href":"https:\/\/api.w.org\/{rel}","templated":true}]}}