{"id":12077,"date":"2024-03-19T14:06:53","date_gmt":"2024-03-19T20:06:53","guid":{"rendered":"http:\/\/tvalaire.com\/?p=12077"},"modified":"2024-04-02T14:08:01","modified_gmt":"2024-04-02T20:08:01","slug":"este-domingo-24-de-marzo-festival-del-taco-y-la-torta","status":"publish","type":"post","link":"http:\/\/tvalaire.com\/?p=12077","title":{"rendered":"ESTE DOMINGO 24 DE MARZO \u201cFESTIVAL DEL TACO Y LA TORTA\u201d"},"content":{"rendered":"\n<p><\/p>\n\n\n\n<ul class=\"wp-block-list\">\n<li><strong>A partir de las 10 de la ma\u00f1ana en la Plaza Principal<\/strong><\/li>\n\n\n\n<li><strong>M\u00fasica en vivo y diversidad gastron\u00f3mica<\/strong><\/li>\n<\/ul>\n\n\n\n<p>A trav\u00e9s de la Direcci\u00f3n de Promoci\u00f3n Econ\u00f3mica y Turismo, se llevar\u00e1 a cabo este domingo 24 de marzo la tercera edici\u00f3n del \u201cFestival del Taco y la Torta\u201d a partir de las 10 de la ma\u00f1ana, en la Plaza Principal del municipio de La Piedad.<\/p>\n\n\n\n<p>La gastronom\u00eda piedadense se har\u00e1 presente, ya que se contar\u00e1 con una gran variedad de tacos y tortas, entre ellas: tacos de barbacoa, carne asada, cabeza, harina, carnitas, as\u00ed como las tradicionales tortas al vapor, planchadas y ahogadas. <strong><\/strong><\/p>\n\n\n\n<p>Por su parte, el festival contar\u00e1 m\u00fasica en vivo de talentos locales, esto &nbsp;para que las familias piedadenses cuenten con un ambiente divertido.<\/p>\n","protected":false},"excerpt":{"rendered":"<p>A trav\u00e9s de la Direcci\u00f3n de Promoci\u00f3n Econ\u00f3mica y Turismo, se llevar\u00e1 a cabo este&#8230;<\/p>\n","protected":false},"author":1,"featured_media":12078,"comment_status":"open","ping_status":"open","sticky":false,"template":"","format":"standard","meta":{"jetpack_post_was_ever_published":false,"_jetpack_newsletter_access":"","_jetpack_dont_email_post_to_subs":false,"_jetpack_newsletter_tier_id":0,"_jetpack_memberships_contains_paywalled_content":false,"_jetpack_memberships_contains_paid_content":false,"footnotes":"","jetpack_publicize_message":"","jetpack_publicize_feature_enabled":true,"jetpack_social_post_already_shared":true,"jetpack_social_options":{"image_generator_settings":{"template":"highway","enabled":false},"version":2}},"categories":[1],"tags":[15,36],"class_list":["post-12077","post","type-post","status-publish","format-standard","has-post-thumbnail","hentry","category-la-piedad","tag-la-piedad","tag-principales"],"jetpack_publicize_connections":[],"jetpack_sharing_enabled":true,"featured_image_urls":{"full":["http:\/\/tvalaire.com\/wp-content\/uploads\/2024\/04\/WhatsApp-Image-2024-03-15-at-14.27.58-1.jpeg",1600,1599,false],"thumbnail":["http:\/\/tvalaire.com\/wp-content\/uploads\/2024\/04\/WhatsApp-Image-2024-03-15-at-14.27.58-1-150x150.jpeg",150,150,true],"medium":["http:\/\/tvalaire.com\/wp-content\/uploads\/2024\/04\/WhatsApp-Image-2024-03-15-at-14.27.58-1-300x300.jpeg",300,300,true],"medium_large":["http:\/\/tvalaire.com\/wp-content\/uploads\/2024\/04\/WhatsApp-Image-2024-03-15-at-14.27.58-1-768x768.jpeg",640,640,true],"large":["http:\/\/tvalaire.com\/wp-content\/uploads\/2024\/04\/WhatsApp-Image-2024-03-15-at-14.27.58-1-1024x1024.jpeg",640,640,true],"post-slider-thumb-size":["http:\/\/tvalaire.com\/wp-content\/uploads\/2024\/04\/WhatsApp-Image-2024-03-15-at-14.27.58-1-330x190.jpeg",330,190,true],"post-category-slider-size":["http:\/\/tvalaire.com\/wp-content\/uploads\/2024\/04\/WhatsApp-Image-2024-03-15-at-14.27.58-1.jpeg",330,330,false],"1536x1536":["http:\/\/tvalaire.com\/wp-content\/uploads\/2024\/04\/WhatsApp-Image-2024-03-15-at-14.27.58-1-1536x1536.jpeg",1536,1536,true],"2048x2048":["http:\/\/tvalaire.com\/wp-content\/uploads\/2024\/04\/WhatsApp-Image-2024-03-15-at-14.27.58-1.jpeg",1600,1599,false],"newsium-slider-full":["http:\/\/tvalaire.com\/wp-content\/uploads\/2024\/04\/WhatsApp-Image-2024-03-15-at-14.27.58-1-1280x845.jpeg",1280,845,true],"newsium-featured":["http:\/\/tvalaire.com\/wp-content\/uploads\/2024\/04\/WhatsApp-Image-2024-03-15-at-14.27.58-1-1024x1023.jpeg",1024,1023,true],"newsium-medium":["http:\/\/tvalaire.com\/wp-content\/uploads\/2024\/04\/WhatsApp-Image-2024-03-15-at-14.27.58-1-720x475.jpeg",720,475,true]},"author_info":{"info":["tvalairenoti"]},"category_info":"<a href=\"http:\/\/tvalaire.com\/?cat=1\" rel=\"category\">La Piedad<\/a>","tag_info":"La Piedad","comment_count":"0","jetpack_featured_media_url":"http:\/\/tvalaire.com\/wp-content\/uploads\/2024\/04\/WhatsApp-Image-2024-03-15-at-14.27.58-1.jpeg","_links":{"self":[{"href":"http:\/\/tvalaire.com\/index.php?rest_route=\/wp\/v2\/posts\/12077"}],"collection":[{"href":"http:\/\/tvalaire.com\/index.php?rest_route=\/wp\/v2\/posts"}],"about":[{"href":"http:\/\/tvalaire.com\/index.php?rest_route=\/wp\/v2\/types\/post"}],"author":[{"embeddable":true,"href":"http:\/\/tvalaire.com\/index.php?rest_route=\/wp\/v2\/users\/1"}],"replies":[{"embeddable":true,"href":"http:\/\/tvalaire.com\/index.php?rest_route=%2Fwp%2Fv2%2Fcomments&post=12077"}],"version-history":[{"count":1,"href":"http:\/\/tvalaire.com\/index.php?rest_route=\/wp\/v2\/posts\/12077\/revisions"}],"predecessor-version":[{"id":12079,"href":"http:\/\/tvalaire.com\/index.php?rest_route=\/wp\/v2\/posts\/12077\/revisions\/12079"}],"wp:featuredmedia":[{"embeddable":true,"href":"http:\/\/tvalaire.com\/index.php?rest_route=\/wp\/v2\/media\/12078"}],"wp:attachment":[{"href":"http:\/\/tvalaire.com\/index.php?rest_route=%2Fwp%2Fv2%2Fmedia&parent=12077"}],"wp:term":[{"taxonomy":"category","embeddable":true,"href":"http:\/\/tvalaire.com\/index.php?rest_route=%2Fwp%2Fv2%2Fcategories&post=12077"},{"taxonomy":"post_tag","embeddable":true,"href":"http:\/\/tvalaire.com\/index.php?rest_route=%2Fwp%2Fv2%2Ftags&post=12077"}],"curies":[{"name":"wp","href":"https:\/\/api.w.org\/{rel}","templated":true}]}}