{"id":12071,"date":"2024-03-25T14:04:44","date_gmt":"2024-03-25T20:04:44","guid":{"rendered":"http:\/\/tvalaire.com\/?p=12071"},"modified":"2024-04-02T14:06:19","modified_gmt":"2024-04-02T20:06:19","slug":"mas-de-18-mil-tacos-y-tortas-vendidos-en-el-festival","status":"publish","type":"post","link":"http:\/\/tvalaire.com\/?p=12071","title":{"rendered":"M\u00c1S DE 18 MIL TACOS Y TORTAS VENDIDOS EN EL FESTIVAL"},"content":{"rendered":"\n<p><\/p>\n\n\n\n<ul class=\"wp-block-list\">\n<li><strong>3 mil 500 piedadenses disfrutaron de este evento<\/strong><\/li>\n\n\n\n<li><strong>23 expositores en el \u201cFestival del taco y la torta\u201d<\/strong><\/li>\n<\/ul>\n\n\n\n<p>M\u00e1s de 3 mil 500 piedadenses disfrutaron de un domingo familiar en el \u201cFestival del Taco y la Torta Edici\u00f3n 2024\u201d, donde a trav\u00e9s de la Direcci\u00f3n de Promoci\u00f3n Econ\u00f3mica y Turismo, se organiz\u00f3 la tercera edici\u00f3n de este festival, que promueve el impulso de la econom\u00eda y el encuentro de las familias.<\/p>\n\n\n\n<p>Por su parte, m\u00e1s de 18 mil piezas de tacos y tortas fueron lo que aproximadamente vendieron los 23 expositores que estuvieron presentes, donde hubo una gran variedad de tacos y tortas, entre ellos: tacos de cabeza, barbacoa, pastor, guisados, carne asada, carnitas, as\u00ed como las tradicionales tortas de vapor, ahogadas y planchadas.<\/p>\n\n\n\n<p>Adem\u00e1s, se vivi\u00f3 un ambiente festivo, con el talento del dueto \u201cBlanco y Negro\u201d, mismos que pusieron a bailar a las familias, por su parte, el evento promovi\u00f3 el sano esparcimiento sin consumo de alcohol.<\/p>\n\n\n\n<p>Dentro de los objetivos principales de este evento, fue promover una parte de la basta gastronom\u00eda mexicana, as\u00ed como de La Piedad y la regi\u00f3n, para de esta manera impulsar estos platillos t\u00edpicos que a todos nos gustan.<\/p>\n\n\n\n<figure class=\"wp-block-image size-large is-style-default\"><img loading=\"lazy\" decoding=\"async\" width=\"1024\" height=\"682\" src=\"http:\/\/tvalaire.com\/wp-content\/uploads\/2024\/04\/FESTIVAL-DEL-TACO-3-1024x682.jpeg\" alt=\"\" class=\"wp-image-12073\" srcset=\"http:\/\/tvalaire.com\/wp-content\/uploads\/2024\/04\/FESTIVAL-DEL-TACO-3-1024x682.jpeg 1024w, http:\/\/tvalaire.com\/wp-content\/uploads\/2024\/04\/FESTIVAL-DEL-TACO-3-300x200.jpeg 300w, http:\/\/tvalaire.com\/wp-content\/uploads\/2024\/04\/FESTIVAL-DEL-TACO-3-768x512.jpeg 768w, http:\/\/tvalaire.com\/wp-content\/uploads\/2024\/04\/FESTIVAL-DEL-TACO-3.jpeg 1280w\" sizes=\"(max-width: 1024px) 100vw, 1024px\" \/><\/figure>\n\n\n\n<figure class=\"wp-block-image size-large is-style-default\"><img loading=\"lazy\" decoding=\"async\" width=\"1024\" height=\"682\" src=\"http:\/\/tvalaire.com\/wp-content\/uploads\/2024\/04\/FESTIVAL-DEL-TACO-1-1024x682.jpeg\" alt=\"\" class=\"wp-image-12074\" srcset=\"http:\/\/tvalaire.com\/wp-content\/uploads\/2024\/04\/FESTIVAL-DEL-TACO-1-1024x682.jpeg 1024w, http:\/\/tvalaire.com\/wp-content\/uploads\/2024\/04\/FESTIVAL-DEL-TACO-1-300x200.jpeg 300w, http:\/\/tvalaire.com\/wp-content\/uploads\/2024\/04\/FESTIVAL-DEL-TACO-1-768x512.jpeg 768w, http:\/\/tvalaire.com\/wp-content\/uploads\/2024\/04\/FESTIVAL-DEL-TACO-1.jpeg 1280w\" sizes=\"(max-width: 1024px) 100vw, 1024px\" \/><\/figure>\n\n\n\n<figure class=\"wp-block-image size-large is-style-default\"><img loading=\"lazy\" decoding=\"async\" width=\"1024\" height=\"682\" src=\"http:\/\/tvalaire.com\/wp-content\/uploads\/2024\/04\/FESTIVAL-DEL-TACO-5-1024x682.jpeg\" alt=\"\" class=\"wp-image-12075\" srcset=\"http:\/\/tvalaire.com\/wp-content\/uploads\/2024\/04\/FESTIVAL-DEL-TACO-5-1024x682.jpeg 1024w, http:\/\/tvalaire.com\/wp-content\/uploads\/2024\/04\/FESTIVAL-DEL-TACO-5-300x200.jpeg 300w, http:\/\/tvalaire.com\/wp-content\/uploads\/2024\/04\/FESTIVAL-DEL-TACO-5-768x512.jpeg 768w, http:\/\/tvalaire.com\/wp-content\/uploads\/2024\/04\/FESTIVAL-DEL-TACO-5.jpeg 1280w\" sizes=\"(max-width: 1024px) 100vw, 1024px\" \/><\/figure>\n","protected":false},"excerpt":{"rendered":"<p>M\u00e1s de 3 mil 500 piedadenses disfrutaron de un domingo familiar en el \u201cFestival del&#8230;<\/p>\n","protected":false},"author":1,"featured_media":12072,"comment_status":"open","ping_status":"open","sticky":false,"template":"","format":"standard","meta":{"jetpack_post_was_ever_published":false,"_jetpack_newsletter_access":"","_jetpack_dont_email_post_to_subs":false,"_jetpack_newsletter_tier_id":0,"_jetpack_memberships_contains_paywalled_content":false,"_jetpack_memberships_contains_paid_content":false,"footnotes":"","jetpack_publicize_message":"","jetpack_publicize_feature_enabled":true,"jetpack_social_post_already_shared":true,"jetpack_social_options":{"image_generator_settings":{"template":"highway","enabled":false},"version":2}},"categories":[1],"tags":[15,36],"class_list":["post-12071","post","type-post","status-publish","format-standard","has-post-thumbnail","hentry","category-la-piedad","tag-la-piedad","tag-principales"],"jetpack_publicize_connections":[],"jetpack_sharing_enabled":true,"featured_image_urls":{"full":["http:\/\/tvalaire.com\/wp-content\/uploads\/2024\/04\/FESTIVAL-DEL-TACO-2.jpeg",1280,853,false],"thumbnail":["http:\/\/tvalaire.com\/wp-content\/uploads\/2024\/04\/FESTIVAL-DEL-TACO-2-150x150.jpeg",150,150,true],"medium":["http:\/\/tvalaire.com\/wp-content\/uploads\/2024\/04\/FESTIVAL-DEL-TACO-2-300x200.jpeg",300,200,true],"medium_large":["http:\/\/tvalaire.com\/wp-content\/uploads\/2024\/04\/FESTIVAL-DEL-TACO-2-768x512.jpeg",640,427,true],"large":["http:\/\/tvalaire.com\/wp-content\/uploads\/2024\/04\/FESTIVAL-DEL-TACO-2-1024x682.jpeg",640,426,true],"post-slider-thumb-size":["http:\/\/tvalaire.com\/wp-content\/uploads\/2024\/04\/FESTIVAL-DEL-TACO-2-330x190.jpeg",330,190,true],"post-category-slider-size":["http:\/\/tvalaire.com\/wp-content\/uploads\/2024\/04\/FESTIVAL-DEL-TACO-2.jpeg",330,220,false],"1536x1536":["http:\/\/tvalaire.com\/wp-content\/uploads\/2024\/04\/FESTIVAL-DEL-TACO-2.jpeg",1280,853,false],"2048x2048":["http:\/\/tvalaire.com\/wp-content\/uploads\/2024\/04\/FESTIVAL-DEL-TACO-2.jpeg",1280,853,false],"newsium-slider-full":["http:\/\/tvalaire.com\/wp-content\/uploads\/2024\/04\/FESTIVAL-DEL-TACO-2-1280x845.jpeg",1280,845,true],"newsium-featured":["http:\/\/tvalaire.com\/wp-content\/uploads\/2024\/04\/FESTIVAL-DEL-TACO-2-1024x682.jpeg",1024,682,true],"newsium-medium":["http:\/\/tvalaire.com\/wp-content\/uploads\/2024\/04\/FESTIVAL-DEL-TACO-2-720x475.jpeg",720,475,true]},"author_info":{"info":["tvalairenoti"]},"category_info":"<a href=\"http:\/\/tvalaire.com\/?cat=1\" rel=\"category\">La Piedad<\/a>","tag_info":"La Piedad","comment_count":"0","jetpack_featured_media_url":"http:\/\/tvalaire.com\/wp-content\/uploads\/2024\/04\/FESTIVAL-DEL-TACO-2.jpeg","_links":{"self":[{"href":"http:\/\/tvalaire.com\/index.php?rest_route=\/wp\/v2\/posts\/12071"}],"collection":[{"href":"http:\/\/tvalaire.com\/index.php?rest_route=\/wp\/v2\/posts"}],"about":[{"href":"http:\/\/tvalaire.com\/index.php?rest_route=\/wp\/v2\/types\/post"}],"author":[{"embeddable":true,"href":"http:\/\/tvalaire.com\/index.php?rest_route=\/wp\/v2\/users\/1"}],"replies":[{"embeddable":true,"href":"http:\/\/tvalaire.com\/index.php?rest_route=%2Fwp%2Fv2%2Fcomments&post=12071"}],"version-history":[{"count":1,"href":"http:\/\/tvalaire.com\/index.php?rest_route=\/wp\/v2\/posts\/12071\/revisions"}],"predecessor-version":[{"id":12076,"href":"http:\/\/tvalaire.com\/index.php?rest_route=\/wp\/v2\/posts\/12071\/revisions\/12076"}],"wp:featuredmedia":[{"embeddable":true,"href":"http:\/\/tvalaire.com\/index.php?rest_route=\/wp\/v2\/media\/12072"}],"wp:attachment":[{"href":"http:\/\/tvalaire.com\/index.php?rest_route=%2Fwp%2Fv2%2Fmedia&parent=12071"}],"wp:term":[{"taxonomy":"category","embeddable":true,"href":"http:\/\/tvalaire.com\/index.php?rest_route=%2Fwp%2Fv2%2Fcategories&post=12071"},{"taxonomy":"post_tag","embeddable":true,"href":"http:\/\/tvalaire.com\/index.php?rest_route=%2Fwp%2Fv2%2Ftags&post=12071"}],"curies":[{"name":"wp","href":"https:\/\/api.w.org\/{rel}","templated":true}]}}