{"id":12042,"date":"2024-02-09T14:20:55","date_gmt":"2024-02-09T20:20:55","guid":{"rendered":"http:\/\/tvalaire.com\/?p=12042"},"modified":"2024-03-05T14:22:13","modified_gmt":"2024-03-05T20:22:13","slug":"presidente-municipal-dignifica-cuartel-de-bomberos-la-piedad","status":"publish","type":"post","link":"http:\/\/tvalaire.com\/?p=12042","title":{"rendered":"PRESIDENTE MUNICIPAL DIGNIFICA CUARTEL DE BOMBEROS LA PIEDAD"},"content":{"rendered":"\n<p><\/p>\n\n\n\n<ul class=\"wp-block-list\">\n<li><strong>Samuel Hidalgo inaugura primera etapa del cuartel de Bomberos La Piedad<\/strong><\/li>\n\n\n\n<li><strong>M\u00f3dulo de descanso y ba\u00f1os dignos<\/strong><\/li>\n<\/ul>\n\n\n\n<p><a><\/a> El presidente municipal, Samuel Hidalgo, inaugur\u00f3 la primera etapa de la rehabilitaci\u00f3n del cuartel de Bomberos de La Piedad, donde recalc\u00f3 la importancia de colaborar en pro de mejores instalaciones para quienes salvaguardan nuestras vidas.<\/p>\n\n\n\n<p>\u201cCon esta acci\u00f3n, adem\u00e1s de dignificar los espacios de nuestros bomberos, les recordamos que gracias a cada uno de los voluntarios que forman parte de esta corporaci\u00f3n, los piedadenses estamos tranquillos, ante los percances que se puedan suscitar, ya que su trabajo tan loable, nos da bienestar\u201d, expres\u00f3 el Alcalde.<\/p>\n\n\n\n<p>Por su parte, los trabajos que se realizaron en esta primera etapa fue la instalaci\u00f3n de un m\u00f3dulo de descanso, adem\u00e1s de electricidad e iluminaci\u00f3n, as\u00ed como la construcci\u00f3n de dos sanitarios, regadera y lavamanos.<\/p>\n\n\n\n<p>As\u00ed mismo, el Cuerpo de Bomberos le agradeci\u00f3 al Hidalgo Gallardo por llevar a cabo esta obra, que sin lugar a dudas, har\u00e1 que se sientan en un espacio digno de j\u00f3venes y adultos que buscan apoyar a los ciudadanos ante cualquier situaci\u00f3n de riesgo.<\/p>\n\n\n\n<figure class=\"wp-block-image size-large is-style-default\"><img loading=\"lazy\" decoding=\"async\" width=\"1024\" height=\"682\" src=\"http:\/\/tvalaire.com\/wp-content\/uploads\/2024\/03\/1-2-1024x682.jpeg\" alt=\"\" class=\"wp-image-12044\" srcset=\"http:\/\/tvalaire.com\/wp-content\/uploads\/2024\/03\/1-2-1024x682.jpeg 1024w, http:\/\/tvalaire.com\/wp-content\/uploads\/2024\/03\/1-2-300x200.jpeg 300w, http:\/\/tvalaire.com\/wp-content\/uploads\/2024\/03\/1-2-768x512.jpeg 768w, http:\/\/tvalaire.com\/wp-content\/uploads\/2024\/03\/1-2.jpeg 1280w\" sizes=\"(max-width: 1024px) 100vw, 1024px\" \/><\/figure>\n","protected":false},"excerpt":{"rendered":"<p>El presidente municipal, Samuel Hidalgo, inaugur\u00f3 la primera etapa de la rehabilitaci\u00f3n del cuartel de&#8230;<\/p>\n","protected":false},"author":1,"featured_media":12043,"comment_status":"open","ping_status":"open","sticky":false,"template":"","format":"standard","meta":{"jetpack_post_was_ever_published":false,"_jetpack_newsletter_access":"","_jetpack_dont_email_post_to_subs":false,"_jetpack_newsletter_tier_id":0,"_jetpack_memberships_contains_paywalled_content":false,"_jetpack_memberships_contains_paid_content":false,"footnotes":"","jetpack_publicize_message":"","jetpack_publicize_feature_enabled":true,"jetpack_social_post_already_shared":true,"jetpack_social_options":{"image_generator_settings":{"template":"highway","enabled":false},"version":2}},"categories":[1],"tags":[15,36],"class_list":["post-12042","post","type-post","status-publish","format-standard","has-post-thumbnail","hentry","category-la-piedad","tag-la-piedad","tag-principales"],"jetpack_publicize_connections":[],"jetpack_sharing_enabled":true,"featured_image_urls":{"full":["http:\/\/tvalaire.com\/wp-content\/uploads\/2024\/03\/1-1.jpeg",1280,853,false],"thumbnail":["http:\/\/tvalaire.com\/wp-content\/uploads\/2024\/03\/1-1-150x150.jpeg",150,150,true],"medium":["http:\/\/tvalaire.com\/wp-content\/uploads\/2024\/03\/1-1-300x200.jpeg",300,200,true],"medium_large":["http:\/\/tvalaire.com\/wp-content\/uploads\/2024\/03\/1-1-768x512.jpeg",640,427,true],"large":["http:\/\/tvalaire.com\/wp-content\/uploads\/2024\/03\/1-1-1024x682.jpeg",640,426,true],"post-slider-thumb-size":["http:\/\/tvalaire.com\/wp-content\/uploads\/2024\/03\/1-1-330x190.jpeg",330,190,true],"post-category-slider-size":["http:\/\/tvalaire.com\/wp-content\/uploads\/2024\/03\/1-1.jpeg",330,220,false],"1536x1536":["http:\/\/tvalaire.com\/wp-content\/uploads\/2024\/03\/1-1.jpeg",1280,853,false],"2048x2048":["http:\/\/tvalaire.com\/wp-content\/uploads\/2024\/03\/1-1.jpeg",1280,853,false],"newsium-slider-full":["http:\/\/tvalaire.com\/wp-content\/uploads\/2024\/03\/1-1-1280x845.jpeg",1280,845,true],"newsium-featured":["http:\/\/tvalaire.com\/wp-content\/uploads\/2024\/03\/1-1-1024x682.jpeg",1024,682,true],"newsium-medium":["http:\/\/tvalaire.com\/wp-content\/uploads\/2024\/03\/1-1-720x475.jpeg",720,475,true]},"author_info":{"info":["tvalairenoti"]},"category_info":"<a href=\"http:\/\/tvalaire.com\/?cat=1\" rel=\"category\">La Piedad<\/a>","tag_info":"La Piedad","comment_count":"0","jetpack_featured_media_url":"http:\/\/tvalaire.com\/wp-content\/uploads\/2024\/03\/1-1.jpeg","_links":{"self":[{"href":"http:\/\/tvalaire.com\/index.php?rest_route=\/wp\/v2\/posts\/12042"}],"collection":[{"href":"http:\/\/tvalaire.com\/index.php?rest_route=\/wp\/v2\/posts"}],"about":[{"href":"http:\/\/tvalaire.com\/index.php?rest_route=\/wp\/v2\/types\/post"}],"author":[{"embeddable":true,"href":"http:\/\/tvalaire.com\/index.php?rest_route=\/wp\/v2\/users\/1"}],"replies":[{"embeddable":true,"href":"http:\/\/tvalaire.com\/index.php?rest_route=%2Fwp%2Fv2%2Fcomments&post=12042"}],"version-history":[{"count":1,"href":"http:\/\/tvalaire.com\/index.php?rest_route=\/wp\/v2\/posts\/12042\/revisions"}],"predecessor-version":[{"id":12045,"href":"http:\/\/tvalaire.com\/index.php?rest_route=\/wp\/v2\/posts\/12042\/revisions\/12045"}],"wp:featuredmedia":[{"embeddable":true,"href":"http:\/\/tvalaire.com\/index.php?rest_route=\/wp\/v2\/media\/12043"}],"wp:attachment":[{"href":"http:\/\/tvalaire.com\/index.php?rest_route=%2Fwp%2Fv2%2Fmedia&parent=12042"}],"wp:term":[{"taxonomy":"category","embeddable":true,"href":"http:\/\/tvalaire.com\/index.php?rest_route=%2Fwp%2Fv2%2Fcategories&post=12042"},{"taxonomy":"post_tag","embeddable":true,"href":"http:\/\/tvalaire.com\/index.php?rest_route=%2Fwp%2Fv2%2Ftags&post=12042"}],"curies":[{"name":"wp","href":"https:\/\/api.w.org\/{rel}","templated":true}]}}