{"id":1203,"date":"2017-03-31T09:48:51","date_gmt":"2017-03-31T15:48:51","guid":{"rendered":"http:\/\/tvalaire.com\/?p=1203"},"modified":"2017-03-31T09:48:51","modified_gmt":"2017-03-31T15:48:51","slug":"miguel-bose-y-haash-se-unen-al-historico-elenco-de-la-expo-fiesta-michoacan-2017","status":"publish","type":"post","link":"http:\/\/tvalaire.com\/?p=1203","title":{"rendered":"Miguel Bos\u00e9 y Ha*Ash se unen al hist\u00f3rico elenco de la Expo Fiesta Michoac\u00e1n 2017"},"content":{"rendered":"<p>&nbsp;<\/p>\n<ul>\n<li>El cantante espa\u00f1ol y el d\u00fao de rock pop mexicano se presentar\u00e1n en el Teatro del Pueblo el martes 9 de mayo y el domingo 30 de abril, respectivamente.<\/li>\n<\/ul>\n<p><strong>Morelia, Michoac\u00e1n, a 30 de marzo de 2017.-<\/strong> El Teatro del Pueblo de la Expo Fiesta Michoac\u00e1n 2017 se vestir\u00e1 de gala para el magno concierto que el martes 9 de mayo ofrecer\u00e1 uno de los m\u00e1s artistas m\u00e1s importantes del mundo de habla hispana: Miguel Bos\u00e9.<\/p>\n<p>Adem\u00e1s, el Teatro del Pueblo tambi\u00e9n ser\u00e1 el escenario para la presentaci\u00f3n que el d\u00fao de rock pop mexicano Ha*Ash ofrecer\u00e1 el domingo 30 de abril.<\/p>\n<p>De esta manera, se confirma que la edici\u00f3n 2017 de la Expo Fiesta Michoac\u00e1n ser\u00e1 la m\u00e1s importante realizada hasta la fecha, pues ofrecer\u00e1 a cientos de miles de personas la oportunidad de disfrutar de un elenco art\u00edstico de nivel internacional a precios populares.<\/p>\n<p>Miguel Bos\u00e9 arribar\u00e1 a tierras michoacanas como parte de su gira Estar\u00e9, que lo lleva por M\u00e9xico, Espa\u00f1a, Estados Unidos, Puerto Rico, Centro y Sudam\u00e9rica para presentar su nuevo y espectacular show, una puesta en escena contempor\u00e1nea en la cual no s\u00f3lo interpreta los m\u00e1s grandes \u00e9xitos de su carrera, sino que tambi\u00e9n incluye el concepto de su m\u00e1s reciente \u00e1lbum, Bos\u00e9: MTV Unplugged.<\/p>\n<p>Por su parte, el d\u00fao Ha*Ash \u2013conformado por las hermanas Hanna y Ashley P\u00e9rez, consideradas las reinas del \u201csold out\u201d gracias al lleno total que han logrado en varios foros de M\u00e9xico e incluso del extranjero- llegan a la entidad como parte de su gira Primera Fila: Hecho realidad.<\/p>\n<p>Miguel Bos\u00e9 y Ha*Ash se unen as\u00ed al elenco de la hist\u00f3rica Expo Fiesta Michoac\u00e1n 2017, que incluye a cantantes como Marc Anthony, Enrique Iglesias y Marco Antonio Sol\u00eds \u201cEl Buki\u201d.<\/p>\n<p>Cabe recordar que la Expo Fiesta mantiene su vocaci\u00f3n social al ofrecer espect\u00e1culos de primer nivel a precios populares. Adem\u00e1s, el dinero que se recaude por la venta de boletos de conciertos ser\u00e1 donado a las casas hogar del Sistema DIF Michoac\u00e1n.<\/p>\n<p>Todos los d\u00edas, de lunes a domingo, ingresar a la Expo Fiesta costar\u00e1 solamente 40 pesos por persona. Las y los ni\u00f1os menores de 10 a\u00f1os entran gratis.<\/p>\n<p>Para disfrutar de todos los conciertos en el Teatro del Pueblo s\u00f3lo ser\u00e1 necesario pagar el boleto de entrada al Recinto Ferial.<\/p>\n<p>Al igual que para los conciertos de Marc Anthony, Enrique Iglesias, \u201cEl Buki\u201d, Emmanuel y Mijares, el d\u00eda de la presentaci\u00f3n de Miguel Bos\u00e9 el ingreso a la Expo Fiesta Michoac\u00e1n costar\u00e1 100 pesos (ni\u00f1as y ni\u00f1as menores de 10 a\u00f1os entran gratis).<\/p>\n<p>Para esos cinco conciertos, en el Teatro del Pueblo ser\u00e1 dispuesta una zona limitada de numerados en la que cada boleto tendr\u00e1 una cuota de recuperaci\u00f3n de entre mil 500 y 2 mil 500 pesos, lo que permitir\u00e1 fortalecer la sustentabilidad econ\u00f3mica de la Expo Fiesta Michoac\u00e1n.<\/p>\n<p>Toda la informaci\u00f3n sobre las fechas de su presentaci\u00f3n y dem\u00e1s actividades de la Expo Fiesta ya puede ser consultada en su p\u00e1gina oficial (www.expofiestamichoacan.mx).<\/p>\n<p>&nbsp;<\/p>\n<p><img loading=\"lazy\" decoding=\"async\" class=\"alignnone size-medium wp-image-1205\" src=\"http:\/\/tvalaire.com\/wp-content\/uploads\/2017\/03\/Miguel-Bose\u0301-300x224.jpg\" alt=\"\" width=\"300\" height=\"224\" srcset=\"http:\/\/tvalaire.com\/wp-content\/uploads\/2017\/03\/Miguel-Bose\u0301-300x224.jpg 300w, http:\/\/tvalaire.com\/wp-content\/uploads\/2017\/03\/Miguel-Bose\u0301-768x574.jpg 768w, http:\/\/tvalaire.com\/wp-content\/uploads\/2017\/03\/Miguel-Bose\u0301.jpg 980w\" sizes=\"(max-width: 300px) 100vw, 300px\" \/><\/p>\n<p><img loading=\"lazy\" decoding=\"async\" class=\"alignnone size-medium wp-image-1204\" src=\"http:\/\/tvalaire.com\/wp-content\/uploads\/2017\/03\/Captura-de-pantalla-2016-07-01-a-las-13.47.15-300x300.png\" alt=\"\" width=\"300\" height=\"300\" srcset=\"http:\/\/tvalaire.com\/wp-content\/uploads\/2017\/03\/Captura-de-pantalla-2016-07-01-a-las-13.47.15-300x300.png 300w, http:\/\/tvalaire.com\/wp-content\/uploads\/2017\/03\/Captura-de-pantalla-2016-07-01-a-las-13.47.15-150x150.png 150w, http:\/\/tvalaire.com\/wp-content\/uploads\/2017\/03\/Captura-de-pantalla-2016-07-01-a-las-13.47.15-100x100.png 100w, http:\/\/tvalaire.com\/wp-content\/uploads\/2017\/03\/Captura-de-pantalla-2016-07-01-a-las-13.47.15-60x60.png 60w, http:\/\/tvalaire.com\/wp-content\/uploads\/2017\/03\/Captura-de-pantalla-2016-07-01-a-las-13.47.15.png 660w\" sizes=\"(max-width: 300px) 100vw, 300px\" \/><\/p>\n","protected":false},"excerpt":{"rendered":"<p>&nbsp; El cantante espa\u00f1ol y el d\u00fao de rock pop mexicano se presentar\u00e1n en el&#8230;<\/p>\n","protected":false},"author":1,"featured_media":1205,"comment_status":"open","ping_status":"open","sticky":false,"template":"","format":"standard","meta":{"jetpack_post_was_ever_published":false,"_jetpack_newsletter_access":"","_jetpack_dont_email_post_to_subs":false,"_jetpack_newsletter_tier_id":0,"_jetpack_memberships_contains_paywalled_content":false,"_jetpack_memberships_contains_paid_content":false,"footnotes":"","jetpack_publicize_message":"","jetpack_publicize_feature_enabled":true,"jetpack_social_post_already_shared":false,"jetpack_social_options":{"image_generator_settings":{"template":"highway","enabled":false},"version":2}},"categories":[31],"tags":[37,36],"class_list":["post-1203","post","type-post","status-publish","format-standard","has-post-thumbnail","hentry","category-estado","tag-estado","tag-principales"],"jetpack_publicize_connections":[],"jetpack_sharing_enabled":true,"featured_image_urls":{"full":["http:\/\/tvalaire.com\/wp-content\/uploads\/2017\/03\/Miguel-Bose\u0301.jpg",980,732,false],"thumbnail":["http:\/\/tvalaire.com\/wp-content\/uploads\/2017\/03\/Miguel-Bose\u0301-150x150.jpg",150,150,true],"medium":["http:\/\/tvalaire.com\/wp-content\/uploads\/2017\/03\/Miguel-Bose\u0301-300x224.jpg",300,224,true],"medium_large":["http:\/\/tvalaire.com\/wp-content\/uploads\/2017\/03\/Miguel-Bose\u0301-768x574.jpg",640,478,true],"large":["http:\/\/tvalaire.com\/wp-content\/uploads\/2017\/03\/Miguel-Bose\u0301.jpg",640,478,false],"post-slider-thumb-size":["http:\/\/tvalaire.com\/wp-content\/uploads\/2017\/03\/Miguel-Bose\u0301.jpg",254,190,false],"post-category-slider-size":["http:\/\/tvalaire.com\/wp-content\/uploads\/2017\/03\/Miguel-Bose\u0301.jpg",330,246,false],"1536x1536":["http:\/\/tvalaire.com\/wp-content\/uploads\/2017\/03\/Miguel-Bose\u0301.jpg",980,732,false],"2048x2048":["http:\/\/tvalaire.com\/wp-content\/uploads\/2017\/03\/Miguel-Bose\u0301.jpg",980,732,false],"newsium-slider-full":["http:\/\/tvalaire.com\/wp-content\/uploads\/2017\/03\/Miguel-Bose\u0301.jpg",980,732,false],"newsium-featured":["http:\/\/tvalaire.com\/wp-content\/uploads\/2017\/03\/Miguel-Bose\u0301.jpg",980,732,false],"newsium-medium":["http:\/\/tvalaire.com\/wp-content\/uploads\/2017\/03\/Miguel-Bose\u0301.jpg",636,475,false]},"author_info":{"info":["tvalairenoti"]},"category_info":"<a href=\"http:\/\/tvalaire.com\/?cat=31\" rel=\"category\">Estado<\/a>","tag_info":"Estado","comment_count":"0","jetpack_featured_media_url":"http:\/\/tvalaire.com\/wp-content\/uploads\/2017\/03\/Miguel-Bose\u0301.jpg","_links":{"self":[{"href":"http:\/\/tvalaire.com\/index.php?rest_route=\/wp\/v2\/posts\/1203"}],"collection":[{"href":"http:\/\/tvalaire.com\/index.php?rest_route=\/wp\/v2\/posts"}],"about":[{"href":"http:\/\/tvalaire.com\/index.php?rest_route=\/wp\/v2\/types\/post"}],"author":[{"embeddable":true,"href":"http:\/\/tvalaire.com\/index.php?rest_route=\/wp\/v2\/users\/1"}],"replies":[{"embeddable":true,"href":"http:\/\/tvalaire.com\/index.php?rest_route=%2Fwp%2Fv2%2Fcomments&post=1203"}],"version-history":[{"count":1,"href":"http:\/\/tvalaire.com\/index.php?rest_route=\/wp\/v2\/posts\/1203\/revisions"}],"predecessor-version":[{"id":1206,"href":"http:\/\/tvalaire.com\/index.php?rest_route=\/wp\/v2\/posts\/1203\/revisions\/1206"}],"wp:featuredmedia":[{"embeddable":true,"href":"http:\/\/tvalaire.com\/index.php?rest_route=\/wp\/v2\/media\/1205"}],"wp:attachment":[{"href":"http:\/\/tvalaire.com\/index.php?rest_route=%2Fwp%2Fv2%2Fmedia&parent=1203"}],"wp:term":[{"taxonomy":"category","embeddable":true,"href":"http:\/\/tvalaire.com\/index.php?rest_route=%2Fwp%2Fv2%2Fcategories&post=1203"},{"taxonomy":"post_tag","embeddable":true,"href":"http:\/\/tvalaire.com\/index.php?rest_route=%2Fwp%2Fv2%2Ftags&post=1203"}],"curies":[{"name":"wp","href":"https:\/\/api.w.org\/{rel}","templated":true}]}}