{"id":1201,"date":"2017-03-31T09:28:39","date_gmt":"2017-03-31T15:28:39","guid":{"rendered":"http:\/\/tvalaire.com\/?p=1201"},"modified":"2017-03-31T09:28:39","modified_gmt":"2017-03-31T15:28:39","slug":"aprueba-ayuntamiento-de-la-piedad-modificacion-presupuestal-y-cuenta-publica-anual","status":"publish","type":"post","link":"http:\/\/tvalaire.com\/?p=1201","title":{"rendered":"APRUEBA AYUNTAMIENTO DE LA PIEDAD MODIFICACI\u00d3N PRESUPUESTAL Y CUENTA P\u00daBLICA ANUAL"},"content":{"rendered":"<p class=\"xmsonormal\" style=\"margin-left: 35.4pt; text-align: justify; background: white;\"><b><span style=\"font-size: 11.0pt; font-family: 'Arial','sans-serif'; color: #212121;\">APRUEBA AYUNTAMIENTO DE LA PIEDAD MODIFICACI\u00d3N PRESUPUESTAL Y CUENTA P\u00daBLICA ANUAL<\/span><\/b><\/p>\n<p class=\"xmsonormal\" style=\"text-align: justify; background: white; font-variant-ligatures: normal; font-variant-caps: normal; orphans: 2; widows: 2; -webkit-text-stroke-width: 0px; word-spacing: 0px;\"><span style=\"font-size: 11.0pt; font-family: 'Arial','sans-serif'; color: #212121;\">\u00a0<\/span><\/p>\n<p class=\"xmsonormal\" style=\"text-align: justify; background: white; font-variant-ligatures: normal; font-variant-caps: normal; orphans: 2; widows: 2; -webkit-text-stroke-width: 0px; word-spacing: 0px;\"><span style=\"font-size: 11.0pt; font-family: 'Arial','sans-serif'; color: #212121;\">Por mayor\u00eda de votos, integrantes del Ayuntamiento autorizaron la solicitud que present\u00f3 el Tesorero, Emilio Guill\u00e9n P\u00e9rez, para la modificaci\u00f3n presupuestal y cuenta p\u00fablica del 2016, la cual cerr\u00f3 en 392 millones 202 mil 118 pesos.<\/span><\/p>\n<p class=\"xmsonormal\" style=\"text-align: justify; background: white;\"><span style=\"font-size: 11.0pt; font-family: 'Arial','sans-serif'; color: #212121;\">El tema se analiz\u00f3 en sesi\u00f3n extraordinaria en la que los integrantes del Cabildo autorizaron la intervenci\u00f3n del Tesorero, Emilio Guill\u00e9n P\u00e9rez para que expusiera la cuenta.<\/span><\/p>\n<p class=\"xmsonormal\" style=\"text-align: justify; background: white;\"><span style=\"font-size: 11.0pt; font-family: 'Arial','sans-serif'; color: #212121;\">En primer t\u00e9rmino explic\u00f3 que la demora en la presentaci\u00f3n de la misma se dio por los problemas que se presentan actualmente debido a la implementaci\u00f3n de un nuevo sistema de software, que provoc\u00f3 el retardo en la integraci\u00f3n de la informaci\u00f3n, ya que el a\u00f1o pasado se llev\u00f3 a cabo el proceso de transici\u00f3n de un sistema a otro m\u00e1s actualizado.<\/span><\/p>\n<p class=\"xmsonormal\" style=\"text-align: justify; background: white;\"><span style=\"font-size: 11.0pt; font-family: 'Arial','sans-serif'; color: #212121;\">Antes de exponer la modificaci\u00f3n y cuenta 2016, present\u00f3 un documento que se le hizo llegar el pasado 26 de marzo de parte de la Secretar\u00eda de Finanzas de Morelia. Mismo que trata de un dictamen que la dependencia otorga a los ayuntamientos para determinar si son susceptibles a alg\u00fan cr\u00e9dito como el solicitado por el Ayuntamiento el a\u00f1o pasado.<\/span><\/p>\n<p class=\"xmsonormal\" style=\"text-align: justify; background: white;\"><span style=\"font-size: 11.0pt; font-family: 'Arial','sans-serif'; color: #212121;\">En \u00e9l, la Secretar\u00eda de Finanzas da una opini\u00f3n positiva a La Piedad, quien fue el \u00fanico municipio del Estado que obtuvo el documento en este sentido.<\/span><\/p>\n<p class=\"xmsonormal\" style=\"text-align: justify; background: white;\"><span style=\"font-size: 11.0pt; font-family: 'Arial','sans-serif'; color: #212121;\">En cuanto al presupuesto, detall\u00f3 que la forma de trabajo con el nuevo sistema, todas las direcciones deben establecer su contabilidad en base al presupuesto basado en resultados que contempla realizar los trabajos considerando los ejes del programa municipal de desarrollo, del cual deben surgir los objetivo, metas y acciones concretas para trabajar \u00e1rea por \u00e1rea.<\/span><\/p>\n<p class=\"xmsonormal\" style=\"text-align: justify; background: white;\"><span style=\"font-size: 11.0pt; font-family: 'Arial','sans-serif'; color: #212121;\">En este sentido, inform\u00f3 que el presupuesto de ingresos y egresos cerr\u00f3 en 392 millones 202 mil 118 pesos. Destac\u00f3 incrementos en algunos rubros como la recaudaci\u00f3n del impuesto Predial, pero tambi\u00e9n hubo disminuci\u00f3n de otros ingresos por concepto de participaciones las cuales se compensaron con las gestiones hechas por el Alcalde.<\/span><\/p>\n<p class=\"xmsonormal\" style=\"text-align: justify; background: white;\"><span style=\"font-size: 11.0pt; font-family: 'Arial','sans-serif'; color: #212121;\">Emilio Guill\u00e9n expuso que el trabajo realizado en la administraci\u00f3n p\u00fablica fue transparente y se dijo dispuesto a dar las explicaciones que los regidores soliciten.<\/span><\/p>\n","protected":false},"excerpt":{"rendered":"<p>APRUEBA AYUNTAMIENTO DE LA PIEDAD MODIFICACI\u00d3N PRESUPUESTAL Y CUENTA P\u00daBLICA ANUAL \u00a0 Por mayor\u00eda de&#8230;<\/p>\n","protected":false},"author":1,"featured_media":1197,"comment_status":"open","ping_status":"open","sticky":false,"template":"","format":"standard","meta":{"jetpack_post_was_ever_published":false,"_jetpack_newsletter_access":"","_jetpack_dont_email_post_to_subs":false,"_jetpack_newsletter_tier_id":0,"_jetpack_memberships_contains_paywalled_content":false,"_jetpack_memberships_contains_paid_content":false,"footnotes":"","jetpack_publicize_message":"","jetpack_publicize_feature_enabled":true,"jetpack_social_post_already_shared":false,"jetpack_social_options":{"image_generator_settings":{"template":"highway","enabled":false},"version":2}},"categories":[1],"tags":[15,36],"class_list":["post-1201","post","type-post","status-publish","format-standard","has-post-thumbnail","hentry","category-la-piedad","tag-la-piedad","tag-principales"],"jetpack_publicize_connections":[],"jetpack_sharing_enabled":true,"featured_image_urls":{"full":["http:\/\/tvalaire.com\/wp-content\/uploads\/2017\/03\/APRUEBA-AYUNTAMIENTO-DE-LA-PIEDAD-MODIFICACI\u00d3N-PRESUPUESTAL-Y-CUENTA-P\u00daBLICA-ANUAL-2016.jpg",1024,683,false],"thumbnail":["http:\/\/tvalaire.com\/wp-content\/uploads\/2017\/03\/APRUEBA-AYUNTAMIENTO-DE-LA-PIEDAD-MODIFICACI\u00d3N-PRESUPUESTAL-Y-CUENTA-P\u00daBLICA-ANUAL-2016-150x150.jpg",150,150,true],"medium":["http:\/\/tvalaire.com\/wp-content\/uploads\/2017\/03\/APRUEBA-AYUNTAMIENTO-DE-LA-PIEDAD-MODIFICACI\u00d3N-PRESUPUESTAL-Y-CUENTA-P\u00daBLICA-ANUAL-2016-300x200.jpg",300,200,true],"medium_large":["http:\/\/tvalaire.com\/wp-content\/uploads\/2017\/03\/APRUEBA-AYUNTAMIENTO-DE-LA-PIEDAD-MODIFICACI\u00d3N-PRESUPUESTAL-Y-CUENTA-P\u00daBLICA-ANUAL-2016-768x512.jpg",640,427,true],"large":["http:\/\/tvalaire.com\/wp-content\/uploads\/2017\/03\/APRUEBA-AYUNTAMIENTO-DE-LA-PIEDAD-MODIFICACI\u00d3N-PRESUPUESTAL-Y-CUENTA-P\u00daBLICA-ANUAL-2016-1024x683.jpg",640,427,true],"post-slider-thumb-size":["http:\/\/tvalaire.com\/wp-content\/uploads\/2017\/03\/APRUEBA-AYUNTAMIENTO-DE-LA-PIEDAD-MODIFICACI\u00d3N-PRESUPUESTAL-Y-CUENTA-P\u00daBLICA-ANUAL-2016.jpg",285,190,false],"post-category-slider-size":["http:\/\/tvalaire.com\/wp-content\/uploads\/2017\/03\/APRUEBA-AYUNTAMIENTO-DE-LA-PIEDAD-MODIFICACI\u00d3N-PRESUPUESTAL-Y-CUENTA-P\u00daBLICA-ANUAL-2016.jpg",330,220,false],"1536x1536":["http:\/\/tvalaire.com\/wp-content\/uploads\/2017\/03\/APRUEBA-AYUNTAMIENTO-DE-LA-PIEDAD-MODIFICACI\u00d3N-PRESUPUESTAL-Y-CUENTA-P\u00daBLICA-ANUAL-2016.jpg",1024,683,false],"2048x2048":["http:\/\/tvalaire.com\/wp-content\/uploads\/2017\/03\/APRUEBA-AYUNTAMIENTO-DE-LA-PIEDAD-MODIFICACI\u00d3N-PRESUPUESTAL-Y-CUENTA-P\u00daBLICA-ANUAL-2016.jpg",1024,683,false],"newsium-slider-full":["http:\/\/tvalaire.com\/wp-content\/uploads\/2017\/03\/APRUEBA-AYUNTAMIENTO-DE-LA-PIEDAD-MODIFICACI\u00d3N-PRESUPUESTAL-Y-CUENTA-P\u00daBLICA-ANUAL-2016.jpg",1024,683,false],"newsium-featured":["http:\/\/tvalaire.com\/wp-content\/uploads\/2017\/03\/APRUEBA-AYUNTAMIENTO-DE-LA-PIEDAD-MODIFICACI\u00d3N-PRESUPUESTAL-Y-CUENTA-P\u00daBLICA-ANUAL-2016.jpg",1024,683,false],"newsium-medium":["http:\/\/tvalaire.com\/wp-content\/uploads\/2017\/03\/APRUEBA-AYUNTAMIENTO-DE-LA-PIEDAD-MODIFICACI\u00d3N-PRESUPUESTAL-Y-CUENTA-P\u00daBLICA-ANUAL-2016.jpg",712,475,false]},"author_info":{"info":["tvalairenoti"]},"category_info":"<a href=\"http:\/\/tvalaire.com\/?cat=1\" rel=\"category\">La Piedad<\/a>","tag_info":"La Piedad","comment_count":"0","jetpack_featured_media_url":"http:\/\/tvalaire.com\/wp-content\/uploads\/2017\/03\/APRUEBA-AYUNTAMIENTO-DE-LA-PIEDAD-MODIFICACI\u00d3N-PRESUPUESTAL-Y-CUENTA-P\u00daBLICA-ANUAL-2016.jpg","_links":{"self":[{"href":"http:\/\/tvalaire.com\/index.php?rest_route=\/wp\/v2\/posts\/1201"}],"collection":[{"href":"http:\/\/tvalaire.com\/index.php?rest_route=\/wp\/v2\/posts"}],"about":[{"href":"http:\/\/tvalaire.com\/index.php?rest_route=\/wp\/v2\/types\/post"}],"author":[{"embeddable":true,"href":"http:\/\/tvalaire.com\/index.php?rest_route=\/wp\/v2\/users\/1"}],"replies":[{"embeddable":true,"href":"http:\/\/tvalaire.com\/index.php?rest_route=%2Fwp%2Fv2%2Fcomments&post=1201"}],"version-history":[{"count":1,"href":"http:\/\/tvalaire.com\/index.php?rest_route=\/wp\/v2\/posts\/1201\/revisions"}],"predecessor-version":[{"id":1202,"href":"http:\/\/tvalaire.com\/index.php?rest_route=\/wp\/v2\/posts\/1201\/revisions\/1202"}],"wp:featuredmedia":[{"embeddable":true,"href":"http:\/\/tvalaire.com\/index.php?rest_route=\/wp\/v2\/media\/1197"}],"wp:attachment":[{"href":"http:\/\/tvalaire.com\/index.php?rest_route=%2Fwp%2Fv2%2Fmedia&parent=1201"}],"wp:term":[{"taxonomy":"category","embeddable":true,"href":"http:\/\/tvalaire.com\/index.php?rest_route=%2Fwp%2Fv2%2Fcategories&post=1201"},{"taxonomy":"post_tag","embeddable":true,"href":"http:\/\/tvalaire.com\/index.php?rest_route=%2Fwp%2Fv2%2Ftags&post=1201"}],"curies":[{"name":"wp","href":"https:\/\/api.w.org\/{rel}","templated":true}]}}