{"id":11993,"date":"2024-02-27T13:57:48","date_gmt":"2024-02-27T19:57:48","guid":{"rendered":"http:\/\/tvalaire.com\/?p=11993"},"modified":"2024-03-05T13:58:53","modified_gmt":"2024-03-05T19:58:53","slug":"municipio-de-la-piedad-construira-parque-metropolitano","status":"publish","type":"post","link":"http:\/\/tvalaire.com\/?p=11993","title":{"rendered":"MUNICIPIO DE LA PIEDAD CONSTRUIR\u00c1 PARQUE METROPOLITANO"},"content":{"rendered":"\n<p><\/p>\n\n\n\n<ul class=\"wp-block-list\">\n<li><strong>Ser\u00e1 un lugar de convivencia y recreaci\u00f3n para las familias<\/strong><\/li>\n\n\n\n<li>\u2060<strong>Estar\u00e1 trabaj\u00e1ndose en varias etapas<\/strong><\/li>\n<\/ul>\n\n\n\n<p>En m\u00e1s de nueve hect\u00e1reas, el Gobierno Municipal de La Piedad, a cargo del alcalde Samuel Hidalgo Gallardo, recuperar\u00e1 espacio al aire libre a fin de construir un Parque Metropolitano denominado \u201cJos\u00e9 Mar\u00eda Cabadas\u201d.<\/p>\n\n\n\n<p>Se trata de un lugar en el que se tienen proyectados trabajos que contribuyan al fortalecimiento del tejido social, pues de acuerdo con el propio Presidente, la meta es ofrecer un lugar en el que se re\u00fanan y convivan las familias del municipio. El nuevo parque se ubica atr\u00e1s del colegio \u201cJuana de Asbaje\u201d.<\/p>\n\n\n\n<p>Hidalgo Gallardo, se\u00f1al\u00f3 que se da inicio con la reforestaci\u00f3n de \u00e1reas y posteriormente de la habilitaci\u00f3n de m\u00e1s senderos, m\u00f3dulos de sanitarios, la fachada del lugar, as\u00ed mismo, tambi\u00e9n se proyecta la construcci\u00f3n de un muelle para el lago artificial con el que se contar\u00e1 en el lugar. Agreg\u00f3 el Alcalde, que dentro de poco tiempo los piedadenses ya podr\u00e1n acudir al nuevo espacio.<\/p>\n\n\n\n<p><a><\/a> Al mismo tiempo destac\u00f3 que en etapas posteriores se continuar\u00e1 con los trabajos para habilitar un puente de concreto, estacionamiento, juegos infantiles, un lugar para actividades art\u00edsticas y culturales, as\u00ed como del peque\u00f1o malec\u00f3n alrededor del lago.<\/p>\n\n\n\n<p>De igual manera el funcionario subray\u00f3 que es de suma importancia que la sociedad en general se apropie del proyecto y en medida de lo posible cuide de las instalaciones de este nuevo espacio al aire libre que se est\u00e1 habilitado para todos los ciudadanos, agreg\u00f3 que dichas acciones garantizar\u00e1n que el lugar perdure por muchos a\u00f1os en favor de todos.<\/p>\n\n\n\n<figure class=\"wp-block-image size-large is-style-default\"><img loading=\"lazy\" decoding=\"async\" width=\"1024\" height=\"682\" src=\"http:\/\/tvalaire.com\/wp-content\/uploads\/2024\/03\/01-4-1-1024x682.jpeg\" alt=\"\" class=\"wp-image-11995\" srcset=\"http:\/\/tvalaire.com\/wp-content\/uploads\/2024\/03\/01-4-1-1024x682.jpeg 1024w, http:\/\/tvalaire.com\/wp-content\/uploads\/2024\/03\/01-4-1-300x200.jpeg 300w, http:\/\/tvalaire.com\/wp-content\/uploads\/2024\/03\/01-4-1-768x512.jpeg 768w, http:\/\/tvalaire.com\/wp-content\/uploads\/2024\/03\/01-4-1.jpeg 1280w\" sizes=\"(max-width: 1024px) 100vw, 1024px\" \/><\/figure>\n","protected":false},"excerpt":{"rendered":"<p>En m\u00e1s de nueve hect\u00e1reas, el Gobierno Municipal de La Piedad, a cargo del alcalde&#8230;<\/p>\n","protected":false},"author":1,"featured_media":11994,"comment_status":"open","ping_status":"open","sticky":false,"template":"","format":"standard","meta":{"jetpack_post_was_ever_published":false,"_jetpack_newsletter_access":"","_jetpack_dont_email_post_to_subs":false,"_jetpack_newsletter_tier_id":0,"_jetpack_memberships_contains_paywalled_content":false,"_jetpack_memberships_contains_paid_content":false,"footnotes":"","jetpack_publicize_message":"","jetpack_publicize_feature_enabled":true,"jetpack_social_post_already_shared":true,"jetpack_social_options":{"image_generator_settings":{"template":"highway","enabled":false},"version":2}},"categories":[1],"tags":[15,36],"class_list":["post-11993","post","type-post","status-publish","format-standard","has-post-thumbnail","hentry","category-la-piedad","tag-la-piedad","tag-principales"],"jetpack_publicize_connections":[],"jetpack_sharing_enabled":true,"featured_image_urls":{"full":["http:\/\/tvalaire.com\/wp-content\/uploads\/2024\/03\/01-2-1.jpeg",1600,899,false],"thumbnail":["http:\/\/tvalaire.com\/wp-content\/uploads\/2024\/03\/01-2-1-150x150.jpeg",150,150,true],"medium":["http:\/\/tvalaire.com\/wp-content\/uploads\/2024\/03\/01-2-1-300x169.jpeg",300,169,true],"medium_large":["http:\/\/tvalaire.com\/wp-content\/uploads\/2024\/03\/01-2-1-768x432.jpeg",640,360,true],"large":["http:\/\/tvalaire.com\/wp-content\/uploads\/2024\/03\/01-2-1-1024x575.jpeg",640,359,true],"post-slider-thumb-size":["http:\/\/tvalaire.com\/wp-content\/uploads\/2024\/03\/01-2-1-330x190.jpeg",330,190,true],"post-category-slider-size":["http:\/\/tvalaire.com\/wp-content\/uploads\/2024\/03\/01-2-1.jpeg",330,185,false],"1536x1536":["http:\/\/tvalaire.com\/wp-content\/uploads\/2024\/03\/01-2-1-1536x863.jpeg",1536,863,true],"2048x2048":["http:\/\/tvalaire.com\/wp-content\/uploads\/2024\/03\/01-2-1.jpeg",1600,899,false],"newsium-slider-full":["http:\/\/tvalaire.com\/wp-content\/uploads\/2024\/03\/01-2-1-1280x845.jpeg",1280,845,true],"newsium-featured":["http:\/\/tvalaire.com\/wp-content\/uploads\/2024\/03\/01-2-1-1024x575.jpeg",1024,575,true],"newsium-medium":["http:\/\/tvalaire.com\/wp-content\/uploads\/2024\/03\/01-2-1-720x475.jpeg",720,475,true]},"author_info":{"info":["tvalairenoti"]},"category_info":"<a href=\"http:\/\/tvalaire.com\/?cat=1\" rel=\"category\">La Piedad<\/a>","tag_info":"La Piedad","comment_count":"0","jetpack_featured_media_url":"http:\/\/tvalaire.com\/wp-content\/uploads\/2024\/03\/01-2-1.jpeg","_links":{"self":[{"href":"http:\/\/tvalaire.com\/index.php?rest_route=\/wp\/v2\/posts\/11993"}],"collection":[{"href":"http:\/\/tvalaire.com\/index.php?rest_route=\/wp\/v2\/posts"}],"about":[{"href":"http:\/\/tvalaire.com\/index.php?rest_route=\/wp\/v2\/types\/post"}],"author":[{"embeddable":true,"href":"http:\/\/tvalaire.com\/index.php?rest_route=\/wp\/v2\/users\/1"}],"replies":[{"embeddable":true,"href":"http:\/\/tvalaire.com\/index.php?rest_route=%2Fwp%2Fv2%2Fcomments&post=11993"}],"version-history":[{"count":1,"href":"http:\/\/tvalaire.com\/index.php?rest_route=\/wp\/v2\/posts\/11993\/revisions"}],"predecessor-version":[{"id":11996,"href":"http:\/\/tvalaire.com\/index.php?rest_route=\/wp\/v2\/posts\/11993\/revisions\/11996"}],"wp:featuredmedia":[{"embeddable":true,"href":"http:\/\/tvalaire.com\/index.php?rest_route=\/wp\/v2\/media\/11994"}],"wp:attachment":[{"href":"http:\/\/tvalaire.com\/index.php?rest_route=%2Fwp%2Fv2%2Fmedia&parent=11993"}],"wp:term":[{"taxonomy":"category","embeddable":true,"href":"http:\/\/tvalaire.com\/index.php?rest_route=%2Fwp%2Fv2%2Fcategories&post=11993"},{"taxonomy":"post_tag","embeddable":true,"href":"http:\/\/tvalaire.com\/index.php?rest_route=%2Fwp%2Fv2%2Ftags&post=11993"}],"curies":[{"name":"wp","href":"https:\/\/api.w.org\/{rel}","templated":true}]}}