{"id":1199,"date":"2017-03-31T09:26:44","date_gmt":"2017-03-31T15:26:44","guid":{"rendered":"http:\/\/tvalaire.com\/?p=1199"},"modified":"2017-03-31T09:26:44","modified_gmt":"2017-03-31T15:26:44","slug":"balizan-curva-peligrosa-del-periferico-oriente","status":"publish","type":"post","link":"http:\/\/tvalaire.com\/?p=1199","title":{"rendered":"BALIZAN CURVA PELIGROSA DEL PERIF\u00c9RICO ORIENTE"},"content":{"rendered":"<p class=\"xgmail-standard\" style=\"text-align: justify; background: white;\"><span style=\"font-size: 13.0pt; font-family: 'Arial','sans-serif'; color: #212121;\">Con el fin de garantizar el acceso seguro de los conductores por el Perif\u00e9rico Oriente La Piedad, el Gobierno Municipal puso en marcha un programa de balizamiento y en breve se anunci\u00f3 la colocaci\u00f3n de vieletas reflejantes en esta nueva v\u00eda de acceso.<\/span><\/p>\n<p class=\"xgmail-standard\" style=\"text-align: justify; background: white;\"><span style=\"font-size: 13.0pt; font-family: 'Arial','sans-serif'; color: #212121;\">Al respecto el Alcalde Juan Manuel Estrada Medina inform\u00f3 que esta era una medida que deb\u00eda tomar, ante la cantidad importante de accidentes que se registraron en las \u00faltimas tres semanas sobre el Perif\u00e9rico Oriente.<\/span><\/p>\n<p class=\"xgmail-standard\" style=\"text-align: justify; background: white;\"><span style=\"font-size: 13.0pt; font-family: 'Arial','sans-serif'; color: #212121;\">Mencion\u00f3 que su prop\u00f3sito es proteger a los conductores, de ah\u00ed que no esper\u00f3 una respuesta de parte de la Secretar\u00eda de Comunicaciones y Transportes (SCT), por lo que a partir desde el mi\u00e9rcoles 29 personal de Tr\u00e1nsito procedi\u00f3 a balizar el tramo y ya se solicitaron las vieletas reflejante que se colocar\u00e1n sobre el piso, con la finalidad de que los conductores que circulan por las noches puedan detectar que se acercan a una curva peligrosa.<\/span><\/p>\n<p class=\"xgmail-standard\" style=\"text-align: justify; background: white;\"><span style=\"font-size: 13.0pt; font-family: 'Arial','sans-serif'; color: #212121;\">El mun\u00edcipe consider\u00f3 que no haya problemas con la SCT por tomar la iniciativa de brindar seguridad a los conductores debido a que el tramo es peligroso y ya se hab\u00edan registrado varios accidentes.\u00a0<\/span><\/p>\n<p class=\"xgmail-standard\" style=\"text-align: justify; background: white;\"><span style=\"font-size: 13.0pt; font-family: 'Arial','sans-serif'; color: #212121;\">Indic\u00f3 a su vez que ese tramo corresponder\u00e1 el mantenimiento al Ayuntamiento, porque as\u00ed se estableci\u00f3 en el convenio desde hace a\u00f1os, sin embargo, a la SCT si habr\u00e1 de solicitar el arreglo del muro de contenci\u00f3n que ya se encuentra destruido y la obra no hace ni un a\u00f1o que se entreg\u00f3.<\/span><\/p>\n<p class=\"xgmail-standard\" style=\"text-align: justify; background: white;\"><span style=\"font-size: 13.0pt; font-family: 'Arial','sans-serif'; color: #212121;\">Los trabajos de balizamiento se llevaron a cabo el mi\u00e9rcoles por personal de Tr\u00e1nsito, en un trayecto de 700 metros lineales, en las inmediaciones de la curva que se encuentra al entronque con la carretera a Zamora.<\/span><\/p>\n","protected":false},"excerpt":{"rendered":"<p>Con el fin de garantizar el acceso seguro de los conductores por el Perif\u00e9rico Oriente&#8230;<\/p>\n","protected":false},"author":1,"featured_media":1198,"comment_status":"open","ping_status":"open","sticky":false,"template":"","format":"standard","meta":{"jetpack_post_was_ever_published":false,"_jetpack_newsletter_access":"","_jetpack_dont_email_post_to_subs":false,"_jetpack_newsletter_tier_id":0,"_jetpack_memberships_contains_paywalled_content":false,"_jetpack_memberships_contains_paid_content":false,"footnotes":"","jetpack_publicize_message":"","jetpack_publicize_feature_enabled":true,"jetpack_social_post_already_shared":false,"jetpack_social_options":{"image_generator_settings":{"template":"highway","enabled":false},"version":2}},"categories":[1],"tags":[15,36],"class_list":["post-1199","post","type-post","status-publish","format-standard","has-post-thumbnail","hentry","category-la-piedad","tag-la-piedad","tag-principales"],"jetpack_publicize_connections":[],"jetpack_sharing_enabled":true,"featured_image_urls":{"full":["http:\/\/tvalaire.com\/wp-content\/uploads\/2017\/03\/BALIZAN-CURVA-PELIGROSA-DEL-PERIF\u00c9RICO-ORIENTE.jpg",1024,768,false],"thumbnail":["http:\/\/tvalaire.com\/wp-content\/uploads\/2017\/03\/BALIZAN-CURVA-PELIGROSA-DEL-PERIF\u00c9RICO-ORIENTE-150x150.jpg",150,150,true],"medium":["http:\/\/tvalaire.com\/wp-content\/uploads\/2017\/03\/BALIZAN-CURVA-PELIGROSA-DEL-PERIF\u00c9RICO-ORIENTE-300x225.jpg",300,225,true],"medium_large":["http:\/\/tvalaire.com\/wp-content\/uploads\/2017\/03\/BALIZAN-CURVA-PELIGROSA-DEL-PERIF\u00c9RICO-ORIENTE-768x576.jpg",640,480,true],"large":["http:\/\/tvalaire.com\/wp-content\/uploads\/2017\/03\/BALIZAN-CURVA-PELIGROSA-DEL-PERIF\u00c9RICO-ORIENTE-1024x768.jpg",640,480,true],"post-slider-thumb-size":["http:\/\/tvalaire.com\/wp-content\/uploads\/2017\/03\/BALIZAN-CURVA-PELIGROSA-DEL-PERIF\u00c9RICO-ORIENTE.jpg",253,190,false],"post-category-slider-size":["http:\/\/tvalaire.com\/wp-content\/uploads\/2017\/03\/BALIZAN-CURVA-PELIGROSA-DEL-PERIF\u00c9RICO-ORIENTE.jpg",330,248,false],"1536x1536":["http:\/\/tvalaire.com\/wp-content\/uploads\/2017\/03\/BALIZAN-CURVA-PELIGROSA-DEL-PERIF\u00c9RICO-ORIENTE.jpg",1024,768,false],"2048x2048":["http:\/\/tvalaire.com\/wp-content\/uploads\/2017\/03\/BALIZAN-CURVA-PELIGROSA-DEL-PERIF\u00c9RICO-ORIENTE.jpg",1024,768,false],"newsium-slider-full":["http:\/\/tvalaire.com\/wp-content\/uploads\/2017\/03\/BALIZAN-CURVA-PELIGROSA-DEL-PERIF\u00c9RICO-ORIENTE.jpg",1024,768,false],"newsium-featured":["http:\/\/tvalaire.com\/wp-content\/uploads\/2017\/03\/BALIZAN-CURVA-PELIGROSA-DEL-PERIF\u00c9RICO-ORIENTE.jpg",1024,768,false],"newsium-medium":["http:\/\/tvalaire.com\/wp-content\/uploads\/2017\/03\/BALIZAN-CURVA-PELIGROSA-DEL-PERIF\u00c9RICO-ORIENTE.jpg",633,475,false]},"author_info":{"info":["tvalairenoti"]},"category_info":"<a href=\"http:\/\/tvalaire.com\/?cat=1\" rel=\"category\">La Piedad<\/a>","tag_info":"La Piedad","comment_count":"0","jetpack_featured_media_url":"http:\/\/tvalaire.com\/wp-content\/uploads\/2017\/03\/BALIZAN-CURVA-PELIGROSA-DEL-PERIF\u00c9RICO-ORIENTE.jpg","_links":{"self":[{"href":"http:\/\/tvalaire.com\/index.php?rest_route=\/wp\/v2\/posts\/1199"}],"collection":[{"href":"http:\/\/tvalaire.com\/index.php?rest_route=\/wp\/v2\/posts"}],"about":[{"href":"http:\/\/tvalaire.com\/index.php?rest_route=\/wp\/v2\/types\/post"}],"author":[{"embeddable":true,"href":"http:\/\/tvalaire.com\/index.php?rest_route=\/wp\/v2\/users\/1"}],"replies":[{"embeddable":true,"href":"http:\/\/tvalaire.com\/index.php?rest_route=%2Fwp%2Fv2%2Fcomments&post=1199"}],"version-history":[{"count":1,"href":"http:\/\/tvalaire.com\/index.php?rest_route=\/wp\/v2\/posts\/1199\/revisions"}],"predecessor-version":[{"id":1200,"href":"http:\/\/tvalaire.com\/index.php?rest_route=\/wp\/v2\/posts\/1199\/revisions\/1200"}],"wp:featuredmedia":[{"embeddable":true,"href":"http:\/\/tvalaire.com\/index.php?rest_route=\/wp\/v2\/media\/1198"}],"wp:attachment":[{"href":"http:\/\/tvalaire.com\/index.php?rest_route=%2Fwp%2Fv2%2Fmedia&parent=1199"}],"wp:term":[{"taxonomy":"category","embeddable":true,"href":"http:\/\/tvalaire.com\/index.php?rest_route=%2Fwp%2Fv2%2Fcategories&post=1199"},{"taxonomy":"post_tag","embeddable":true,"href":"http:\/\/tvalaire.com\/index.php?rest_route=%2Fwp%2Fv2%2Ftags&post=1199"}],"curies":[{"name":"wp","href":"https:\/\/api.w.org\/{rel}","templated":true}]}}