{"id":11953,"date":"2024-03-04T11:03:44","date_gmt":"2024-03-04T17:03:44","guid":{"rendered":"http:\/\/tvalaire.com\/?p=11953"},"modified":"2024-03-05T13:39:56","modified_gmt":"2024-03-05T19:39:56","slug":"invitan-a-expositores-a-participar-en-ahumados-festival-gastronomico-y-cultural","status":"publish","type":"post","link":"http:\/\/tvalaire.com\/?p=11953","title":{"rendered":"INVITAN A EXPOSITORES A PARTICIPAR EN \u201cAHUMADOS FESTIVAL GASTRON\u00d3MICO Y CULTURAL\u201d"},"content":{"rendered":"\n<p><\/p>\n\n\n\n<ul class=\"wp-block-list\">\n<li><strong>Municipio de La Piedad promueve gastronom\u00eda local y regional<\/strong><\/li>\n\n\n\n<li><strong>6 Y 7 de abril en el Parque La Placa<\/strong><\/li>\n<\/ul>\n\n\n\n<p>Municipio de La Piedad, invita a expositores locales y regionales a participar en \u201cAhumados Festival Gastron\u00f3mico y Cultural\u201d, evento que tendr\u00e1 lugar en el Parque L\u00e1zaro C\u00e1rdenas mejor conocido como \u201cLa Placa\u201d, los d\u00edas 6 y 7 de abril del presente a\u00f1o.<\/p>\n\n\n\n<p>El festival busca promover la gastronom\u00eda del municipio de La Piedad, as\u00ed como la regional, dando muestra de la diversidad de carnes que se producen a trav\u00e9s de los distintos cortes que estos ofrecen, adem\u00e1s de impulsar a los emprendedores que realizan distintos tipos de bebidas, como lo es la cerveza y el mezcal artesanal.<\/p>\n\n\n\n<p>Por su parte, el acceso al evento tendr\u00e1 una cuota de recuperaci\u00f3n de treinta pesos, donde las familias podr\u00e1n disfrutar de un pabell\u00f3n extenso de diferentes tipos de carnes, variedad gastron\u00f3mica, postres y presentaciones musicales de bandas de rock y m\u00fasica alterativa.<\/p>\n\n\n\n<p>As\u00ed mismo, las personas interesadas en participar pueden comunicarse a la Dependencia de Turismo del Municipio de La Piedad al tel\u00e9fono 352 52 2 78 56, para recibir mayor informaci\u00f3n al respecto.<\/p>\n\n\n\n<figure class=\"wp-block-image size-large is-style-default\"><img loading=\"lazy\" decoding=\"async\" width=\"1024\" height=\"681\" src=\"http:\/\/tvalaire.com\/wp-content\/uploads\/2024\/03\/WhatsApp-Image-2024-03-04-at-15.53.39-1024x681.jpeg\" alt=\"\" class=\"wp-image-11955\" srcset=\"http:\/\/tvalaire.com\/wp-content\/uploads\/2024\/03\/WhatsApp-Image-2024-03-04-at-15.53.39-1024x681.jpeg 1024w, http:\/\/tvalaire.com\/wp-content\/uploads\/2024\/03\/WhatsApp-Image-2024-03-04-at-15.53.39-300x200.jpeg 300w, http:\/\/tvalaire.com\/wp-content\/uploads\/2024\/03\/WhatsApp-Image-2024-03-04-at-15.53.39-768x511.jpeg 768w, http:\/\/tvalaire.com\/wp-content\/uploads\/2024\/03\/WhatsApp-Image-2024-03-04-at-15.53.39-1536x1021.jpeg 1536w, http:\/\/tvalaire.com\/wp-content\/uploads\/2024\/03\/WhatsApp-Image-2024-03-04-at-15.53.39.jpeg 1600w\" sizes=\"(max-width: 1024px) 100vw, 1024px\" \/><\/figure>\n","protected":false},"excerpt":{"rendered":"<p>Municipio de La Piedad, invita a expositores locales y regionales a participar en \u201cAhumados Festival&#8230;<\/p>\n","protected":false},"author":1,"featured_media":11954,"comment_status":"open","ping_status":"open","sticky":false,"template":"","format":"standard","meta":{"jetpack_post_was_ever_published":false,"_jetpack_newsletter_access":"","_jetpack_dont_email_post_to_subs":false,"_jetpack_newsletter_tier_id":0,"_jetpack_memberships_contains_paywalled_content":false,"_jetpack_memberships_contains_paid_content":false,"footnotes":"","jetpack_publicize_message":"","jetpack_publicize_feature_enabled":true,"jetpack_social_post_already_shared":true,"jetpack_social_options":{"image_generator_settings":{"template":"highway","enabled":false},"version":2}},"categories":[1],"tags":[15,36],"class_list":["post-11953","post","type-post","status-publish","format-standard","has-post-thumbnail","hentry","category-la-piedad","tag-la-piedad","tag-principales"],"jetpack_publicize_connections":[],"jetpack_sharing_enabled":true,"featured_image_urls":{"full":["http:\/\/tvalaire.com\/wp-content\/uploads\/2024\/03\/WhatsApp-Image-2024-03-04-at-15.53.31.jpeg",1600,1064,false],"thumbnail":["http:\/\/tvalaire.com\/wp-content\/uploads\/2024\/03\/WhatsApp-Image-2024-03-04-at-15.53.31-150x150.jpeg",150,150,true],"medium":["http:\/\/tvalaire.com\/wp-content\/uploads\/2024\/03\/WhatsApp-Image-2024-03-04-at-15.53.31-300x200.jpeg",300,200,true],"medium_large":["http:\/\/tvalaire.com\/wp-content\/uploads\/2024\/03\/WhatsApp-Image-2024-03-04-at-15.53.31-768x511.jpeg",640,426,true],"large":["http:\/\/tvalaire.com\/wp-content\/uploads\/2024\/03\/WhatsApp-Image-2024-03-04-at-15.53.31-1024x681.jpeg",640,426,true],"post-slider-thumb-size":["http:\/\/tvalaire.com\/wp-content\/uploads\/2024\/03\/WhatsApp-Image-2024-03-04-at-15.53.31-330x190.jpeg",330,190,true],"post-category-slider-size":["http:\/\/tvalaire.com\/wp-content\/uploads\/2024\/03\/WhatsApp-Image-2024-03-04-at-15.53.31.jpeg",330,219,false],"1536x1536":["http:\/\/tvalaire.com\/wp-content\/uploads\/2024\/03\/WhatsApp-Image-2024-03-04-at-15.53.31-1536x1021.jpeg",1536,1021,true],"2048x2048":["http:\/\/tvalaire.com\/wp-content\/uploads\/2024\/03\/WhatsApp-Image-2024-03-04-at-15.53.31.jpeg",1600,1064,false],"newsium-slider-full":["http:\/\/tvalaire.com\/wp-content\/uploads\/2024\/03\/WhatsApp-Image-2024-03-04-at-15.53.31-1280x845.jpeg",1280,845,true],"newsium-featured":["http:\/\/tvalaire.com\/wp-content\/uploads\/2024\/03\/WhatsApp-Image-2024-03-04-at-15.53.31-1024x681.jpeg",1024,681,true],"newsium-medium":["http:\/\/tvalaire.com\/wp-content\/uploads\/2024\/03\/WhatsApp-Image-2024-03-04-at-15.53.31-720x475.jpeg",720,475,true]},"author_info":{"info":["tvalairenoti"]},"category_info":"<a href=\"http:\/\/tvalaire.com\/?cat=1\" rel=\"category\">La Piedad<\/a>","tag_info":"La Piedad","comment_count":"0","jetpack_featured_media_url":"http:\/\/tvalaire.com\/wp-content\/uploads\/2024\/03\/WhatsApp-Image-2024-03-04-at-15.53.31.jpeg","_links":{"self":[{"href":"http:\/\/tvalaire.com\/index.php?rest_route=\/wp\/v2\/posts\/11953"}],"collection":[{"href":"http:\/\/tvalaire.com\/index.php?rest_route=\/wp\/v2\/posts"}],"about":[{"href":"http:\/\/tvalaire.com\/index.php?rest_route=\/wp\/v2\/types\/post"}],"author":[{"embeddable":true,"href":"http:\/\/tvalaire.com\/index.php?rest_route=\/wp\/v2\/users\/1"}],"replies":[{"embeddable":true,"href":"http:\/\/tvalaire.com\/index.php?rest_route=%2Fwp%2Fv2%2Fcomments&post=11953"}],"version-history":[{"count":1,"href":"http:\/\/tvalaire.com\/index.php?rest_route=\/wp\/v2\/posts\/11953\/revisions"}],"predecessor-version":[{"id":11956,"href":"http:\/\/tvalaire.com\/index.php?rest_route=\/wp\/v2\/posts\/11953\/revisions\/11956"}],"wp:featuredmedia":[{"embeddable":true,"href":"http:\/\/tvalaire.com\/index.php?rest_route=\/wp\/v2\/media\/11954"}],"wp:attachment":[{"href":"http:\/\/tvalaire.com\/index.php?rest_route=%2Fwp%2Fv2%2Fmedia&parent=11953"}],"wp:term":[{"taxonomy":"category","embeddable":true,"href":"http:\/\/tvalaire.com\/index.php?rest_route=%2Fwp%2Fv2%2Fcategories&post=11953"},{"taxonomy":"post_tag","embeddable":true,"href":"http:\/\/tvalaire.com\/index.php?rest_route=%2Fwp%2Fv2%2Ftags&post=11953"}],"curies":[{"name":"wp","href":"https:\/\/api.w.org\/{rel}","templated":true}]}}