{"id":11945,"date":"2024-01-03T13:04:39","date_gmt":"2024-01-03T19:04:39","guid":{"rendered":"http:\/\/tvalaire.com\/?p=11945"},"modified":"2024-01-31T13:05:59","modified_gmt":"2024-01-31T19:05:59","slug":"abren-convocatoria-para-participar-en-la-feria-de-las-carnitas-2024","status":"publish","type":"post","link":"http:\/\/tvalaire.com\/?p=11945","title":{"rendered":"ABREN CONVOCATORIA PARA PARTICIPAR EN LA FERIA DE LAS CARNITAS 2024"},"content":{"rendered":"\n<p><\/p>\n\n\n\n<ul class=\"wp-block-list\">\n<li><strong>Realiza tu inscripci\u00f3n en la oficina de Promoci\u00f3n Econ\u00f3mica de 9:00 a 3:00 pm<\/strong><\/li>\n\n\n\n<li><strong>El evento se realizar\u00e1 el pr\u00f3ximo domingo 21 de enero en la Plaza Principal<\/strong><\/li>\n<\/ul>\n\n\n\n<p>El Gobierno Municipal a trav\u00e9s de la Direcci\u00f3n de Promoci\u00f3n Econ\u00f3mica y Turismo, en marco del Avecindamiento de La Piedad, llevar\u00e1 a cabo la \u201cFeria de las Carnitas\u201d, este pr\u00f3ximo 21 de enero en la Plaza Principal, donde a su vez, abren la convocatoria para participar en este evento.<\/p>\n\n\n\n<p>Brenda Orozco, titular de la Direcci\u00f3n de Promoci\u00f3n Econ\u00f3mica y Turismo, mencion\u00f3 que los interesados podr\u00e1n inscribirse en las instalaciones de la dependencia mencionada, en un horario de 9:00 am a 3:00 pm, adem\u00e1s, hizo hincapi\u00e9 en que la convocatoria estar\u00e1 abierta hasta agotar los lugares gastron\u00f3micos.<\/p>\n\n\n\n<p>Los comerciantes invitados a participar son: vendedores de carnitas en kilo, taco, torta, chicharr\u00f3n y tacos dorados, as\u00ed como de tortas ahogadas, postres, botanas, artesan\u00edas y bebidas sin contenido alcoh\u00f3lico.<\/p>\n\n\n\n<p>Por su parte y debido al \u00e9xito obtenido el a\u00f1o pasado donde se vendieron dos toneladas de carnitas, este 2024 se espera superar la meta anterior con la participaci\u00f3n de todas y todos los ciudadanos, adem\u00e1s que se cont\u00f3 con la participaci\u00f3n de Sahuayo y Zacapu, deseando que en esta edici\u00f3n asistan m\u00e1s municipios.<\/p>\n\n\n\n<p>Dicha feria contar\u00e1 con la presentaci\u00f3n musical de artistas locales, as\u00ed como con un \u00e1rea infantil para los peque\u00f1os. Para mayor informaci\u00f3n sobre el evento te puedes comunicar al 352 522 78 56 o acudir a la oficina de Promoci\u00f3n Econ\u00f3mica ubicada en la planta baja de presidencia.<\/p>\n\n\n\n<figure class=\"wp-block-image size-large is-style-default\"><img loading=\"lazy\" decoding=\"async\" width=\"1024\" height=\"1024\" src=\"http:\/\/tvalaire.com\/wp-content\/uploads\/2024\/01\/FERIA-DE-LAS-CARNITAS-2024-banner-1024x1024.jpg\" alt=\"\" class=\"wp-image-11947\" srcset=\"http:\/\/tvalaire.com\/wp-content\/uploads\/2024\/01\/FERIA-DE-LAS-CARNITAS-2024-banner-1024x1024.jpg 1024w, http:\/\/tvalaire.com\/wp-content\/uploads\/2024\/01\/FERIA-DE-LAS-CARNITAS-2024-banner-300x300.jpg 300w, http:\/\/tvalaire.com\/wp-content\/uploads\/2024\/01\/FERIA-DE-LAS-CARNITAS-2024-banner-150x150.jpg 150w, http:\/\/tvalaire.com\/wp-content\/uploads\/2024\/01\/FERIA-DE-LAS-CARNITAS-2024-banner-768x768.jpg 768w, http:\/\/tvalaire.com\/wp-content\/uploads\/2024\/01\/FERIA-DE-LAS-CARNITAS-2024-banner-1536x1536.jpg 1536w, http:\/\/tvalaire.com\/wp-content\/uploads\/2024\/01\/FERIA-DE-LAS-CARNITAS-2024-banner-2048x2048.jpg 2048w\" sizes=\"(max-width: 1024px) 100vw, 1024px\" \/><\/figure>\n","protected":false},"excerpt":{"rendered":"<p>El Gobierno Municipal a trav\u00e9s de la Direcci\u00f3n de Promoci\u00f3n Econ\u00f3mica y Turismo, en marco&#8230;<\/p>\n","protected":false},"author":1,"featured_media":11946,"comment_status":"open","ping_status":"open","sticky":false,"template":"","format":"standard","meta":{"jetpack_post_was_ever_published":false,"_jetpack_newsletter_access":"","_jetpack_dont_email_post_to_subs":false,"_jetpack_newsletter_tier_id":0,"_jetpack_memberships_contains_paywalled_content":false,"_jetpack_memberships_contains_paid_content":false,"footnotes":"","jetpack_publicize_message":"","jetpack_publicize_feature_enabled":true,"jetpack_social_post_already_shared":true,"jetpack_social_options":{"image_generator_settings":{"template":"highway","enabled":false},"version":2}},"categories":[1],"tags":[15,36],"class_list":["post-11945","post","type-post","status-publish","format-standard","has-post-thumbnail","hentry","category-la-piedad","tag-la-piedad","tag-principales"],"jetpack_publicize_connections":[],"jetpack_sharing_enabled":true,"featured_image_urls":{"full":["http:\/\/tvalaire.com\/wp-content\/uploads\/2024\/01\/CARNITAS-FERIA.jpeg",1280,854,false],"thumbnail":["http:\/\/tvalaire.com\/wp-content\/uploads\/2024\/01\/CARNITAS-FERIA-150x150.jpeg",150,150,true],"medium":["http:\/\/tvalaire.com\/wp-content\/uploads\/2024\/01\/CARNITAS-FERIA-300x200.jpeg",300,200,true],"medium_large":["http:\/\/tvalaire.com\/wp-content\/uploads\/2024\/01\/CARNITAS-FERIA-768x512.jpeg",640,427,true],"large":["http:\/\/tvalaire.com\/wp-content\/uploads\/2024\/01\/CARNITAS-FERIA-1024x683.jpeg",640,427,true],"post-slider-thumb-size":["http:\/\/tvalaire.com\/wp-content\/uploads\/2024\/01\/CARNITAS-FERIA-330x190.jpeg",330,190,true],"post-category-slider-size":["http:\/\/tvalaire.com\/wp-content\/uploads\/2024\/01\/CARNITAS-FERIA.jpeg",330,220,false],"1536x1536":["http:\/\/tvalaire.com\/wp-content\/uploads\/2024\/01\/CARNITAS-FERIA.jpeg",1280,854,false],"2048x2048":["http:\/\/tvalaire.com\/wp-content\/uploads\/2024\/01\/CARNITAS-FERIA.jpeg",1280,854,false],"newsium-slider-full":["http:\/\/tvalaire.com\/wp-content\/uploads\/2024\/01\/CARNITAS-FERIA-1280x845.jpeg",1280,845,true],"newsium-featured":["http:\/\/tvalaire.com\/wp-content\/uploads\/2024\/01\/CARNITAS-FERIA-1024x683.jpeg",1024,683,true],"newsium-medium":["http:\/\/tvalaire.com\/wp-content\/uploads\/2024\/01\/CARNITAS-FERIA-720x475.jpeg",720,475,true]},"author_info":{"info":["tvalairenoti"]},"category_info":"<a href=\"http:\/\/tvalaire.com\/?cat=1\" rel=\"category\">La Piedad<\/a>","tag_info":"La Piedad","comment_count":"0","jetpack_featured_media_url":"http:\/\/tvalaire.com\/wp-content\/uploads\/2024\/01\/CARNITAS-FERIA.jpeg","_links":{"self":[{"href":"http:\/\/tvalaire.com\/index.php?rest_route=\/wp\/v2\/posts\/11945"}],"collection":[{"href":"http:\/\/tvalaire.com\/index.php?rest_route=\/wp\/v2\/posts"}],"about":[{"href":"http:\/\/tvalaire.com\/index.php?rest_route=\/wp\/v2\/types\/post"}],"author":[{"embeddable":true,"href":"http:\/\/tvalaire.com\/index.php?rest_route=\/wp\/v2\/users\/1"}],"replies":[{"embeddable":true,"href":"http:\/\/tvalaire.com\/index.php?rest_route=%2Fwp%2Fv2%2Fcomments&post=11945"}],"version-history":[{"count":1,"href":"http:\/\/tvalaire.com\/index.php?rest_route=\/wp\/v2\/posts\/11945\/revisions"}],"predecessor-version":[{"id":11948,"href":"http:\/\/tvalaire.com\/index.php?rest_route=\/wp\/v2\/posts\/11945\/revisions\/11948"}],"wp:featuredmedia":[{"embeddable":true,"href":"http:\/\/tvalaire.com\/index.php?rest_route=\/wp\/v2\/media\/11946"}],"wp:attachment":[{"href":"http:\/\/tvalaire.com\/index.php?rest_route=%2Fwp%2Fv2%2Fmedia&parent=11945"}],"wp:term":[{"taxonomy":"category","embeddable":true,"href":"http:\/\/tvalaire.com\/index.php?rest_route=%2Fwp%2Fv2%2Fcategories&post=11945"},{"taxonomy":"post_tag","embeddable":true,"href":"http:\/\/tvalaire.com\/index.php?rest_route=%2Fwp%2Fv2%2Ftags&post=11945"}],"curies":[{"name":"wp","href":"https:\/\/api.w.org\/{rel}","templated":true}]}}