{"id":11942,"date":"2024-01-03T13:02:57","date_gmt":"2024-01-03T19:02:57","guid":{"rendered":"http:\/\/tvalaire.com\/?p=11942"},"modified":"2024-01-31T13:04:24","modified_gmt":"2024-01-31T19:04:24","slug":"invita-injup-a-participar-en-la-capsula-del-tiempo","status":"publish","type":"post","link":"http:\/\/tvalaire.com\/?p=11942","title":{"rendered":"INVITA INJUP A PARTICIPAR EN LA C\u00c1PSULA DEL TIEMPO"},"content":{"rendered":"\n<p><\/p>\n\n\n\n<ul class=\"wp-block-list\">\n<li><strong>Interesados deben revisar la convocatoria para participar<\/strong><\/li>\n\n\n\n<li><strong>Tienen hasta el mi\u00e9rcoles 17 para entregar sus propuestas<\/strong><\/li>\n<\/ul>\n\n\n\n<p>En el marco del Avecindamiento de La Piedad, el Gobierno Municipal a trav\u00e9s del Instituto de la Juventud Piedadense (INJUP) convoca a j\u00f3venes de la ciudad a participar en la creaci\u00f3n de la C\u00e1psula del Tiempo.<\/p>\n\n\n\n<p>De acuerdo a lo dado a conocer, se trata de generar un recipiente herm\u00e9tico que contenga almacenado mensajes y objetos representativos hist\u00f3ricos de nuestra ciudad, los cuales se espera puedan ser recuperados en el a\u00f1o 2057.<\/p>\n\n\n\n<p>Diego Pimentel Zambrano, titular de las pol\u00edticas p\u00fablicas de los j\u00f3venes en el municipio coment\u00f3 que la convocatoria est\u00e1 abierta para j\u00f3venes originarios de la ciudad y con una edad de 12 a 29 a\u00f1os.<\/p>\n\n\n\n<p>Pimentel Zambrano, se\u00f1al\u00f3 que la meta es que la C\u00e1psula del Tiempo pueda perdurar 33 a\u00f1os cerrada, para que en su momento los piedadenses del futuro la revisen y descubran lo que en la actualidad viv\u00edamos.<\/p>\n\n\n\n<p><a><\/a> De igual manera, el funcionario dijo que los interesados en participar tienen hasta el mi\u00e9rcoles 17 de enero para aportar sus propuestas y \u00e9stas sean evaluadas por el jurado calificador que seleccionaran 12 objetos que cumplan con los requisitos, los cuales podr\u00e1n ser revisados en la convocatoria.<\/p>\n","protected":false},"excerpt":{"rendered":"<p>En el marco del Avecindamiento de La Piedad, el Gobierno Municipal a trav\u00e9s del Instituto&#8230;<\/p>\n","protected":false},"author":1,"featured_media":11943,"comment_status":"open","ping_status":"open","sticky":false,"template":"","format":"standard","meta":{"jetpack_post_was_ever_published":false,"_jetpack_newsletter_access":"","_jetpack_dont_email_post_to_subs":false,"_jetpack_newsletter_tier_id":0,"_jetpack_memberships_contains_paywalled_content":false,"_jetpack_memberships_contains_paid_content":false,"footnotes":"","jetpack_publicize_message":"","jetpack_publicize_feature_enabled":true,"jetpack_social_post_already_shared":true,"jetpack_social_options":{"image_generator_settings":{"template":"highway","enabled":false},"version":2}},"categories":[1],"tags":[15,36],"class_list":["post-11942","post","type-post","status-publish","format-standard","has-post-thumbnail","hentry","category-la-piedad","tag-la-piedad","tag-principales"],"jetpack_publicize_connections":[],"jetpack_sharing_enabled":true,"featured_image_urls":{"full":["http:\/\/tvalaire.com\/wp-content\/uploads\/2024\/01\/convocatoria-1-scaled.jpg",2560,2560,false],"thumbnail":["http:\/\/tvalaire.com\/wp-content\/uploads\/2024\/01\/convocatoria-1-150x150.jpg",150,150,true],"medium":["http:\/\/tvalaire.com\/wp-content\/uploads\/2024\/01\/convocatoria-1-300x300.jpg",300,300,true],"medium_large":["http:\/\/tvalaire.com\/wp-content\/uploads\/2024\/01\/convocatoria-1-768x768.jpg",640,640,true],"large":["http:\/\/tvalaire.com\/wp-content\/uploads\/2024\/01\/convocatoria-1-1024x1024.jpg",640,640,true],"post-slider-thumb-size":["http:\/\/tvalaire.com\/wp-content\/uploads\/2024\/01\/convocatoria-1-330x190.jpg",330,190,true],"post-category-slider-size":["http:\/\/tvalaire.com\/wp-content\/uploads\/2024\/01\/convocatoria-1-scaled.jpg",330,330,false],"1536x1536":["http:\/\/tvalaire.com\/wp-content\/uploads\/2024\/01\/convocatoria-1-1536x1536.jpg",1536,1536,true],"2048x2048":["http:\/\/tvalaire.com\/wp-content\/uploads\/2024\/01\/convocatoria-1-2048x2048.jpg",2048,2048,true],"newsium-slider-full":["http:\/\/tvalaire.com\/wp-content\/uploads\/2024\/01\/convocatoria-1-1280x845.jpg",1280,845,true],"newsium-featured":["http:\/\/tvalaire.com\/wp-content\/uploads\/2024\/01\/convocatoria-1-1024x1024.jpg",1024,1024,true],"newsium-medium":["http:\/\/tvalaire.com\/wp-content\/uploads\/2024\/01\/convocatoria-1-720x475.jpg",720,475,true]},"author_info":{"info":["tvalairenoti"]},"category_info":"<a href=\"http:\/\/tvalaire.com\/?cat=1\" rel=\"category\">La Piedad<\/a>","tag_info":"La Piedad","comment_count":"0","jetpack_featured_media_url":"http:\/\/tvalaire.com\/wp-content\/uploads\/2024\/01\/convocatoria-1-scaled.jpg","_links":{"self":[{"href":"http:\/\/tvalaire.com\/index.php?rest_route=\/wp\/v2\/posts\/11942"}],"collection":[{"href":"http:\/\/tvalaire.com\/index.php?rest_route=\/wp\/v2\/posts"}],"about":[{"href":"http:\/\/tvalaire.com\/index.php?rest_route=\/wp\/v2\/types\/post"}],"author":[{"embeddable":true,"href":"http:\/\/tvalaire.com\/index.php?rest_route=\/wp\/v2\/users\/1"}],"replies":[{"embeddable":true,"href":"http:\/\/tvalaire.com\/index.php?rest_route=%2Fwp%2Fv2%2Fcomments&post=11942"}],"version-history":[{"count":1,"href":"http:\/\/tvalaire.com\/index.php?rest_route=\/wp\/v2\/posts\/11942\/revisions"}],"predecessor-version":[{"id":11944,"href":"http:\/\/tvalaire.com\/index.php?rest_route=\/wp\/v2\/posts\/11942\/revisions\/11944"}],"wp:featuredmedia":[{"embeddable":true,"href":"http:\/\/tvalaire.com\/index.php?rest_route=\/wp\/v2\/media\/11943"}],"wp:attachment":[{"href":"http:\/\/tvalaire.com\/index.php?rest_route=%2Fwp%2Fv2%2Fmedia&parent=11942"}],"wp:term":[{"taxonomy":"category","embeddable":true,"href":"http:\/\/tvalaire.com\/index.php?rest_route=%2Fwp%2Fv2%2Fcategories&post=11942"},{"taxonomy":"post_tag","embeddable":true,"href":"http:\/\/tvalaire.com\/index.php?rest_route=%2Fwp%2Fv2%2Ftags&post=11942"}],"curies":[{"name":"wp","href":"https:\/\/api.w.org\/{rel}","templated":true}]}}