{"id":11920,"date":"2024-01-12T12:49:38","date_gmt":"2024-01-12T18:49:38","guid":{"rendered":"http:\/\/tvalaire.com\/?p=11920"},"modified":"2024-01-31T12:51:13","modified_gmt":"2024-01-31T18:51:13","slug":"exposicion-de-la-gran-fuerza-de-mexico-del-ejercito-mexicano","status":"publish","type":"post","link":"http:\/\/tvalaire.com\/?p=11920","title":{"rendered":"EXPOSICI\u00d3N DE \u201cLA GRAN FUERZA DE M\u00c9XICO\u201d DEL EJ\u00c9RCITO MEXICANO"},"content":{"rendered":"\n<p><\/p>\n\n\n\n<ul class=\"wp-block-list\">\n<li><strong>S\u00e1bado 20 de enero a partir de las 9:00 am en la Plaza Principal<\/strong><\/li>\n\n\n\n<li><strong>Evento en marco al 494 Avecindamiento de La Piedad<\/strong><\/li>\n<\/ul>\n\n\n\n<p>En marco del aniversario n\u00famero 494 del Avecindamiento de La Piedad, el gobierno municipal, realizar\u00e1 un programa para conmemorar esta fecha, entre ellos, se contar\u00e1 con la exposici\u00f3n de \u201cLa Gran Fuerza de M\u00e9xico\u201d del Ejercito Mexicano, para lo cual, se extiende una cordial invitaci\u00f3n a todos los ciudadanos.<\/p>\n\n\n\n<p>El objetivo principal es que el p\u00fablico en general, pueda experimentar y ver la vida militar de una forma sana, educativa y divertida, ya que esto le permite a la poblaci\u00f3n conocer de manera cercana las actividades que diariamente lleva a cabo el Ejercito Mexicano en beneficio de todas y todos.<\/p>\n\n\n\n<p>Por su parte, la exposici\u00f3n se realizar\u00e1 el d\u00eda s\u00e1bado 20 de enero en la Plaza Principal, en punto de las 9 de la ma\u00f1ana y contar\u00e1 con distintos m\u00f3dulos, entre ellos: demostraci\u00f3n canina, armamento, transmisiones, sanidad, informaci\u00f3n de planteles militares, as\u00ed como la exhibici\u00f3n de uniformes y equipo, del ej\u00e9rcito mexicano.<\/p>\n\n\n\n<p><a><\/a> Adem\u00e1s, se llevar\u00e1 a cabo un acto c\u00edvico el cual encabezar\u00e1 la banda de guerra del 17 Batall\u00f3n de Infanter\u00eda, todo ello con el objetivo de presentar un programa honorifico, mismo que fortalece el sentido de identidad que es tan caracter\u00edstico de los piedadenses.<\/p>\n\n\n\n<figure class=\"wp-block-image size-full is-style-default\"><img loading=\"lazy\" decoding=\"async\" width=\"1024\" height=\"682\" src=\"http:\/\/tvalaire.com\/wp-content\/uploads\/2024\/01\/banda-1-1.jpeg\" alt=\"\" class=\"wp-image-11922\" srcset=\"http:\/\/tvalaire.com\/wp-content\/uploads\/2024\/01\/banda-1-1.jpeg 1024w, http:\/\/tvalaire.com\/wp-content\/uploads\/2024\/01\/banda-1-1-300x200.jpeg 300w, http:\/\/tvalaire.com\/wp-content\/uploads\/2024\/01\/banda-1-1-768x512.jpeg 768w\" sizes=\"(max-width: 1024px) 100vw, 1024px\" \/><\/figure>\n","protected":false},"excerpt":{"rendered":"<p>En marco del aniversario n\u00famero 494 del Avecindamiento de La Piedad, el gobierno municipal, realizar\u00e1&#8230;<\/p>\n","protected":false},"author":1,"featured_media":11921,"comment_status":"open","ping_status":"open","sticky":false,"template":"","format":"standard","meta":{"jetpack_post_was_ever_published":false,"_jetpack_newsletter_access":"","_jetpack_dont_email_post_to_subs":false,"_jetpack_newsletter_tier_id":0,"_jetpack_memberships_contains_paywalled_content":false,"_jetpack_memberships_contains_paid_content":false,"footnotes":"","jetpack_publicize_message":"","jetpack_publicize_feature_enabled":true,"jetpack_social_post_already_shared":true,"jetpack_social_options":{"image_generator_settings":{"template":"highway","enabled":false},"version":2}},"categories":[1],"tags":[15,36],"class_list":["post-11920","post","type-post","status-publish","format-standard","has-post-thumbnail","hentry","category-la-piedad","tag-la-piedad","tag-principales"],"jetpack_publicize_connections":[],"jetpack_sharing_enabled":true,"featured_image_urls":{"full":["http:\/\/tvalaire.com\/wp-content\/uploads\/2024\/01\/banda-1-2.jpeg",1600,1066,false],"thumbnail":["http:\/\/tvalaire.com\/wp-content\/uploads\/2024\/01\/banda-1-2-150x150.jpeg",150,150,true],"medium":["http:\/\/tvalaire.com\/wp-content\/uploads\/2024\/01\/banda-1-2-300x200.jpeg",300,200,true],"medium_large":["http:\/\/tvalaire.com\/wp-content\/uploads\/2024\/01\/banda-1-2-768x512.jpeg",640,427,true],"large":["http:\/\/tvalaire.com\/wp-content\/uploads\/2024\/01\/banda-1-2-1024x682.jpeg",640,426,true],"post-slider-thumb-size":["http:\/\/tvalaire.com\/wp-content\/uploads\/2024\/01\/banda-1-2-330x190.jpeg",330,190,true],"post-category-slider-size":["http:\/\/tvalaire.com\/wp-content\/uploads\/2024\/01\/banda-1-2.jpeg",330,220,false],"1536x1536":["http:\/\/tvalaire.com\/wp-content\/uploads\/2024\/01\/banda-1-2-1536x1023.jpeg",1536,1023,true],"2048x2048":["http:\/\/tvalaire.com\/wp-content\/uploads\/2024\/01\/banda-1-2.jpeg",1600,1066,false],"newsium-slider-full":["http:\/\/tvalaire.com\/wp-content\/uploads\/2024\/01\/banda-1-2-1280x845.jpeg",1280,845,true],"newsium-featured":["http:\/\/tvalaire.com\/wp-content\/uploads\/2024\/01\/banda-1-2-1024x682.jpeg",1024,682,true],"newsium-medium":["http:\/\/tvalaire.com\/wp-content\/uploads\/2024\/01\/banda-1-2-720x475.jpeg",720,475,true]},"author_info":{"info":["tvalairenoti"]},"category_info":"<a href=\"http:\/\/tvalaire.com\/?cat=1\" rel=\"category\">La Piedad<\/a>","tag_info":"La Piedad","comment_count":"0","jetpack_featured_media_url":"http:\/\/tvalaire.com\/wp-content\/uploads\/2024\/01\/banda-1-2.jpeg","_links":{"self":[{"href":"http:\/\/tvalaire.com\/index.php?rest_route=\/wp\/v2\/posts\/11920"}],"collection":[{"href":"http:\/\/tvalaire.com\/index.php?rest_route=\/wp\/v2\/posts"}],"about":[{"href":"http:\/\/tvalaire.com\/index.php?rest_route=\/wp\/v2\/types\/post"}],"author":[{"embeddable":true,"href":"http:\/\/tvalaire.com\/index.php?rest_route=\/wp\/v2\/users\/1"}],"replies":[{"embeddable":true,"href":"http:\/\/tvalaire.com\/index.php?rest_route=%2Fwp%2Fv2%2Fcomments&post=11920"}],"version-history":[{"count":1,"href":"http:\/\/tvalaire.com\/index.php?rest_route=\/wp\/v2\/posts\/11920\/revisions"}],"predecessor-version":[{"id":11923,"href":"http:\/\/tvalaire.com\/index.php?rest_route=\/wp\/v2\/posts\/11920\/revisions\/11923"}],"wp:featuredmedia":[{"embeddable":true,"href":"http:\/\/tvalaire.com\/index.php?rest_route=\/wp\/v2\/media\/11921"}],"wp:attachment":[{"href":"http:\/\/tvalaire.com\/index.php?rest_route=%2Fwp%2Fv2%2Fmedia&parent=11920"}],"wp:term":[{"taxonomy":"category","embeddable":true,"href":"http:\/\/tvalaire.com\/index.php?rest_route=%2Fwp%2Fv2%2Fcategories&post=11920"},{"taxonomy":"post_tag","embeddable":true,"href":"http:\/\/tvalaire.com\/index.php?rest_route=%2Fwp%2Fv2%2Ftags&post=11920"}],"curies":[{"name":"wp","href":"https:\/\/api.w.org\/{rel}","templated":true}]}}