{"id":11910,"date":"2024-01-18T12:43:27","date_gmt":"2024-01-18T18:43:27","guid":{"rendered":"http:\/\/tvalaire.com\/?p=11910"},"modified":"2024-01-31T12:45:05","modified_gmt":"2024-01-31T18:45:05","slug":"invitan-a-los-festejos-por-el-avecindamiento-de-la-piedad","status":"publish","type":"post","link":"http:\/\/tvalaire.com\/?p=11910","title":{"rendered":"INVITAN A LOS FESTEJOS POR EL AVECINDAMIENTO DE LA PIEDAD"},"content":{"rendered":"\n<p><\/p>\n\n\n\n<ul class=\"wp-block-list\">\n<li><strong>Habr\u00e1 concierto de m\u00fasica el s\u00e1bado 20 a partir de las 6:00 de la tarde<\/strong><\/li>\n\n\n\n<li><strong>El domingo 21 se realizar\u00e1 la Feria de las Carnitas en el centro<\/strong><\/li>\n<\/ul>\n\n\n\n<p>En el marco de la celebraci\u00f3n del 494 aniversario del avecindamiento de nuestro municipio, el Gobierno de La Piedad, ha organizado una serie de eventos p\u00fablicos, c\u00edvicos y deportivos para el festejo de tan importante fecha.<\/p>\n\n\n\n<p>A partir del pr\u00f3ximo s\u00e1bado 20 es cuando en punto de las 09:00 de la ma\u00f1ana en el Centro Hist\u00f3rico de la ciudad, se inicie con el evento c\u00edvico por el aniversario de nuestro hermoso municipio.<\/p>\n\n\n\n<p>Posteriormente se tendr\u00e1 una exposici\u00f3n llamada \u201cLa gran fuerza de M\u00e9xico\u201d, la que estar\u00e1 a cargo de las autoridades militares que son invitados de honor para estos festejos.<\/p>\n\n\n\n<p>As\u00ed mismo, para las 6:00 de la tarde personal militar integrantes de la Banda de M\u00fasica de la XII Regi\u00f3n Militar de la Secretaria de la Defensa Nacional, ofrecer\u00e1n un concierto en la explanada del centro.<\/p>\n\n\n\n<p>Es de mencionar que para el domingo 21 en este mismo tenor de celebraci\u00f3n, a partir de las 09:00 de la ma\u00f1ana se realizar\u00e1 una edici\u00f3n m\u00e1s de la Feria de las Carnitas, evento en el que se tendr\u00e1n a los mejores cocineros de este t\u00edpico platillo que nos distingue a nivel nacional.<\/p>\n\n\n\n<p>En este sentido, las autoridades municipales extienden una cordial invitaci\u00f3n a la ciudadan\u00eda en general para que acuda al Centro Hist\u00f3rico de la ciudad para que juntos y en familia, celebremos un aniversario m\u00e1s de nuestra ciudad.<\/p>\n\n\n\n<figure class=\"wp-block-image size-large is-style-default\"><img loading=\"lazy\" decoding=\"async\" width=\"1024\" height=\"1024\" src=\"http:\/\/tvalaire.com\/wp-content\/uploads\/2024\/01\/01-1-1024x1024.jpg\" alt=\"\" class=\"wp-image-11912\" srcset=\"http:\/\/tvalaire.com\/wp-content\/uploads\/2024\/01\/01-1-1024x1024.jpg 1024w, http:\/\/tvalaire.com\/wp-content\/uploads\/2024\/01\/01-1-300x300.jpg 300w, http:\/\/tvalaire.com\/wp-content\/uploads\/2024\/01\/01-1-150x150.jpg 150w, http:\/\/tvalaire.com\/wp-content\/uploads\/2024\/01\/01-1-768x768.jpg 768w, http:\/\/tvalaire.com\/wp-content\/uploads\/2024\/01\/01-1-1536x1536.jpg 1536w, http:\/\/tvalaire.com\/wp-content\/uploads\/2024\/01\/01-1-2048x2048.jpg 2048w\" sizes=\"(max-width: 1024px) 100vw, 1024px\" \/><\/figure>\n\n\n\n<figure class=\"wp-block-image size-large is-style-default\"><img loading=\"lazy\" decoding=\"async\" width=\"1024\" height=\"1024\" src=\"http:\/\/tvalaire.com\/wp-content\/uploads\/2024\/01\/01-4-1024x1024.jpg\" alt=\"\" class=\"wp-image-11913\" srcset=\"http:\/\/tvalaire.com\/wp-content\/uploads\/2024\/01\/01-4-1024x1024.jpg 1024w, http:\/\/tvalaire.com\/wp-content\/uploads\/2024\/01\/01-4-300x300.jpg 300w, http:\/\/tvalaire.com\/wp-content\/uploads\/2024\/01\/01-4-150x150.jpg 150w, http:\/\/tvalaire.com\/wp-content\/uploads\/2024\/01\/01-4-768x768.jpg 768w, http:\/\/tvalaire.com\/wp-content\/uploads\/2024\/01\/01-4-1536x1536.jpg 1536w, http:\/\/tvalaire.com\/wp-content\/uploads\/2024\/01\/01-4-2048x2048.jpg 2048w\" sizes=\"(max-width: 1024px) 100vw, 1024px\" \/><\/figure>\n\n\n\n<figure class=\"wp-block-image size-large is-style-default\"><img loading=\"lazy\" decoding=\"async\" width=\"1024\" height=\"1024\" src=\"http:\/\/tvalaire.com\/wp-content\/uploads\/2024\/01\/01-2-1024x1024.jpg\" alt=\"\" class=\"wp-image-11915\" srcset=\"http:\/\/tvalaire.com\/wp-content\/uploads\/2024\/01\/01-2-1024x1024.jpg 1024w, http:\/\/tvalaire.com\/wp-content\/uploads\/2024\/01\/01-2-300x300.jpg 300w, http:\/\/tvalaire.com\/wp-content\/uploads\/2024\/01\/01-2-150x150.jpg 150w, http:\/\/tvalaire.com\/wp-content\/uploads\/2024\/01\/01-2-768x768.jpg 768w, http:\/\/tvalaire.com\/wp-content\/uploads\/2024\/01\/01-2-1536x1536.jpg 1536w, http:\/\/tvalaire.com\/wp-content\/uploads\/2024\/01\/01-2-2048x2048.jpg 2048w\" sizes=\"(max-width: 1024px) 100vw, 1024px\" \/><\/figure>\n","protected":false},"excerpt":{"rendered":"<p>En el marco de la celebraci\u00f3n del 494 aniversario del avecindamiento de nuestro municipio, el&#8230;<\/p>\n","protected":false},"author":1,"featured_media":11911,"comment_status":"open","ping_status":"open","sticky":false,"template":"","format":"standard","meta":{"jetpack_post_was_ever_published":false,"_jetpack_newsletter_access":"","_jetpack_dont_email_post_to_subs":false,"_jetpack_newsletter_tier_id":0,"_jetpack_memberships_contains_paywalled_content":false,"_jetpack_memberships_contains_paid_content":false,"footnotes":"","jetpack_publicize_message":"","jetpack_publicize_feature_enabled":true,"jetpack_social_post_already_shared":true,"jetpack_social_options":{"image_generator_settings":{"template":"highway","enabled":false},"version":2}},"categories":[1],"tags":[15,36],"class_list":["post-11910","post","type-post","status-publish","format-standard","has-post-thumbnail","hentry","category-la-piedad","tag-la-piedad","tag-principales"],"jetpack_publicize_connections":[],"jetpack_sharing_enabled":true,"featured_image_urls":{"full":["http:\/\/tvalaire.com\/wp-content\/uploads\/2024\/01\/01-3-scaled.jpg",2560,2560,false],"thumbnail":["http:\/\/tvalaire.com\/wp-content\/uploads\/2024\/01\/01-3-150x150.jpg",150,150,true],"medium":["http:\/\/tvalaire.com\/wp-content\/uploads\/2024\/01\/01-3-300x300.jpg",300,300,true],"medium_large":["http:\/\/tvalaire.com\/wp-content\/uploads\/2024\/01\/01-3-768x768.jpg",640,640,true],"large":["http:\/\/tvalaire.com\/wp-content\/uploads\/2024\/01\/01-3-1024x1024.jpg",640,640,true],"post-slider-thumb-size":["http:\/\/tvalaire.com\/wp-content\/uploads\/2024\/01\/01-3-330x190.jpg",330,190,true],"post-category-slider-size":["http:\/\/tvalaire.com\/wp-content\/uploads\/2024\/01\/01-3-scaled.jpg",330,330,false],"1536x1536":["http:\/\/tvalaire.com\/wp-content\/uploads\/2024\/01\/01-3-1536x1536.jpg",1536,1536,true],"2048x2048":["http:\/\/tvalaire.com\/wp-content\/uploads\/2024\/01\/01-3-2048x2048.jpg",2048,2048,true],"newsium-slider-full":["http:\/\/tvalaire.com\/wp-content\/uploads\/2024\/01\/01-3-1280x845.jpg",1280,845,true],"newsium-featured":["http:\/\/tvalaire.com\/wp-content\/uploads\/2024\/01\/01-3-1024x1024.jpg",1024,1024,true],"newsium-medium":["http:\/\/tvalaire.com\/wp-content\/uploads\/2024\/01\/01-3-720x475.jpg",720,475,true]},"author_info":{"info":["tvalairenoti"]},"category_info":"<a href=\"http:\/\/tvalaire.com\/?cat=1\" rel=\"category\">La Piedad<\/a>","tag_info":"La Piedad","comment_count":"0","jetpack_featured_media_url":"http:\/\/tvalaire.com\/wp-content\/uploads\/2024\/01\/01-3-scaled.jpg","_links":{"self":[{"href":"http:\/\/tvalaire.com\/index.php?rest_route=\/wp\/v2\/posts\/11910"}],"collection":[{"href":"http:\/\/tvalaire.com\/index.php?rest_route=\/wp\/v2\/posts"}],"about":[{"href":"http:\/\/tvalaire.com\/index.php?rest_route=\/wp\/v2\/types\/post"}],"author":[{"embeddable":true,"href":"http:\/\/tvalaire.com\/index.php?rest_route=\/wp\/v2\/users\/1"}],"replies":[{"embeddable":true,"href":"http:\/\/tvalaire.com\/index.php?rest_route=%2Fwp%2Fv2%2Fcomments&post=11910"}],"version-history":[{"count":1,"href":"http:\/\/tvalaire.com\/index.php?rest_route=\/wp\/v2\/posts\/11910\/revisions"}],"predecessor-version":[{"id":11916,"href":"http:\/\/tvalaire.com\/index.php?rest_route=\/wp\/v2\/posts\/11910\/revisions\/11916"}],"wp:featuredmedia":[{"embeddable":true,"href":"http:\/\/tvalaire.com\/index.php?rest_route=\/wp\/v2\/media\/11911"}],"wp:attachment":[{"href":"http:\/\/tvalaire.com\/index.php?rest_route=%2Fwp%2Fv2%2Fmedia&parent=11910"}],"wp:term":[{"taxonomy":"category","embeddable":true,"href":"http:\/\/tvalaire.com\/index.php?rest_route=%2Fwp%2Fv2%2Fcategories&post=11910"},{"taxonomy":"post_tag","embeddable":true,"href":"http:\/\/tvalaire.com\/index.php?rest_route=%2Fwp%2Fv2%2Ftags&post=11910"}],"curies":[{"name":"wp","href":"https:\/\/api.w.org\/{rel}","templated":true}]}}