{"id":11904,"date":"2024-01-22T12:40:57","date_gmt":"2024-01-22T18:40:57","guid":{"rendered":"http:\/\/tvalaire.com\/?p=11904"},"modified":"2024-01-31T12:42:50","modified_gmt":"2024-01-31T18:42:50","slug":"excelente-respuesta-de-la-poblacion-en-el-festival-de-las-carnitas","status":"publish","type":"post","link":"http:\/\/tvalaire.com\/?p=11904","title":{"rendered":"EXCELENTE RESPUESTA DE LA POBLACI\u00d3N EN EL FESTIVAL DE LAS CARNITAS"},"content":{"rendered":"\n<p><\/p>\n\n\n\n<ul class=\"wp-block-list\">\n<li><strong>M\u00e1s de 3 mil 500 asistentes disfrutaron del evento<\/strong><\/li>\n\n\n\n<li><strong>Se promueve el consumo y se reactiva la econom\u00eda<\/strong><\/li>\n<\/ul>\n\n\n\n<p>En el marco de la celebraci\u00f3n del 494 aniversario del avecindamiento del municipio de La Piedad, la Administraci\u00f3n encabezada por el alcalde Samuel Hidalgo Gallardo, a trav\u00e9s de la Direcci\u00f3n de Promoci\u00f3n Econ\u00f3mica y Turismo llev\u00f3 a cabo una edici\u00f3n m\u00e1s del Festival de las Carnitas.<\/p>\n\n\n\n<p>Fue en el Centro Hist\u00f3rico de la ciudad que este domingo pasado m\u00e1s de 30 expositores y cocineros ofrecieron sus servicios y productos a los m\u00e1s de 3 mil 500 asistentes que en compa\u00f1\u00eda de familiares y amigos pudieron disfrutar del t\u00edpico platillo que nos distingue en todo el pa\u00eds.<\/p>\n\n\n\n<p>La titular de la Dependencia de Promoci\u00f3n Econ\u00f3mica y Turismo, Brenda Orozco Torres, se\u00f1al\u00f3 que este tipo de actividades tienen como principal objetivo poder coadyuvar a los comerciantes, as\u00ed como a los locatarios de la zona centro y as\u00ed mismo reactivar y fortalecer la econom\u00eda local familiar de nuestra ciudad.<\/p>\n\n\n\n<p>De acuerdo a lo dado a conocer por la funcionaria, para esta edici\u00f3n los asistentes al evento consumieron m\u00e1s de 2.2 toneladas de carne, as\u00ed como otros productos que se ofrecieron durante el transcurso del d\u00eda.<\/p>\n\n\n\n<p>Es de comentar que para esta ocasi\u00f3n estuvieron tambi\u00e9n cocineros de los municipios de Zacapu, P\u00e9njamo y Morelia. Los asistentes pudieron disfrutar de la presentaci\u00f3n del talento local con la m\u00fasica regional mexicana, as\u00ed como de variedad de botanas, zona infantil, bebidas, postres, entre otras opciones que los comensales pudieron elegir.<\/p>\n\n\n\n<figure class=\"wp-block-image size-large is-style-default\"><img loading=\"lazy\" decoding=\"async\" width=\"1024\" height=\"683\" src=\"http:\/\/tvalaire.com\/wp-content\/uploads\/2024\/01\/01-2-2-1-1024x683.jpeg\" alt=\"\" class=\"wp-image-11906\" srcset=\"http:\/\/tvalaire.com\/wp-content\/uploads\/2024\/01\/01-2-2-1-1024x683.jpeg 1024w, http:\/\/tvalaire.com\/wp-content\/uploads\/2024\/01\/01-2-2-1-300x200.jpeg 300w, http:\/\/tvalaire.com\/wp-content\/uploads\/2024\/01\/01-2-2-1-768x512.jpeg 768w, http:\/\/tvalaire.com\/wp-content\/uploads\/2024\/01\/01-2-2-1.jpeg 1280w\" sizes=\"(max-width: 1024px) 100vw, 1024px\" \/><\/figure>\n\n\n\n<figure class=\"wp-block-image size-large is-style-default\"><img loading=\"lazy\" decoding=\"async\" width=\"1024\" height=\"682\" src=\"http:\/\/tvalaire.com\/wp-content\/uploads\/2024\/01\/01-4-2-1024x682.jpeg\" alt=\"\" class=\"wp-image-11907\" srcset=\"http:\/\/tvalaire.com\/wp-content\/uploads\/2024\/01\/01-4-2-1024x682.jpeg 1024w, http:\/\/tvalaire.com\/wp-content\/uploads\/2024\/01\/01-4-2-300x200.jpeg 300w, http:\/\/tvalaire.com\/wp-content\/uploads\/2024\/01\/01-4-2-768x512.jpeg 768w, http:\/\/tvalaire.com\/wp-content\/uploads\/2024\/01\/01-4-2.jpeg 1280w\" sizes=\"(max-width: 1024px) 100vw, 1024px\" \/><\/figure>\n\n\n\n<figure class=\"wp-block-image size-large is-style-default\"><img loading=\"lazy\" decoding=\"async\" width=\"1024\" height=\"682\" src=\"http:\/\/tvalaire.com\/wp-content\/uploads\/2024\/01\/01-6-1024x682.jpeg\" alt=\"\" class=\"wp-image-11908\" srcset=\"http:\/\/tvalaire.com\/wp-content\/uploads\/2024\/01\/01-6-1024x682.jpeg 1024w, http:\/\/tvalaire.com\/wp-content\/uploads\/2024\/01\/01-6-300x200.jpeg 300w, http:\/\/tvalaire.com\/wp-content\/uploads\/2024\/01\/01-6-768x512.jpeg 768w, http:\/\/tvalaire.com\/wp-content\/uploads\/2024\/01\/01-6.jpeg 1280w\" sizes=\"(max-width: 1024px) 100vw, 1024px\" \/><\/figure>\n","protected":false},"excerpt":{"rendered":"<p>En el marco de la celebraci\u00f3n del 494 aniversario del avecindamiento del municipio de La&#8230;<\/p>\n","protected":false},"author":1,"featured_media":11905,"comment_status":"open","ping_status":"open","sticky":false,"template":"","format":"standard","meta":{"jetpack_post_was_ever_published":false,"_jetpack_newsletter_access":"","_jetpack_dont_email_post_to_subs":false,"_jetpack_newsletter_tier_id":0,"_jetpack_memberships_contains_paywalled_content":false,"_jetpack_memberships_contains_paid_content":false,"footnotes":"","jetpack_publicize_message":"","jetpack_publicize_feature_enabled":true,"jetpack_social_post_already_shared":true,"jetpack_social_options":{"image_generator_settings":{"template":"highway","enabled":false},"version":2}},"categories":[1],"tags":[15,36],"class_list":["post-11904","post","type-post","status-publish","format-standard","has-post-thumbnail","hentry","category-la-piedad","tag-la-piedad","tag-principales"],"jetpack_publicize_connections":[],"jetpack_sharing_enabled":true,"featured_image_urls":{"full":["http:\/\/tvalaire.com\/wp-content\/uploads\/2024\/01\/01-1-5.jpeg",1280,853,false],"thumbnail":["http:\/\/tvalaire.com\/wp-content\/uploads\/2024\/01\/01-1-5-150x150.jpeg",150,150,true],"medium":["http:\/\/tvalaire.com\/wp-content\/uploads\/2024\/01\/01-1-5-300x200.jpeg",300,200,true],"medium_large":["http:\/\/tvalaire.com\/wp-content\/uploads\/2024\/01\/01-1-5-768x512.jpeg",640,427,true],"large":["http:\/\/tvalaire.com\/wp-content\/uploads\/2024\/01\/01-1-5-1024x682.jpeg",640,426,true],"post-slider-thumb-size":["http:\/\/tvalaire.com\/wp-content\/uploads\/2024\/01\/01-1-5-330x190.jpeg",330,190,true],"post-category-slider-size":["http:\/\/tvalaire.com\/wp-content\/uploads\/2024\/01\/01-1-5.jpeg",330,220,false],"1536x1536":["http:\/\/tvalaire.com\/wp-content\/uploads\/2024\/01\/01-1-5.jpeg",1280,853,false],"2048x2048":["http:\/\/tvalaire.com\/wp-content\/uploads\/2024\/01\/01-1-5.jpeg",1280,853,false],"newsium-slider-full":["http:\/\/tvalaire.com\/wp-content\/uploads\/2024\/01\/01-1-5-1280x845.jpeg",1280,845,true],"newsium-featured":["http:\/\/tvalaire.com\/wp-content\/uploads\/2024\/01\/01-1-5-1024x682.jpeg",1024,682,true],"newsium-medium":["http:\/\/tvalaire.com\/wp-content\/uploads\/2024\/01\/01-1-5-720x475.jpeg",720,475,true]},"author_info":{"info":["tvalairenoti"]},"category_info":"<a href=\"http:\/\/tvalaire.com\/?cat=1\" rel=\"category\">La Piedad<\/a>","tag_info":"La Piedad","comment_count":"0","jetpack_featured_media_url":"http:\/\/tvalaire.com\/wp-content\/uploads\/2024\/01\/01-1-5.jpeg","_links":{"self":[{"href":"http:\/\/tvalaire.com\/index.php?rest_route=\/wp\/v2\/posts\/11904"}],"collection":[{"href":"http:\/\/tvalaire.com\/index.php?rest_route=\/wp\/v2\/posts"}],"about":[{"href":"http:\/\/tvalaire.com\/index.php?rest_route=\/wp\/v2\/types\/post"}],"author":[{"embeddable":true,"href":"http:\/\/tvalaire.com\/index.php?rest_route=\/wp\/v2\/users\/1"}],"replies":[{"embeddable":true,"href":"http:\/\/tvalaire.com\/index.php?rest_route=%2Fwp%2Fv2%2Fcomments&post=11904"}],"version-history":[{"count":1,"href":"http:\/\/tvalaire.com\/index.php?rest_route=\/wp\/v2\/posts\/11904\/revisions"}],"predecessor-version":[{"id":11909,"href":"http:\/\/tvalaire.com\/index.php?rest_route=\/wp\/v2\/posts\/11904\/revisions\/11909"}],"wp:featuredmedia":[{"embeddable":true,"href":"http:\/\/tvalaire.com\/index.php?rest_route=\/wp\/v2\/media\/11905"}],"wp:attachment":[{"href":"http:\/\/tvalaire.com\/index.php?rest_route=%2Fwp%2Fv2%2Fmedia&parent=11904"}],"wp:term":[{"taxonomy":"category","embeddable":true,"href":"http:\/\/tvalaire.com\/index.php?rest_route=%2Fwp%2Fv2%2Fcategories&post=11904"},{"taxonomy":"post_tag","embeddable":true,"href":"http:\/\/tvalaire.com\/index.php?rest_route=%2Fwp%2Fv2%2Ftags&post=11904"}],"curies":[{"name":"wp","href":"https:\/\/api.w.org\/{rel}","templated":true}]}}