{"id":11899,"date":"2024-01-23T12:39:27","date_gmt":"2024-01-23T18:39:27","guid":{"rendered":"http:\/\/tvalaire.com\/?p=11899"},"modified":"2024-01-31T12:40:41","modified_gmt":"2024-01-31T18:40:41","slug":"parque-morelos-con-nueva-pista-de-tartan","status":"publish","type":"post","link":"http:\/\/tvalaire.com\/?p=11899","title":{"rendered":"PARQUE MORELOS CON NUEVA PISTA DE TART\u00c1N"},"content":{"rendered":"\n<p><\/p>\n\n\n\n<ul class=\"wp-block-list\">\n<li><strong>Invita alcalde Samuel Hidalgo a cuidar las instalaciones<\/strong><\/li>\n\n\n\n<li><strong>Un espacio al aire libre en mejores condiciones para la poblaci\u00f3n<\/strong><\/li>\n<\/ul>\n\n\n\n<p>El alcalde Samuel Hidalgo Gallardo, estuvo en las instalaciones del Parque Morelos, para hacer entrega oficial de los trabajos de rehabilitaci\u00f3n que se realizaron en este p\u00fablico, principalmente en la pista de tart\u00e1n, as\u00ed como en otras \u00e1reas.<\/p>\n\n\n\n<p>De acuerdo a la Direcci\u00f3n de Obras P\u00fablicas, las acciones realizadas en este lugar constaron del trazo y nivelaci\u00f3n de una superficie superior a mil 572 metros cuadrados en donde se rehabilit\u00f3 la base con concreto. Tambi\u00e9n se habilitaron pasos de agua para as\u00ed evitar encharcamientos.<\/p>\n\n\n\n<p>Es de destacar que un ancho de 2 metros 80 cent\u00edmetros, se instal\u00f3 el piso de caucho amortiguante, el cual tambi\u00e9n tiene rayas delimitantes.<\/p>\n\n\n\n<p>Hidalgo Gallardo, se\u00f1al\u00f3 que espacios como estos son de importancia mantenerlos en las mejores condiciones posibles para el beneficio de la ciudadan\u00eda en general, pues destac\u00f3 que, en este lugar se puede convivir en familia, pasar tiempos de recreaci\u00f3n y descanso, as\u00ed como la activaci\u00f3n f\u00edsica.<\/p>\n\n\n\n<p>En este mismo tenor, ah\u00ed mismo el Presidente dio a conocer que se han realizado las gestiones pertinentes para iniciar la habilitaci\u00f3n de otro espacio al aire libre como el Parque Morelos, el cual se ubicar\u00e1 a un costado de la zona habitacional del Fovissste y a espaldas del Colegio Juana de Asbaje.<\/p>\n\n\n\n<p><a><\/a> Agreg\u00f3 el Alcalde, que pronto se estar\u00e1 dando inicio a ese nuevo proyecto, el cual ser\u00e1 a largo plazo y donde los ciudadanos podr\u00e1n tener otra opci\u00f3n de recreaci\u00f3n en compa\u00f1\u00eda de familiares y amigos.<\/p>\n\n\n\n<p>De igual manera es de comentar que por medio de la Direcci\u00f3n de Servicios P\u00fablicos se estar\u00e1n realizando otras labores de rehabilitaci\u00f3n de \u00e1reas verdes, cenadores, cestos de basura, se\u00f1al\u00e9ticas y otras m\u00e1s.<\/p>\n\n\n\n<p>Al mismo tiempo, las autoridades municipales hacen un llamado a la poblaci\u00f3n para que, en medida de lo posible, colabore y cuide de este espacio que es uno de los favoritos de la poblaci\u00f3n en donde se puede realizar activaci\u00f3n f\u00edsica y tambi\u00e9n compartir tiempo en familia o con amigos<\/p>\n\n\n\n<figure class=\"wp-block-image size-large is-style-default\"><img loading=\"lazy\" decoding=\"async\" width=\"1024\" height=\"682\" src=\"http:\/\/tvalaire.com\/wp-content\/uploads\/2024\/01\/01-3-1-1-1024x682.jpeg\" alt=\"\" class=\"wp-image-11901\" srcset=\"http:\/\/tvalaire.com\/wp-content\/uploads\/2024\/01\/01-3-1-1-1024x682.jpeg 1024w, http:\/\/tvalaire.com\/wp-content\/uploads\/2024\/01\/01-3-1-1-300x200.jpeg 300w, http:\/\/tvalaire.com\/wp-content\/uploads\/2024\/01\/01-3-1-1-768x512.jpeg 768w, http:\/\/tvalaire.com\/wp-content\/uploads\/2024\/01\/01-3-1-1.jpeg 1280w\" sizes=\"(max-width: 1024px) 100vw, 1024px\" \/><\/figure>\n\n\n\n<figure class=\"wp-block-image size-large is-style-default\"><img loading=\"lazy\" decoding=\"async\" width=\"1024\" height=\"682\" src=\"http:\/\/tvalaire.com\/wp-content\/uploads\/2024\/01\/01-4-1-1-1024x682.jpeg\" alt=\"\" class=\"wp-image-11902\" srcset=\"http:\/\/tvalaire.com\/wp-content\/uploads\/2024\/01\/01-4-1-1-1024x682.jpeg 1024w, http:\/\/tvalaire.com\/wp-content\/uploads\/2024\/01\/01-4-1-1-300x200.jpeg 300w, http:\/\/tvalaire.com\/wp-content\/uploads\/2024\/01\/01-4-1-1-768x512.jpeg 768w, http:\/\/tvalaire.com\/wp-content\/uploads\/2024\/01\/01-4-1-1.jpeg 1280w\" sizes=\"(max-width: 1024px) 100vw, 1024px\" \/><\/figure>\n","protected":false},"excerpt":{"rendered":"<p>El alcalde Samuel Hidalgo Gallardo, estuvo en las instalaciones del Parque Morelos, para hacer entrega&#8230;<\/p>\n","protected":false},"author":1,"featured_media":11900,"comment_status":"open","ping_status":"open","sticky":false,"template":"","format":"standard","meta":{"jetpack_post_was_ever_published":false,"_jetpack_newsletter_access":"","_jetpack_dont_email_post_to_subs":false,"_jetpack_newsletter_tier_id":0,"_jetpack_memberships_contains_paywalled_content":false,"_jetpack_memberships_contains_paid_content":false,"footnotes":"","jetpack_publicize_message":"","jetpack_publicize_feature_enabled":true,"jetpack_social_post_already_shared":true,"jetpack_social_options":{"image_generator_settings":{"template":"highway","enabled":false},"version":2}},"categories":[1],"tags":[15,36],"class_list":["post-11899","post","type-post","status-publish","format-standard","has-post-thumbnail","hentry","category-la-piedad","tag-la-piedad","tag-principales"],"jetpack_publicize_connections":[],"jetpack_sharing_enabled":true,"featured_image_urls":{"full":["http:\/\/tvalaire.com\/wp-content\/uploads\/2024\/01\/01-2-1-2.jpeg",1280,853,false],"thumbnail":["http:\/\/tvalaire.com\/wp-content\/uploads\/2024\/01\/01-2-1-2-150x150.jpeg",150,150,true],"medium":["http:\/\/tvalaire.com\/wp-content\/uploads\/2024\/01\/01-2-1-2-300x200.jpeg",300,200,true],"medium_large":["http:\/\/tvalaire.com\/wp-content\/uploads\/2024\/01\/01-2-1-2-768x512.jpeg",640,427,true],"large":["http:\/\/tvalaire.com\/wp-content\/uploads\/2024\/01\/01-2-1-2-1024x682.jpeg",640,426,true],"post-slider-thumb-size":["http:\/\/tvalaire.com\/wp-content\/uploads\/2024\/01\/01-2-1-2-330x190.jpeg",330,190,true],"post-category-slider-size":["http:\/\/tvalaire.com\/wp-content\/uploads\/2024\/01\/01-2-1-2.jpeg",330,220,false],"1536x1536":["http:\/\/tvalaire.com\/wp-content\/uploads\/2024\/01\/01-2-1-2.jpeg",1280,853,false],"2048x2048":["http:\/\/tvalaire.com\/wp-content\/uploads\/2024\/01\/01-2-1-2.jpeg",1280,853,false],"newsium-slider-full":["http:\/\/tvalaire.com\/wp-content\/uploads\/2024\/01\/01-2-1-2-1280x845.jpeg",1280,845,true],"newsium-featured":["http:\/\/tvalaire.com\/wp-content\/uploads\/2024\/01\/01-2-1-2-1024x682.jpeg",1024,682,true],"newsium-medium":["http:\/\/tvalaire.com\/wp-content\/uploads\/2024\/01\/01-2-1-2-720x475.jpeg",720,475,true]},"author_info":{"info":["tvalairenoti"]},"category_info":"<a href=\"http:\/\/tvalaire.com\/?cat=1\" rel=\"category\">La Piedad<\/a>","tag_info":"La Piedad","comment_count":"0","jetpack_featured_media_url":"http:\/\/tvalaire.com\/wp-content\/uploads\/2024\/01\/01-2-1-2.jpeg","_links":{"self":[{"href":"http:\/\/tvalaire.com\/index.php?rest_route=\/wp\/v2\/posts\/11899"}],"collection":[{"href":"http:\/\/tvalaire.com\/index.php?rest_route=\/wp\/v2\/posts"}],"about":[{"href":"http:\/\/tvalaire.com\/index.php?rest_route=\/wp\/v2\/types\/post"}],"author":[{"embeddable":true,"href":"http:\/\/tvalaire.com\/index.php?rest_route=\/wp\/v2\/users\/1"}],"replies":[{"embeddable":true,"href":"http:\/\/tvalaire.com\/index.php?rest_route=%2Fwp%2Fv2%2Fcomments&post=11899"}],"version-history":[{"count":1,"href":"http:\/\/tvalaire.com\/index.php?rest_route=\/wp\/v2\/posts\/11899\/revisions"}],"predecessor-version":[{"id":11903,"href":"http:\/\/tvalaire.com\/index.php?rest_route=\/wp\/v2\/posts\/11899\/revisions\/11903"}],"wp:featuredmedia":[{"embeddable":true,"href":"http:\/\/tvalaire.com\/index.php?rest_route=\/wp\/v2\/media\/11900"}],"wp:attachment":[{"href":"http:\/\/tvalaire.com\/index.php?rest_route=%2Fwp%2Fv2%2Fmedia&parent=11899"}],"wp:term":[{"taxonomy":"category","embeddable":true,"href":"http:\/\/tvalaire.com\/index.php?rest_route=%2Fwp%2Fv2%2Fcategories&post=11899"},{"taxonomy":"post_tag","embeddable":true,"href":"http:\/\/tvalaire.com\/index.php?rest_route=%2Fwp%2Fv2%2Ftags&post=11899"}],"curies":[{"name":"wp","href":"https:\/\/api.w.org\/{rel}","templated":true}]}}