{"id":11896,"date":"2024-01-25T12:38:10","date_gmt":"2024-01-25T18:38:10","guid":{"rendered":"http:\/\/tvalaire.com\/?p=11896"},"modified":"2024-01-31T12:39:14","modified_gmt":"2024-01-31T18:39:14","slug":"invita-gobierno-de-la-piedad-a-expo-bajio-agropecuaria","status":"publish","type":"post","link":"http:\/\/tvalaire.com\/?p=11896","title":{"rendered":"INVITA GOBIERNO DE LA PIEDAD A EXPO BAJIO AGROPECUARIA"},"content":{"rendered":"\n<p><\/p>\n\n\n\n<ul class=\"wp-block-list\">\n<li><strong>El objetivo de la actividad es poder impulsar la econom\u00eda de este sector<\/strong><\/li>\n\n\n\n<li><strong>23 y 24 de febrero en el Sal\u00f3n \u201cEsperanza\u201d<\/strong><\/li>\n<\/ul>\n\n\n\n<p>Con el objetivo de impulsar y ofrecer alternativas de desarrollo en los cultivos del municipio y la regi\u00f3n, el Gobierno Municipal de La Piedad invita a los productores del campo a ser part\u00edcipes de la ExpoBaj\u00edo Agropecuaria que se desarrollar\u00e1 el 23 y 24 de febrero.<\/p>\n\n\n\n<p><a><\/a> La actividad que se tiene organizada por las Direcciones de Fomento Agropecuario y Promoci\u00f3n Econ\u00f3mica y en colaboraci\u00f3n con FIRA, ITTA y CIMMYT se realizar\u00e1 en las instalaciones del Sal\u00f3n \u201cEsperanza\u201d. Ah\u00ed los visitantes podr\u00e1n encontrar proveedores, financieras, clientes potenciales, insumos y otros beneficios sobre el ramo.<\/p>\n\n\n\n<p>Las autoridades municipales se\u00f1alaron que se trata de un evento en el que se pretende impulsar la econom\u00eda del sector agropecuario de la regi\u00f3n Baj\u00edo en la que participan los estados de Michoac\u00e1n, Jalisco y Guanajuato.<\/p>\n\n\n\n<p>Es de mencionar que el evento busca difundir los productos, servicios financieros, ofertar nuevas oportunidades de negocios para expositores, productores y visitantes, as\u00ed como de generar un semillero de nuevas generaciones altamente calificadas y al mismo tiempo fomentar el crecimiento del emprendedor rural.<\/p>\n\n\n\n<p>Los interesados en formar parte de este evento, pueden comunicarse al 352 52 278 56 para que les brinden toda la informaci\u00f3n necesaria sobre el tema. Pueden asistir ganaderos, agroempresarios, proveedores, estudiantes y universidades, l\u00edderes de opini\u00f3n y agricultores.<\/p>\n","protected":false},"excerpt":{"rendered":"<p>Con el objetivo de impulsar y ofrecer alternativas de desarrollo en los cultivos del municipio&#8230;<\/p>\n","protected":false},"author":1,"featured_media":11897,"comment_status":"open","ping_status":"open","sticky":false,"template":"","format":"standard","meta":{"jetpack_post_was_ever_published":false,"_jetpack_newsletter_access":"","_jetpack_dont_email_post_to_subs":false,"_jetpack_newsletter_tier_id":0,"_jetpack_memberships_contains_paywalled_content":false,"_jetpack_memberships_contains_paid_content":false,"footnotes":"","jetpack_publicize_message":"","jetpack_publicize_feature_enabled":true,"jetpack_social_post_already_shared":true,"jetpack_social_options":{"image_generator_settings":{"template":"highway","enabled":false},"version":2}},"categories":[1,35],"tags":[15,36],"class_list":["post-11896","post","type-post","status-publish","format-standard","has-post-thumbnail","hentry","category-la-piedad","category-principales","tag-la-piedad","tag-principales"],"jetpack_publicize_connections":[],"jetpack_sharing_enabled":true,"featured_image_urls":{"full":["http:\/\/tvalaire.com\/wp-content\/uploads\/2024\/01\/01-scaled.jpg",2560,2560,false],"thumbnail":["http:\/\/tvalaire.com\/wp-content\/uploads\/2024\/01\/01-150x150.jpg",150,150,true],"medium":["http:\/\/tvalaire.com\/wp-content\/uploads\/2024\/01\/01-300x300.jpg",300,300,true],"medium_large":["http:\/\/tvalaire.com\/wp-content\/uploads\/2024\/01\/01-768x768.jpg",640,640,true],"large":["http:\/\/tvalaire.com\/wp-content\/uploads\/2024\/01\/01-1024x1024.jpg",640,640,true],"post-slider-thumb-size":["http:\/\/tvalaire.com\/wp-content\/uploads\/2024\/01\/01-330x190.jpg",330,190,true],"post-category-slider-size":["http:\/\/tvalaire.com\/wp-content\/uploads\/2024\/01\/01-scaled.jpg",330,330,false],"1536x1536":["http:\/\/tvalaire.com\/wp-content\/uploads\/2024\/01\/01-1536x1536.jpg",1536,1536,true],"2048x2048":["http:\/\/tvalaire.com\/wp-content\/uploads\/2024\/01\/01-2048x2048.jpg",2048,2048,true],"newsium-slider-full":["http:\/\/tvalaire.com\/wp-content\/uploads\/2024\/01\/01-1280x845.jpg",1280,845,true],"newsium-featured":["http:\/\/tvalaire.com\/wp-content\/uploads\/2024\/01\/01-1024x1024.jpg",1024,1024,true],"newsium-medium":["http:\/\/tvalaire.com\/wp-content\/uploads\/2024\/01\/01-720x475.jpg",720,475,true]},"author_info":{"info":["tvalairenoti"]},"category_info":"<a href=\"http:\/\/tvalaire.com\/?cat=1\" rel=\"category\">La Piedad<\/a> <a href=\"http:\/\/tvalaire.com\/?cat=35\" rel=\"category\">Principales<\/a>","tag_info":"Principales","comment_count":"0","jetpack_featured_media_url":"http:\/\/tvalaire.com\/wp-content\/uploads\/2024\/01\/01-scaled.jpg","_links":{"self":[{"href":"http:\/\/tvalaire.com\/index.php?rest_route=\/wp\/v2\/posts\/11896"}],"collection":[{"href":"http:\/\/tvalaire.com\/index.php?rest_route=\/wp\/v2\/posts"}],"about":[{"href":"http:\/\/tvalaire.com\/index.php?rest_route=\/wp\/v2\/types\/post"}],"author":[{"embeddable":true,"href":"http:\/\/tvalaire.com\/index.php?rest_route=\/wp\/v2\/users\/1"}],"replies":[{"embeddable":true,"href":"http:\/\/tvalaire.com\/index.php?rest_route=%2Fwp%2Fv2%2Fcomments&post=11896"}],"version-history":[{"count":1,"href":"http:\/\/tvalaire.com\/index.php?rest_route=\/wp\/v2\/posts\/11896\/revisions"}],"predecessor-version":[{"id":11898,"href":"http:\/\/tvalaire.com\/index.php?rest_route=\/wp\/v2\/posts\/11896\/revisions\/11898"}],"wp:featuredmedia":[{"embeddable":true,"href":"http:\/\/tvalaire.com\/index.php?rest_route=\/wp\/v2\/media\/11897"}],"wp:attachment":[{"href":"http:\/\/tvalaire.com\/index.php?rest_route=%2Fwp%2Fv2%2Fmedia&parent=11896"}],"wp:term":[{"taxonomy":"category","embeddable":true,"href":"http:\/\/tvalaire.com\/index.php?rest_route=%2Fwp%2Fv2%2Fcategories&post=11896"},{"taxonomy":"post_tag","embeddable":true,"href":"http:\/\/tvalaire.com\/index.php?rest_route=%2Fwp%2Fv2%2Ftags&post=11896"}],"curies":[{"name":"wp","href":"https:\/\/api.w.org\/{rel}","templated":true}]}}