{"id":1186,"date":"2017-03-30T10:14:51","date_gmt":"2017-03-30T16:14:51","guid":{"rendered":"http:\/\/tvalaire.com\/?p=1186"},"modified":"2017-03-30T10:14:51","modified_gmt":"2017-03-30T16:14:51","slug":"victor-vazquez-asiste-a-la-33-jornada-academica-cultural-y-deportiva-2017","status":"publish","type":"post","link":"http:\/\/tvalaire.com\/?p=1186","title":{"rendered":"V\u00cdCTOR V\u00c1ZQUEZ ASISTE A LA 33 JORNADA ACAD\u00c9MICA, CULTURAL Y DEPORTIVA 2017"},"content":{"rendered":"<p>Comprometido con la educaci\u00f3n, el Presidente Municipal V\u00edctor V\u00e1zquez asiste a la inauguraci\u00f3n de la 33 Jornada Acad\u00e9mica, Cultural y Deportiva del <a href=\"http:\/\/www.cobamich.edu.mx\/\">Colegio de Bachilleres del Estado de Michoac\u00e1n<\/a> (COBAEM), en donde estar\u00e1n participando 12 planteles; siendo la Tenencia de Isaac Arriaga sede de dicha actividad.<\/p>\n<p>En su participaci\u00f3n el edil resalt\u00f3 que \u201cpara m\u00ed es un gran honor poderlos recibir en este su municipio de Puru\u00e1ndiro, en donde los recibimos con los brazos abiertos, esperando que su estancia sea placentera. Tambi\u00e9n es de reconocer el trabo que realizaron a quienes hoy les toca organizar este evento, no es tarea f\u00e1cil, es complicada, pero a trav\u00e9s de la solidaridad se podr\u00e1 sacar adelante esta jornada\u201d.<\/p>\n<p>Igualmente reitero el compromiso que tiene con esta noble instituci\u00f3n y para muestra se\u00f1al\u00f3 que \u201cestamos trabajando en obras en proceso de la infraestructura del colegio del plantel Isaac Arriaga, porque queremos que los j\u00f3venes tengan espacios dignos, donde puedan desarrollarse en el \u00e1mbito acad\u00e9mico, es un compromiso que tenemos muy fuerte con esta y con todas las instituciones; no solo en la cuesti\u00f3n educativa, sino tambi\u00e9n en el deporte, as\u00ed como en la cultural, de muestra esta plaza que hoy arrancamos actividades en este espacio tan importante y ello habla con el compromiso que tenemos con la educaci\u00f3n\u201d.<\/p>\n<p>Finalmente les enfatiz\u00f3 a los alumnos que \u201cdisfruten de este evento, donde se genera la convivencia y competencia entre cada uno de los planteles,\u00a0 de una manera muy sana, en donde demostraran sus habilidades en lo acad\u00e9mico, cultural y deportivo, ya que esta oportunidad solo se vive una vez\u201d.<\/p>\n<p><img loading=\"lazy\" decoding=\"async\" class=\"alignnone size-medium wp-image-1194\" src=\"http:\/\/tvalaire.com\/wp-content\/uploads\/2017\/03\/victor-vazquez-asiste-a-la-33-jornada-8-199x300.jpg\" alt=\"\" width=\"199\" height=\"300\" srcset=\"http:\/\/tvalaire.com\/wp-content\/uploads\/2017\/03\/victor-vazquez-asiste-a-la-33-jornada-8-199x300.jpg 199w, http:\/\/tvalaire.com\/wp-content\/uploads\/2017\/03\/victor-vazquez-asiste-a-la-33-jornada-8-768x1160.jpg 768w, http:\/\/tvalaire.com\/wp-content\/uploads\/2017\/03\/victor-vazquez-asiste-a-la-33-jornada-8-678x1024.jpg 678w, http:\/\/tvalaire.com\/wp-content\/uploads\/2017\/03\/victor-vazquez-asiste-a-la-33-jornada-8.jpg 1632w\" sizes=\"(max-width: 199px) 100vw, 199px\" \/><\/p>\n<p><img loading=\"lazy\" decoding=\"async\" class=\"alignnone size-medium wp-image-1193\" src=\"http:\/\/tvalaire.com\/wp-content\/uploads\/2017\/03\/victor-vazquez-asiste-a-la-33-jornada-7-300x199.jpg\" alt=\"\" width=\"300\" height=\"199\" srcset=\"http:\/\/tvalaire.com\/wp-content\/uploads\/2017\/03\/victor-vazquez-asiste-a-la-33-jornada-7-300x199.jpg 300w, http:\/\/tvalaire.com\/wp-content\/uploads\/2017\/03\/victor-vazquez-asiste-a-la-33-jornada-7-768x509.jpg 768w, http:\/\/tvalaire.com\/wp-content\/uploads\/2017\/03\/victor-vazquez-asiste-a-la-33-jornada-7-1024x678.jpg 1024w\" sizes=\"(max-width: 300px) 100vw, 300px\" \/><\/p>\n<p><img loading=\"lazy\" decoding=\"async\" class=\"alignnone size-medium wp-image-1192\" src=\"http:\/\/tvalaire.com\/wp-content\/uploads\/2017\/03\/victor-vazquez-asiste-a-la-33-jornada-6-199x300.jpg\" alt=\"\" width=\"199\" height=\"300\" srcset=\"http:\/\/tvalaire.com\/wp-content\/uploads\/2017\/03\/victor-vazquez-asiste-a-la-33-jornada-6-199x300.jpg 199w, http:\/\/tvalaire.com\/wp-content\/uploads\/2017\/03\/victor-vazquez-asiste-a-la-33-jornada-6-768x1160.jpg 768w, http:\/\/tvalaire.com\/wp-content\/uploads\/2017\/03\/victor-vazquez-asiste-a-la-33-jornada-6-678x1024.jpg 678w, http:\/\/tvalaire.com\/wp-content\/uploads\/2017\/03\/victor-vazquez-asiste-a-la-33-jornada-6.jpg 1632w\" sizes=\"(max-width: 199px) 100vw, 199px\" \/><\/p>\n<p><img loading=\"lazy\" decoding=\"async\" class=\"alignnone size-medium wp-image-1191\" src=\"http:\/\/tvalaire.com\/wp-content\/uploads\/2017\/03\/victor-vazquez-asiste-a-la-33-jornada-5-199x300.jpg\" alt=\"\" width=\"199\" height=\"300\" srcset=\"http:\/\/tvalaire.com\/wp-content\/uploads\/2017\/03\/victor-vazquez-asiste-a-la-33-jornada-5-199x300.jpg 199w, http:\/\/tvalaire.com\/wp-content\/uploads\/2017\/03\/victor-vazquez-asiste-a-la-33-jornada-5-768x1160.jpg 768w, http:\/\/tvalaire.com\/wp-content\/uploads\/2017\/03\/victor-vazquez-asiste-a-la-33-jornada-5-678x1024.jpg 678w, http:\/\/tvalaire.com\/wp-content\/uploads\/2017\/03\/victor-vazquez-asiste-a-la-33-jornada-5.jpg 1632w\" sizes=\"(max-width: 199px) 100vw, 199px\" \/><\/p>\n<p><img loading=\"lazy\" decoding=\"async\" class=\"alignnone size-medium wp-image-1190\" src=\"http:\/\/tvalaire.com\/wp-content\/uploads\/2017\/03\/victor-vazquez-asiste-a-la-33-jornada-4-300x199.jpg\" alt=\"\" width=\"300\" height=\"199\" srcset=\"http:\/\/tvalaire.com\/wp-content\/uploads\/2017\/03\/victor-vazquez-asiste-a-la-33-jornada-4-300x199.jpg 300w, http:\/\/tvalaire.com\/wp-content\/uploads\/2017\/03\/victor-vazquez-asiste-a-la-33-jornada-4-768x509.jpg 768w, http:\/\/tvalaire.com\/wp-content\/uploads\/2017\/03\/victor-vazquez-asiste-a-la-33-jornada-4-1024x678.jpg 1024w\" sizes=\"(max-width: 300px) 100vw, 300px\" \/><\/p>\n<p><img loading=\"lazy\" decoding=\"async\" class=\"alignnone size-medium wp-image-1189\" src=\"http:\/\/tvalaire.com\/wp-content\/uploads\/2017\/03\/victor-vazquez-asiste-a-la-33-jornada-3-300x199.jpg\" alt=\"\" width=\"300\" height=\"199\" srcset=\"http:\/\/tvalaire.com\/wp-content\/uploads\/2017\/03\/victor-vazquez-asiste-a-la-33-jornada-3-300x199.jpg 300w, http:\/\/tvalaire.com\/wp-content\/uploads\/2017\/03\/victor-vazquez-asiste-a-la-33-jornada-3-768x509.jpg 768w, http:\/\/tvalaire.com\/wp-content\/uploads\/2017\/03\/victor-vazquez-asiste-a-la-33-jornada-3-1024x678.jpg 1024w\" sizes=\"(max-width: 300px) 100vw, 300px\" \/><\/p>\n<p><img loading=\"lazy\" decoding=\"async\" class=\"alignnone size-medium wp-image-1188\" src=\"http:\/\/tvalaire.com\/wp-content\/uploads\/2017\/03\/victor-vazquez-asiste-a-la-33-jornada-2-300x199.jpg\" alt=\"\" width=\"300\" height=\"199\" srcset=\"http:\/\/tvalaire.com\/wp-content\/uploads\/2017\/03\/victor-vazquez-asiste-a-la-33-jornada-2-300x199.jpg 300w, http:\/\/tvalaire.com\/wp-content\/uploads\/2017\/03\/victor-vazquez-asiste-a-la-33-jornada-2-768x509.jpg 768w, http:\/\/tvalaire.com\/wp-content\/uploads\/2017\/03\/victor-vazquez-asiste-a-la-33-jornada-2-1024x678.jpg 1024w\" sizes=\"(max-width: 300px) 100vw, 300px\" \/><\/p>\n<p>&nbsp;<\/p>\n","protected":false},"excerpt":{"rendered":"<p>Comprometido con la educaci\u00f3n, el Presidente Municipal V\u00edctor V\u00e1zquez asiste a la inauguraci\u00f3n de la&#8230;<\/p>\n","protected":false},"author":1,"featured_media":1187,"comment_status":"open","ping_status":"open","sticky":false,"template":"","format":"standard","meta":{"jetpack_post_was_ever_published":false,"_jetpack_newsletter_access":"","_jetpack_dont_email_post_to_subs":false,"_jetpack_newsletter_tier_id":0,"_jetpack_memberships_contains_paywalled_content":false,"_jetpack_memberships_contains_paid_content":false,"footnotes":"","jetpack_publicize_message":"","jetpack_publicize_feature_enabled":true,"jetpack_social_post_already_shared":false,"jetpack_social_options":{"image_generator_settings":{"template":"highway","enabled":false},"version":2}},"categories":[4],"tags":[36,24],"class_list":["post-1186","post","type-post","status-publish","format-standard","has-post-thumbnail","hentry","category-puruandiro","tag-principales","tag-puruandiro"],"jetpack_publicize_connections":[],"jetpack_sharing_enabled":true,"featured_image_urls":{"full":["http:\/\/tvalaire.com\/wp-content\/uploads\/2017\/03\/victor-vazquez-asiste-a-la-33-jornada-1.jpg",2464,1632,false],"thumbnail":["http:\/\/tvalaire.com\/wp-content\/uploads\/2017\/03\/victor-vazquez-asiste-a-la-33-jornada-1-150x150.jpg",150,150,true],"medium":["http:\/\/tvalaire.com\/wp-content\/uploads\/2017\/03\/victor-vazquez-asiste-a-la-33-jornada-1-300x199.jpg",300,199,true],"medium_large":["http:\/\/tvalaire.com\/wp-content\/uploads\/2017\/03\/victor-vazquez-asiste-a-la-33-jornada-1-768x509.jpg",640,424,true],"large":["http:\/\/tvalaire.com\/wp-content\/uploads\/2017\/03\/victor-vazquez-asiste-a-la-33-jornada-1-1024x678.jpg",640,424,true],"post-slider-thumb-size":["http:\/\/tvalaire.com\/wp-content\/uploads\/2017\/03\/victor-vazquez-asiste-a-la-33-jornada-1.jpg",287,190,false],"post-category-slider-size":["http:\/\/tvalaire.com\/wp-content\/uploads\/2017\/03\/victor-vazquez-asiste-a-la-33-jornada-1.jpg",330,219,false],"1536x1536":["http:\/\/tvalaire.com\/wp-content\/uploads\/2017\/03\/victor-vazquez-asiste-a-la-33-jornada-1.jpg",1536,1017,false],"2048x2048":["http:\/\/tvalaire.com\/wp-content\/uploads\/2017\/03\/victor-vazquez-asiste-a-la-33-jornada-1.jpg",2048,1356,false],"newsium-slider-full":["http:\/\/tvalaire.com\/wp-content\/uploads\/2017\/03\/victor-vazquez-asiste-a-la-33-jornada-1.jpg",1276,845,false],"newsium-featured":["http:\/\/tvalaire.com\/wp-content\/uploads\/2017\/03\/victor-vazquez-asiste-a-la-33-jornada-1.jpg",1024,678,false],"newsium-medium":["http:\/\/tvalaire.com\/wp-content\/uploads\/2017\/03\/victor-vazquez-asiste-a-la-33-jornada-1.jpg",717,475,false]},"author_info":{"info":["tvalairenoti"]},"category_info":"<a href=\"http:\/\/tvalaire.com\/?cat=4\" rel=\"category\">Puru\u00e1ndiro<\/a>","tag_info":"Puru\u00e1ndiro","comment_count":"0","jetpack_featured_media_url":"http:\/\/tvalaire.com\/wp-content\/uploads\/2017\/03\/victor-vazquez-asiste-a-la-33-jornada-1.jpg","_links":{"self":[{"href":"http:\/\/tvalaire.com\/index.php?rest_route=\/wp\/v2\/posts\/1186"}],"collection":[{"href":"http:\/\/tvalaire.com\/index.php?rest_route=\/wp\/v2\/posts"}],"about":[{"href":"http:\/\/tvalaire.com\/index.php?rest_route=\/wp\/v2\/types\/post"}],"author":[{"embeddable":true,"href":"http:\/\/tvalaire.com\/index.php?rest_route=\/wp\/v2\/users\/1"}],"replies":[{"embeddable":true,"href":"http:\/\/tvalaire.com\/index.php?rest_route=%2Fwp%2Fv2%2Fcomments&post=1186"}],"version-history":[{"count":1,"href":"http:\/\/tvalaire.com\/index.php?rest_route=\/wp\/v2\/posts\/1186\/revisions"}],"predecessor-version":[{"id":1195,"href":"http:\/\/tvalaire.com\/index.php?rest_route=\/wp\/v2\/posts\/1186\/revisions\/1195"}],"wp:featuredmedia":[{"embeddable":true,"href":"http:\/\/tvalaire.com\/index.php?rest_route=\/wp\/v2\/media\/1187"}],"wp:attachment":[{"href":"http:\/\/tvalaire.com\/index.php?rest_route=%2Fwp%2Fv2%2Fmedia&parent=1186"}],"wp:term":[{"taxonomy":"category","embeddable":true,"href":"http:\/\/tvalaire.com\/index.php?rest_route=%2Fwp%2Fv2%2Fcategories&post=1186"},{"taxonomy":"post_tag","embeddable":true,"href":"http:\/\/tvalaire.com\/index.php?rest_route=%2Fwp%2Fv2%2Ftags&post=1186"}],"curies":[{"name":"wp","href":"https:\/\/api.w.org\/{rel}","templated":true}]}}