{"id":11844,"date":"2023-12-01T10:34:35","date_gmt":"2023-12-01T16:34:35","guid":{"rendered":"http:\/\/tvalaire.com\/?p=11844"},"modified":"2024-01-05T10:35:51","modified_gmt":"2024-01-05T16:35:51","slug":"inician-rehabilitacion-de-pista-de-tartan-en-el-parque-morelos","status":"publish","type":"post","link":"http:\/\/tvalaire.com\/?p=11844","title":{"rendered":"INICIAN REHABILITACI\u00d3N DE PISTA DE TART\u00c1N EN EL PARQUE MORELOS"},"content":{"rendered":"\n<p><\/p>\n\n\n\n<ul class=\"wp-block-list\">\n<li><strong>Tambi\u00e9n se modernizar\u00e1 el alumbrado p\u00fablico y juegos infantiles<\/strong>&nbsp;<\/li>\n\n\n\n<li><strong>\u201cDespu\u00e9s de muchos a\u00f1os, se realizar\u00e1n estas mejoras en un espacio tan importante para los piedadenses\u201d: Samuel Hidalgo<\/strong><\/li>\n<\/ul>\n\n\n\n<p>Con el objetivo de seguir brindado espacios de calidad para la ciudadan\u00eda, el presidente municipal de La Piedad Samuel Hidalgo, di\u00f3 el arranque oficial de la rehabilitaci\u00f3n de la pista de tart\u00e1n del Parque Morelos, sitio que a diario es utilizado para correr, trotar o caminar.<\/p>\n\n\n\n<p>\u201cDespu\u00e9s de muchos a\u00f1os, se llevar\u00e1 a cabo este trabajo que es tan importante para todas y todos los piedadenses que d\u00eda con d\u00eda vienen a ejercitarse, nuestro compromiso de generar mejoras en cada lugar de nuestro municipio contin\u00faa\u201d, coment\u00f3 el alcalde Samuel Hidalgo.<\/p>\n\n\n\n<p>La rehabilitaci\u00f3n de este espacio multideportivo, ubicado en la colonia Jardines del Carmen, constar\u00e1 de la mejora de 1572.5&nbsp; metros cuadrados de caucho amortiguante de 25 mm de espesor, con un color terracota y l\u00edneas divisorias de carril color blancas, a su vez se modernizar\u00e1 el alumbrado p\u00fablico y se mejorar\u00e1n los juegos infantiles.<\/p>\n\n\n\n<p>As\u00ed mismo, se invita a la ciudadan\u00eda respetar los espacios que estar\u00e1n siendo remodelados, esto para que el trabajo que se realizar\u00e1 se lleve a cabo&nbsp; de la mejor manera.<\/p>\n\n\n\n<figure class=\"wp-block-image size-large is-style-default\"><img loading=\"lazy\" decoding=\"async\" width=\"1024\" height=\"684\" src=\"http:\/\/tvalaire.com\/wp-content\/uploads\/2024\/01\/WhatsApp-Image-2023-11-27-at-14.20.54-1024x684.jpeg\" alt=\"\" class=\"wp-image-11846\" srcset=\"http:\/\/tvalaire.com\/wp-content\/uploads\/2024\/01\/WhatsApp-Image-2023-11-27-at-14.20.54-1024x684.jpeg 1024w, http:\/\/tvalaire.com\/wp-content\/uploads\/2024\/01\/WhatsApp-Image-2023-11-27-at-14.20.54-300x200.jpeg 300w, http:\/\/tvalaire.com\/wp-content\/uploads\/2024\/01\/WhatsApp-Image-2023-11-27-at-14.20.54-768x513.jpeg 768w, http:\/\/tvalaire.com\/wp-content\/uploads\/2024\/01\/WhatsApp-Image-2023-11-27-at-14.20.54-1536x1025.jpeg 1536w, http:\/\/tvalaire.com\/wp-content\/uploads\/2024\/01\/WhatsApp-Image-2023-11-27-at-14.20.54.jpeg 1600w\" sizes=\"(max-width: 1024px) 100vw, 1024px\" \/><\/figure>\n\n\n\n<figure class=\"wp-block-image size-large is-style-default\"><img loading=\"lazy\" decoding=\"async\" width=\"1024\" height=\"684\" src=\"http:\/\/tvalaire.com\/wp-content\/uploads\/2024\/01\/WhatsApp-Image-2023-11-27-at-14.20.48-1024x684.jpeg\" alt=\"\" class=\"wp-image-11847\" srcset=\"http:\/\/tvalaire.com\/wp-content\/uploads\/2024\/01\/WhatsApp-Image-2023-11-27-at-14.20.48-1024x684.jpeg 1024w, http:\/\/tvalaire.com\/wp-content\/uploads\/2024\/01\/WhatsApp-Image-2023-11-27-at-14.20.48-300x200.jpeg 300w, http:\/\/tvalaire.com\/wp-content\/uploads\/2024\/01\/WhatsApp-Image-2023-11-27-at-14.20.48-768x513.jpeg 768w, http:\/\/tvalaire.com\/wp-content\/uploads\/2024\/01\/WhatsApp-Image-2023-11-27-at-14.20.48-1536x1025.jpeg 1536w, http:\/\/tvalaire.com\/wp-content\/uploads\/2024\/01\/WhatsApp-Image-2023-11-27-at-14.20.48.jpeg 1600w\" sizes=\"(max-width: 1024px) 100vw, 1024px\" \/><\/figure>\n","protected":false},"excerpt":{"rendered":"<p>Con el objetivo de seguir brindado espacios de calidad para la ciudadan\u00eda, el presidente municipal&#8230;<\/p>\n","protected":false},"author":1,"featured_media":11845,"comment_status":"open","ping_status":"open","sticky":false,"template":"","format":"standard","meta":{"jetpack_post_was_ever_published":false,"_jetpack_newsletter_access":"","_jetpack_dont_email_post_to_subs":false,"_jetpack_newsletter_tier_id":0,"_jetpack_memberships_contains_paywalled_content":false,"_jetpack_memberships_contains_paid_content":false,"footnotes":"","jetpack_publicize_message":"","jetpack_publicize_feature_enabled":true,"jetpack_social_post_already_shared":true,"jetpack_social_options":{"image_generator_settings":{"template":"highway","enabled":false},"version":2}},"categories":[1],"tags":[15,36],"class_list":["post-11844","post","type-post","status-publish","format-standard","has-post-thumbnail","hentry","category-la-piedad","tag-la-piedad","tag-principales"],"jetpack_publicize_connections":[],"jetpack_sharing_enabled":true,"featured_image_urls":{"full":["http:\/\/tvalaire.com\/wp-content\/uploads\/2024\/01\/WhatsApp-Image-2023-11-27-at-14.20.50.jpeg",1600,1068,false],"thumbnail":["http:\/\/tvalaire.com\/wp-content\/uploads\/2024\/01\/WhatsApp-Image-2023-11-27-at-14.20.50-150x150.jpeg",150,150,true],"medium":["http:\/\/tvalaire.com\/wp-content\/uploads\/2024\/01\/WhatsApp-Image-2023-11-27-at-14.20.50-300x200.jpeg",300,200,true],"medium_large":["http:\/\/tvalaire.com\/wp-content\/uploads\/2024\/01\/WhatsApp-Image-2023-11-27-at-14.20.50-768x513.jpeg",640,428,true],"large":["http:\/\/tvalaire.com\/wp-content\/uploads\/2024\/01\/WhatsApp-Image-2023-11-27-at-14.20.50-1024x684.jpeg",640,428,true],"post-slider-thumb-size":["http:\/\/tvalaire.com\/wp-content\/uploads\/2024\/01\/WhatsApp-Image-2023-11-27-at-14.20.50-330x190.jpeg",330,190,true],"post-category-slider-size":["http:\/\/tvalaire.com\/wp-content\/uploads\/2024\/01\/WhatsApp-Image-2023-11-27-at-14.20.50.jpeg",330,220,false],"1536x1536":["http:\/\/tvalaire.com\/wp-content\/uploads\/2024\/01\/WhatsApp-Image-2023-11-27-at-14.20.50-1536x1025.jpeg",1536,1025,true],"2048x2048":["http:\/\/tvalaire.com\/wp-content\/uploads\/2024\/01\/WhatsApp-Image-2023-11-27-at-14.20.50.jpeg",1600,1068,false],"newsium-slider-full":["http:\/\/tvalaire.com\/wp-content\/uploads\/2024\/01\/WhatsApp-Image-2023-11-27-at-14.20.50-1280x845.jpeg",1280,845,true],"newsium-featured":["http:\/\/tvalaire.com\/wp-content\/uploads\/2024\/01\/WhatsApp-Image-2023-11-27-at-14.20.50-1024x684.jpeg",1024,684,true],"newsium-medium":["http:\/\/tvalaire.com\/wp-content\/uploads\/2024\/01\/WhatsApp-Image-2023-11-27-at-14.20.50-720x475.jpeg",720,475,true]},"author_info":{"info":["tvalairenoti"]},"category_info":"<a href=\"http:\/\/tvalaire.com\/?cat=1\" rel=\"category\">La Piedad<\/a>","tag_info":"La Piedad","comment_count":"0","jetpack_featured_media_url":"http:\/\/tvalaire.com\/wp-content\/uploads\/2024\/01\/WhatsApp-Image-2023-11-27-at-14.20.50.jpeg","_links":{"self":[{"href":"http:\/\/tvalaire.com\/index.php?rest_route=\/wp\/v2\/posts\/11844"}],"collection":[{"href":"http:\/\/tvalaire.com\/index.php?rest_route=\/wp\/v2\/posts"}],"about":[{"href":"http:\/\/tvalaire.com\/index.php?rest_route=\/wp\/v2\/types\/post"}],"author":[{"embeddable":true,"href":"http:\/\/tvalaire.com\/index.php?rest_route=\/wp\/v2\/users\/1"}],"replies":[{"embeddable":true,"href":"http:\/\/tvalaire.com\/index.php?rest_route=%2Fwp%2Fv2%2Fcomments&post=11844"}],"version-history":[{"count":1,"href":"http:\/\/tvalaire.com\/index.php?rest_route=\/wp\/v2\/posts\/11844\/revisions"}],"predecessor-version":[{"id":11848,"href":"http:\/\/tvalaire.com\/index.php?rest_route=\/wp\/v2\/posts\/11844\/revisions\/11848"}],"wp:featuredmedia":[{"embeddable":true,"href":"http:\/\/tvalaire.com\/index.php?rest_route=\/wp\/v2\/media\/11845"}],"wp:attachment":[{"href":"http:\/\/tvalaire.com\/index.php?rest_route=%2Fwp%2Fv2%2Fmedia&parent=11844"}],"wp:term":[{"taxonomy":"category","embeddable":true,"href":"http:\/\/tvalaire.com\/index.php?rest_route=%2Fwp%2Fv2%2Fcategories&post=11844"},{"taxonomy":"post_tag","embeddable":true,"href":"http:\/\/tvalaire.com\/index.php?rest_route=%2Fwp%2Fv2%2Ftags&post=11844"}],"curies":[{"name":"wp","href":"https:\/\/api.w.org\/{rel}","templated":true}]}}