{"id":11835,"date":"2023-12-05T10:32:02","date_gmt":"2023-12-05T16:32:02","guid":{"rendered":"http:\/\/tvalaire.com\/?p=11835"},"modified":"2024-01-05T10:33:08","modified_gmt":"2024-01-05T16:33:08","slug":"esta-conformado-el-cabildo-juvenil-en-la-piedad","status":"publish","type":"post","link":"http:\/\/tvalaire.com\/?p=11835","title":{"rendered":"EST\u00c1 CONFORMADO EL CABILDO JUVENIL EN LA PIEDAD"},"content":{"rendered":"\n<p><\/p>\n\n\n\n<ul class=\"wp-block-list\">\n<li><strong>Son 13 j\u00f3venes de Preparatoria y Universidad quienes lo integran<\/strong><\/li>\n\n\n\n<li><strong>Ser\u00e1n capacitados en varias \u00e1reas para desarrollar proyectos<\/strong><\/li>\n<\/ul>\n\n\n\n<p>El Gobierno Municipal de La Piedad, a trav\u00e9s del Instituto de la Juventud Piedadense (INJUP) en acto protocolario que se realiz\u00f3 en las instalaciones de la Escuela de Artes, hizo el nombramiento oficial a los integrantes del Cabildo Juvenil que atendieron la convocatoria.<\/p>\n\n\n\n<p>Diego Pimentel Zambrano, director del INJUP, coment\u00f3 que se trata de un espacio en el que se intenta fomentar la pol\u00edtica de participaci\u00f3n y la toma de decisiones de los j\u00f3venes de nuestro municipio. Son 13 integrantes quienes han conformado este Cabildo.<\/p>\n\n\n\n<p>Para estas instancias Pimentel Zambrano, destac\u00f3 que se realizaron 20 mesas de trabajo en las que participaron 500 j\u00f3venes estudiantes de diversas escuelas de nivel Preparatoria y Universidad y as\u00ed poder hacer la selecci\u00f3n de los integrantes.<\/p>\n\n\n\n<p>El funcionario, agreg\u00f3 que las personas designadas tendr\u00e1n un cargo honorifico por un a\u00f1o, tiempo en el cual ser\u00e1n capacitados por el INJUP en diferentes \u00e1reas, para as\u00ed crear proyectos que favorezcan el desarrollo del municipio.<\/p>\n\n\n\n<p>Los integrantes del Cabildo Juvenil quedaron de la siguiente manera:<\/p>\n\n\n\n<p>Alexa Montserrat Torres Bravo, Presidenta<\/p>\n\n\n\n<p>Guardado Guerra Ilse Hilary, Sindico<\/p>\n\n\n\n<p>Luis Enrique Salvador Ruiz de la Paz, Secretario<\/p>\n\n\n\n<p>Como regidores est\u00e1n: Edgar Mauricio L\u00f3pez Morales, G\u00e9nesis Aim\u00e9 Alvarenga Madrigal, Ximena Lourdes Olivares Flores, Alexa Elizarraras Tejeda, \u00c1ngel Gael Vel\u00e1zquez Chavolla, Jes\u00fas David Le\u00f3n Torres, Aar\u00f3n G\u00f3mez Romero, F\u00e1tima Montserrat Belmonte Vega, Luis Jonathan D\u00edaz Olivares y Kenia Jazm\u00edn Santos Espinoza.<\/p>\n\n\n\n<figure class=\"wp-block-image size-large is-style-default\"><img loading=\"lazy\" decoding=\"async\" width=\"1024\" height=\"682\" src=\"http:\/\/tvalaire.com\/wp-content\/uploads\/2024\/01\/01-1-3-1024x682.jpeg\" alt=\"\" class=\"wp-image-11837\" srcset=\"http:\/\/tvalaire.com\/wp-content\/uploads\/2024\/01\/01-1-3-1024x682.jpeg 1024w, http:\/\/tvalaire.com\/wp-content\/uploads\/2024\/01\/01-1-3-300x200.jpeg 300w, http:\/\/tvalaire.com\/wp-content\/uploads\/2024\/01\/01-1-3-768x512.jpeg 768w, http:\/\/tvalaire.com\/wp-content\/uploads\/2024\/01\/01-1-3.jpeg 1280w\" sizes=\"(max-width: 1024px) 100vw, 1024px\" \/><\/figure>\n\n\n\n<figure class=\"wp-block-image size-large is-style-default\"><img loading=\"lazy\" decoding=\"async\" width=\"1024\" height=\"682\" src=\"http:\/\/tvalaire.com\/wp-content\/uploads\/2024\/01\/01-2-1-1-1024x682.jpeg\" alt=\"\" class=\"wp-image-11838\" srcset=\"http:\/\/tvalaire.com\/wp-content\/uploads\/2024\/01\/01-2-1-1-1024x682.jpeg 1024w, http:\/\/tvalaire.com\/wp-content\/uploads\/2024\/01\/01-2-1-1-300x200.jpeg 300w, http:\/\/tvalaire.com\/wp-content\/uploads\/2024\/01\/01-2-1-1-768x512.jpeg 768w, http:\/\/tvalaire.com\/wp-content\/uploads\/2024\/01\/01-2-1-1.jpeg 1280w\" sizes=\"(max-width: 1024px) 100vw, 1024px\" \/><\/figure>\n","protected":false},"excerpt":{"rendered":"<p>El Gobierno Municipal de La Piedad, a trav\u00e9s del Instituto de la Juventud Piedadense (INJUP)&#8230;<\/p>\n","protected":false},"author":1,"featured_media":11836,"comment_status":"open","ping_status":"open","sticky":false,"template":"","format":"standard","meta":{"jetpack_post_was_ever_published":false,"_jetpack_newsletter_access":"","_jetpack_dont_email_post_to_subs":false,"_jetpack_newsletter_tier_id":0,"_jetpack_memberships_contains_paywalled_content":false,"_jetpack_memberships_contains_paid_content":false,"footnotes":"","jetpack_publicize_message":"","jetpack_publicize_feature_enabled":true,"jetpack_social_post_already_shared":true,"jetpack_social_options":{"image_generator_settings":{"template":"highway","enabled":false},"version":2}},"categories":[1],"tags":[15,36],"class_list":["post-11835","post","type-post","status-publish","format-standard","has-post-thumbnail","hentry","category-la-piedad","tag-la-piedad","tag-principales"],"jetpack_publicize_connections":[],"jetpack_sharing_enabled":true,"featured_image_urls":{"full":["http:\/\/tvalaire.com\/wp-content\/uploads\/2024\/01\/01-3-2.jpeg",1280,853,false],"thumbnail":["http:\/\/tvalaire.com\/wp-content\/uploads\/2024\/01\/01-3-2-150x150.jpeg",150,150,true],"medium":["http:\/\/tvalaire.com\/wp-content\/uploads\/2024\/01\/01-3-2-300x200.jpeg",300,200,true],"medium_large":["http:\/\/tvalaire.com\/wp-content\/uploads\/2024\/01\/01-3-2-768x512.jpeg",640,427,true],"large":["http:\/\/tvalaire.com\/wp-content\/uploads\/2024\/01\/01-3-2-1024x682.jpeg",640,426,true],"post-slider-thumb-size":["http:\/\/tvalaire.com\/wp-content\/uploads\/2024\/01\/01-3-2-330x190.jpeg",330,190,true],"post-category-slider-size":["http:\/\/tvalaire.com\/wp-content\/uploads\/2024\/01\/01-3-2.jpeg",330,220,false],"1536x1536":["http:\/\/tvalaire.com\/wp-content\/uploads\/2024\/01\/01-3-2.jpeg",1280,853,false],"2048x2048":["http:\/\/tvalaire.com\/wp-content\/uploads\/2024\/01\/01-3-2.jpeg",1280,853,false],"newsium-slider-full":["http:\/\/tvalaire.com\/wp-content\/uploads\/2024\/01\/01-3-2-1280x845.jpeg",1280,845,true],"newsium-featured":["http:\/\/tvalaire.com\/wp-content\/uploads\/2024\/01\/01-3-2-1024x682.jpeg",1024,682,true],"newsium-medium":["http:\/\/tvalaire.com\/wp-content\/uploads\/2024\/01\/01-3-2-720x475.jpeg",720,475,true]},"author_info":{"info":["tvalairenoti"]},"category_info":"<a href=\"http:\/\/tvalaire.com\/?cat=1\" rel=\"category\">La Piedad<\/a>","tag_info":"La Piedad","comment_count":"0","jetpack_featured_media_url":"http:\/\/tvalaire.com\/wp-content\/uploads\/2024\/01\/01-3-2.jpeg","_links":{"self":[{"href":"http:\/\/tvalaire.com\/index.php?rest_route=\/wp\/v2\/posts\/11835"}],"collection":[{"href":"http:\/\/tvalaire.com\/index.php?rest_route=\/wp\/v2\/posts"}],"about":[{"href":"http:\/\/tvalaire.com\/index.php?rest_route=\/wp\/v2\/types\/post"}],"author":[{"embeddable":true,"href":"http:\/\/tvalaire.com\/index.php?rest_route=\/wp\/v2\/users\/1"}],"replies":[{"embeddable":true,"href":"http:\/\/tvalaire.com\/index.php?rest_route=%2Fwp%2Fv2%2Fcomments&post=11835"}],"version-history":[{"count":1,"href":"http:\/\/tvalaire.com\/index.php?rest_route=\/wp\/v2\/posts\/11835\/revisions"}],"predecessor-version":[{"id":11839,"href":"http:\/\/tvalaire.com\/index.php?rest_route=\/wp\/v2\/posts\/11835\/revisions\/11839"}],"wp:featuredmedia":[{"embeddable":true,"href":"http:\/\/tvalaire.com\/index.php?rest_route=\/wp\/v2\/media\/11836"}],"wp:attachment":[{"href":"http:\/\/tvalaire.com\/index.php?rest_route=%2Fwp%2Fv2%2Fmedia&parent=11835"}],"wp:term":[{"taxonomy":"category","embeddable":true,"href":"http:\/\/tvalaire.com\/index.php?rest_route=%2Fwp%2Fv2%2Fcategories&post=11835"},{"taxonomy":"post_tag","embeddable":true,"href":"http:\/\/tvalaire.com\/index.php?rest_route=%2Fwp%2Fv2%2Ftags&post=11835"}],"curies":[{"name":"wp","href":"https:\/\/api.w.org\/{rel}","templated":true}]}}