{"id":11825,"date":"2023-12-07T10:28:47","date_gmt":"2023-12-07T16:28:47","guid":{"rendered":"http:\/\/tvalaire.com\/?p=11825"},"modified":"2024-01-05T10:30:06","modified_gmt":"2024-01-05T16:30:06","slug":"entregan-galardon-a-deportistas-piedadenses-destacados","status":"publish","type":"post","link":"http:\/\/tvalaire.com\/?p=11825","title":{"rendered":"ENTREGAN GALARD\u00d3N A DEPORTISTAS PIEDADENSES DESTACADOS"},"content":{"rendered":"\n<p><\/p>\n\n\n\n<ul class=\"wp-block-list\">\n<li><strong>Reconoce Hidalgo Gallardo, el esfuerzo de los atletas<\/strong><\/li>\n\n\n\n<li><strong>Invita a seguir trabajando para que sigan obteniendo resultados<\/strong><\/li>\n<\/ul>\n\n\n\n<p>Deportistas que han destacado en diferentes disciplinas a nivel regional, estatal, nacional e internacional, fueron galardonados por las autoridades municipales de La Piedad que son encabezadas por el presidente Samuel Hidalgo Gallardo.<\/p>\n\n\n\n<p>En un evento protocolario realizado en el patio de la Escuela de Artes, se llev\u00f3 a cabo la entrega del galard\u00f3n a cuatro deportistas piedadenses que durante este a\u00f1o lograron resultados satisfactorios en sus \u00e1reas.<\/p>\n\n\n\n<p>Se trata de Jorge Antonio L\u00f3pez P\u00e9rez, quien fue reconocido como el Deportista del A\u00f1o, como Promesa Deportiva el reconocimiento fue para Zuria Camila Morales P\u00e9rez, en el Deporte Adaptado, Adriana Lizeth Hern\u00e1ndez Busio, tambi\u00e9n fue galardonada y Jorge Lenin L\u00f3pez Ram\u00edrez, fue reconocido con el M\u00e9rito Deportivo.<\/p>\n\n\n\n<p>En su intervenci\u00f3n, el alcalde Samuel Hidalgo Gallardo, coment\u00f3 la importancia de poder reconocer el esfuerzo de los deportistas piedadenses, al mismo tiempo que los invit\u00f3 a seguir trabajando para que logren resultados favorables en sus carreras.<\/p>\n\n\n\n<p>De igual manera dijo, \u201cUstedes son claro ejemplo de que d\u00eda a d\u00eda tenemos que salir adelante, ser disciplinados y poner lo mejor de nosotros en nuestras actividades para, as\u00ed como ustedes alcanzar nuestros sue\u00f1os\u201d, agreg\u00f3 el Presidente.<\/p>\n\n\n\n<p>Al mismo tiempo, Hidalgo Gallardo, subray\u00f3 que la Administraci\u00f3n a su cargo reitera su compromiso para seguir contribuyendo en medida de lo posible con espacios donde los ciudadanos puedan desarrollar activaci\u00f3n f\u00edsica en bienestar de su salud.<\/p>\n\n\n\n<p>Al mismo tiempo, Hidalgo Gallardo, mencion\u00f3 de su compromiso para seguir contribuyendo a los espacios deportivos de La Piedad, por eso se trabaj\u00f3 en el mejoramiento de la Unidad Deportiva \u201cHumberto Romero P\u00e9rez\u201d, en la construcci\u00f3n de canchas de uso m\u00faltiple, y la cancha de f\u00fatbol nueva del fraccionamiento Villas de La Loma, y m\u00e1s recientemente la rehabilitaci\u00f3n integral de la pista de tart\u00e1n del Parque Morelos.<\/p>\n\n\n\n<figure class=\"wp-block-image size-large is-style-default\"><img loading=\"lazy\" decoding=\"async\" width=\"1024\" height=\"683\" src=\"http:\/\/tvalaire.com\/wp-content\/uploads\/2024\/01\/01-5-1-1-1024x683.jpeg\" alt=\"\" class=\"wp-image-11827\" srcset=\"http:\/\/tvalaire.com\/wp-content\/uploads\/2024\/01\/01-5-1-1-1024x683.jpeg 1024w, http:\/\/tvalaire.com\/wp-content\/uploads\/2024\/01\/01-5-1-1-300x200.jpeg 300w, http:\/\/tvalaire.com\/wp-content\/uploads\/2024\/01\/01-5-1-1-768x512.jpeg 768w, http:\/\/tvalaire.com\/wp-content\/uploads\/2024\/01\/01-5-1-1.jpeg 1279w\" sizes=\"(max-width: 1024px) 100vw, 1024px\" \/><\/figure>\n\n\n\n<figure class=\"wp-block-image size-large is-style-default\"><img loading=\"lazy\" decoding=\"async\" width=\"1024\" height=\"682\" src=\"http:\/\/tvalaire.com\/wp-content\/uploads\/2024\/01\/01-1-2-1024x682.jpeg\" alt=\"\" class=\"wp-image-11828\" srcset=\"http:\/\/tvalaire.com\/wp-content\/uploads\/2024\/01\/01-1-2-1024x682.jpeg 1024w, http:\/\/tvalaire.com\/wp-content\/uploads\/2024\/01\/01-1-2-300x200.jpeg 300w, http:\/\/tvalaire.com\/wp-content\/uploads\/2024\/01\/01-1-2-768x512.jpeg 768w, http:\/\/tvalaire.com\/wp-content\/uploads\/2024\/01\/01-1-2.jpeg 1280w\" sizes=\"(max-width: 1024px) 100vw, 1024px\" \/><\/figure>\n","protected":false},"excerpt":{"rendered":"<p>Deportistas que han destacado en diferentes disciplinas a nivel regional, estatal, nacional e internacional, fueron&#8230;<\/p>\n","protected":false},"author":1,"featured_media":11826,"comment_status":"open","ping_status":"open","sticky":false,"template":"","format":"standard","meta":{"jetpack_post_was_ever_published":false,"_jetpack_newsletter_access":"","_jetpack_dont_email_post_to_subs":false,"_jetpack_newsletter_tier_id":0,"_jetpack_memberships_contains_paywalled_content":false,"_jetpack_memberships_contains_paid_content":false,"footnotes":"","jetpack_publicize_message":"","jetpack_publicize_feature_enabled":true,"jetpack_social_post_already_shared":true,"jetpack_social_options":{"image_generator_settings":{"template":"highway","enabled":false},"version":2}},"categories":[1],"tags":[15,36],"class_list":["post-11825","post","type-post","status-publish","format-standard","has-post-thumbnail","hentry","category-la-piedad","tag-la-piedad","tag-principales"],"jetpack_publicize_connections":[],"jetpack_sharing_enabled":true,"featured_image_urls":{"full":["http:\/\/tvalaire.com\/wp-content\/uploads\/2024\/01\/01-3-1.jpeg",1280,853,false],"thumbnail":["http:\/\/tvalaire.com\/wp-content\/uploads\/2024\/01\/01-3-1-150x150.jpeg",150,150,true],"medium":["http:\/\/tvalaire.com\/wp-content\/uploads\/2024\/01\/01-3-1-300x200.jpeg",300,200,true],"medium_large":["http:\/\/tvalaire.com\/wp-content\/uploads\/2024\/01\/01-3-1-768x512.jpeg",640,427,true],"large":["http:\/\/tvalaire.com\/wp-content\/uploads\/2024\/01\/01-3-1-1024x682.jpeg",640,426,true],"post-slider-thumb-size":["http:\/\/tvalaire.com\/wp-content\/uploads\/2024\/01\/01-3-1-330x190.jpeg",330,190,true],"post-category-slider-size":["http:\/\/tvalaire.com\/wp-content\/uploads\/2024\/01\/01-3-1.jpeg",330,220,false],"1536x1536":["http:\/\/tvalaire.com\/wp-content\/uploads\/2024\/01\/01-3-1.jpeg",1280,853,false],"2048x2048":["http:\/\/tvalaire.com\/wp-content\/uploads\/2024\/01\/01-3-1.jpeg",1280,853,false],"newsium-slider-full":["http:\/\/tvalaire.com\/wp-content\/uploads\/2024\/01\/01-3-1-1280x845.jpeg",1280,845,true],"newsium-featured":["http:\/\/tvalaire.com\/wp-content\/uploads\/2024\/01\/01-3-1-1024x682.jpeg",1024,682,true],"newsium-medium":["http:\/\/tvalaire.com\/wp-content\/uploads\/2024\/01\/01-3-1-720x475.jpeg",720,475,true]},"author_info":{"info":["tvalairenoti"]},"category_info":"<a href=\"http:\/\/tvalaire.com\/?cat=1\" rel=\"category\">La Piedad<\/a>","tag_info":"La Piedad","comment_count":"0","jetpack_featured_media_url":"http:\/\/tvalaire.com\/wp-content\/uploads\/2024\/01\/01-3-1.jpeg","_links":{"self":[{"href":"http:\/\/tvalaire.com\/index.php?rest_route=\/wp\/v2\/posts\/11825"}],"collection":[{"href":"http:\/\/tvalaire.com\/index.php?rest_route=\/wp\/v2\/posts"}],"about":[{"href":"http:\/\/tvalaire.com\/index.php?rest_route=\/wp\/v2\/types\/post"}],"author":[{"embeddable":true,"href":"http:\/\/tvalaire.com\/index.php?rest_route=\/wp\/v2\/users\/1"}],"replies":[{"embeddable":true,"href":"http:\/\/tvalaire.com\/index.php?rest_route=%2Fwp%2Fv2%2Fcomments&post=11825"}],"version-history":[{"count":1,"href":"http:\/\/tvalaire.com\/index.php?rest_route=\/wp\/v2\/posts\/11825\/revisions"}],"predecessor-version":[{"id":11829,"href":"http:\/\/tvalaire.com\/index.php?rest_route=\/wp\/v2\/posts\/11825\/revisions\/11829"}],"wp:featuredmedia":[{"embeddable":true,"href":"http:\/\/tvalaire.com\/index.php?rest_route=\/wp\/v2\/media\/11826"}],"wp:attachment":[{"href":"http:\/\/tvalaire.com\/index.php?rest_route=%2Fwp%2Fv2%2Fmedia&parent=11825"}],"wp:term":[{"taxonomy":"category","embeddable":true,"href":"http:\/\/tvalaire.com\/index.php?rest_route=%2Fwp%2Fv2%2Fcategories&post=11825"},{"taxonomy":"post_tag","embeddable":true,"href":"http:\/\/tvalaire.com\/index.php?rest_route=%2Fwp%2Fv2%2Ftags&post=11825"}],"curies":[{"name":"wp","href":"https:\/\/api.w.org\/{rel}","templated":true}]}}