{"id":11811,"date":"2023-12-19T10:08:44","date_gmt":"2023-12-19T16:08:44","guid":{"rendered":"http:\/\/tvalaire.com\/?p=11811"},"modified":"2024-01-05T10:23:28","modified_gmt":"2024-01-05T16:23:28","slug":"mejora-gobierno-de-la-piedad-avenida-el-malecon","status":"publish","type":"post","link":"http:\/\/tvalaire.com\/?p=11811","title":{"rendered":"MEJORA GOBIERNO DE LA PIEDAD AVENIDA EL MALEC\u00d3N"},"content":{"rendered":"\n<p><\/p>\n\n\n\n<ul class=\"wp-block-list\">\n<li><strong>M\u00e1s de 7 mil 400 metros cuadrados rehabilitados<\/strong><\/li>\n\n\n\n<li><strong>El a\u00f1o entrante se tienen nuevos proyectos; Hidalgo Gallardo&nbsp;<\/strong><\/li>\n<\/ul>\n\n\n\n<p>Autoridades municipales de La Piedad, encabezadas por el presidente Samuel Hidalgo Gallardo, visitaron el fraccionamiento El Malec\u00f3n, para hacer la entrega oficial de los trabajos de rehabilitaci\u00f3n que se realizaron en la avenida del mismo nombre de esa zona urbana.<\/p>\n\n\n\n<p>Durante la inauguraci\u00f3n, el Alcalde destac\u00f3 la importancia de mejorar las vialidades del municipio, subrayando que despu\u00e9s de varios a\u00f1os esta importante calle, hoy d\u00eda est\u00e1 en mejores condiciones en favor del traslado de la ciudadan\u00eda.<\/p>\n\n\n\n<p>Los trabajos que se realizaron desde la calle 21 de Marzo hasta el Puente Quer\u00e9taro, constaron de m\u00e1s de 7 mil 400 metros cuadros rehabilitados con una mezcla asf\u00e1ltica con granulometr\u00eda densa en caliente.<\/p>\n\n\n\n<p>De igual manera para que se tenga una mejor visibilidad de la calle, se realiz\u00f3 el balizamiento e identificaci\u00f3n de los carriles, se\u00f1alamientos, vialetas reflejantes, cruces peatonales, as\u00ed como marcas de identificaci\u00f3n de la ciclo v\u00eda.<\/p>\n\n\n\n<p>Ah\u00ed mismo, Hidalgo Gallardo, se\u00f1al\u00f3 que la Administraci\u00f3n a su cargo seguir\u00e1 trabajando en la mejora de la infraestructura urbana de las diferentes zonas del municipio, subrayando que para el a\u00f1o entrante se tendr\u00e1n nuevos proyectos en favor de la poblaci\u00f3n. &nbsp;&nbsp;&nbsp;<\/p>\n\n\n\n<figure class=\"wp-block-image size-full is-style-default\"><img loading=\"lazy\" decoding=\"async\" width=\"1024\" height=\"768\" src=\"http:\/\/tvalaire.com\/wp-content\/uploads\/2024\/01\/01-2-1.jpeg\" alt=\"\" class=\"wp-image-11813\" srcset=\"http:\/\/tvalaire.com\/wp-content\/uploads\/2024\/01\/01-2-1.jpeg 1024w, http:\/\/tvalaire.com\/wp-content\/uploads\/2024\/01\/01-2-1-300x225.jpeg 300w, http:\/\/tvalaire.com\/wp-content\/uploads\/2024\/01\/01-2-1-768x576.jpeg 768w\" sizes=\"(max-width: 1024px) 100vw, 1024px\" \/><\/figure>\n\n\n\n<figure class=\"wp-block-image size-full is-style-default\"><img loading=\"lazy\" decoding=\"async\" width=\"1024\" height=\"768\" src=\"http:\/\/tvalaire.com\/wp-content\/uploads\/2024\/01\/01-1-1.jpeg\" alt=\"\" class=\"wp-image-11814\" srcset=\"http:\/\/tvalaire.com\/wp-content\/uploads\/2024\/01\/01-1-1.jpeg 1024w, http:\/\/tvalaire.com\/wp-content\/uploads\/2024\/01\/01-1-1-300x225.jpeg 300w, http:\/\/tvalaire.com\/wp-content\/uploads\/2024\/01\/01-1-1-768x576.jpeg 768w\" sizes=\"(max-width: 1024px) 100vw, 1024px\" \/><\/figure>\n\n\n\n<figure class=\"wp-block-image size-full is-style-default\"><img loading=\"lazy\" decoding=\"async\" width=\"1024\" height=\"768\" src=\"http:\/\/tvalaire.com\/wp-content\/uploads\/2024\/01\/01-4.jpeg\" alt=\"\" class=\"wp-image-11815\" srcset=\"http:\/\/tvalaire.com\/wp-content\/uploads\/2024\/01\/01-4.jpeg 1024w, http:\/\/tvalaire.com\/wp-content\/uploads\/2024\/01\/01-4-300x225.jpeg 300w, http:\/\/tvalaire.com\/wp-content\/uploads\/2024\/01\/01-4-768x576.jpeg 768w\" sizes=\"(max-width: 1024px) 100vw, 1024px\" \/><\/figure>\n","protected":false},"excerpt":{"rendered":"<p>Autoridades municipales de La Piedad, encabezadas por el presidente Samuel Hidalgo Gallardo, visitaron el fraccionamiento&#8230;<\/p>\n","protected":false},"author":1,"featured_media":11812,"comment_status":"open","ping_status":"open","sticky":false,"template":"","format":"standard","meta":{"jetpack_post_was_ever_published":false,"_jetpack_newsletter_access":"","_jetpack_dont_email_post_to_subs":false,"_jetpack_newsletter_tier_id":0,"_jetpack_memberships_contains_paywalled_content":false,"_jetpack_memberships_contains_paid_content":false,"footnotes":"","jetpack_publicize_message":"","jetpack_publicize_feature_enabled":true,"jetpack_social_post_already_shared":true,"jetpack_social_options":{"image_generator_settings":{"template":"highway","enabled":false},"version":2}},"categories":[1],"tags":[15,36],"class_list":["post-11811","post","type-post","status-publish","format-standard","has-post-thumbnail","hentry","category-la-piedad","tag-la-piedad","tag-principales"],"jetpack_publicize_connections":[],"jetpack_sharing_enabled":true,"featured_image_urls":{"full":["http:\/\/tvalaire.com\/wp-content\/uploads\/2024\/01\/01-2.jpeg",1024,768,false],"thumbnail":["http:\/\/tvalaire.com\/wp-content\/uploads\/2024\/01\/01-2-150x150.jpeg",150,150,true],"medium":["http:\/\/tvalaire.com\/wp-content\/uploads\/2024\/01\/01-2-300x225.jpeg",300,225,true],"medium_large":["http:\/\/tvalaire.com\/wp-content\/uploads\/2024\/01\/01-2-768x576.jpeg",640,480,true],"large":["http:\/\/tvalaire.com\/wp-content\/uploads\/2024\/01\/01-2.jpeg",640,480,false],"post-slider-thumb-size":["http:\/\/tvalaire.com\/wp-content\/uploads\/2024\/01\/01-2-330x190.jpeg",330,190,true],"post-category-slider-size":["http:\/\/tvalaire.com\/wp-content\/uploads\/2024\/01\/01-2.jpeg",330,248,false],"1536x1536":["http:\/\/tvalaire.com\/wp-content\/uploads\/2024\/01\/01-2.jpeg",1024,768,false],"2048x2048":["http:\/\/tvalaire.com\/wp-content\/uploads\/2024\/01\/01-2.jpeg",1024,768,false],"newsium-slider-full":["http:\/\/tvalaire.com\/wp-content\/uploads\/2024\/01\/01-2.jpeg",1024,768,false],"newsium-featured":["http:\/\/tvalaire.com\/wp-content\/uploads\/2024\/01\/01-2.jpeg",1024,768,false],"newsium-medium":["http:\/\/tvalaire.com\/wp-content\/uploads\/2024\/01\/01-2-720x475.jpeg",720,475,true]},"author_info":{"info":["tvalairenoti"]},"category_info":"<a href=\"http:\/\/tvalaire.com\/?cat=1\" rel=\"category\">La Piedad<\/a>","tag_info":"La Piedad","comment_count":"0","jetpack_featured_media_url":"http:\/\/tvalaire.com\/wp-content\/uploads\/2024\/01\/01-2.jpeg","_links":{"self":[{"href":"http:\/\/tvalaire.com\/index.php?rest_route=\/wp\/v2\/posts\/11811"}],"collection":[{"href":"http:\/\/tvalaire.com\/index.php?rest_route=\/wp\/v2\/posts"}],"about":[{"href":"http:\/\/tvalaire.com\/index.php?rest_route=\/wp\/v2\/types\/post"}],"author":[{"embeddable":true,"href":"http:\/\/tvalaire.com\/index.php?rest_route=\/wp\/v2\/users\/1"}],"replies":[{"embeddable":true,"href":"http:\/\/tvalaire.com\/index.php?rest_route=%2Fwp%2Fv2%2Fcomments&post=11811"}],"version-history":[{"count":1,"href":"http:\/\/tvalaire.com\/index.php?rest_route=\/wp\/v2\/posts\/11811\/revisions"}],"predecessor-version":[{"id":11816,"href":"http:\/\/tvalaire.com\/index.php?rest_route=\/wp\/v2\/posts\/11811\/revisions\/11816"}],"wp:featuredmedia":[{"embeddable":true,"href":"http:\/\/tvalaire.com\/index.php?rest_route=\/wp\/v2\/media\/11812"}],"wp:attachment":[{"href":"http:\/\/tvalaire.com\/index.php?rest_route=%2Fwp%2Fv2%2Fmedia&parent=11811"}],"wp:term":[{"taxonomy":"category","embeddable":true,"href":"http:\/\/tvalaire.com\/index.php?rest_route=%2Fwp%2Fv2%2Fcategories&post=11811"},{"taxonomy":"post_tag","embeddable":true,"href":"http:\/\/tvalaire.com\/index.php?rest_route=%2Fwp%2Fv2%2Ftags&post=11811"}],"curies":[{"name":"wp","href":"https:\/\/api.w.org\/{rel}","templated":true}]}}