{"id":1180,"date":"2017-03-30T10:11:32","date_gmt":"2017-03-30T16:11:32","guid":{"rendered":"http:\/\/tvalaire.com\/?p=1180"},"modified":"2017-03-30T10:11:32","modified_gmt":"2017-03-30T16:11:32","slug":"sonrisas-en-los-ninos-por-su-espacio-publico-dignificado","status":"publish","type":"post","link":"http:\/\/tvalaire.com\/?p=1180","title":{"rendered":"SONRISAS EN LOS NI\u00d1OS POR SU ESPACIO P\u00daBLICO DIGNIFICADO"},"content":{"rendered":"<p>Tener un contacto directo, ha sido la caracter\u00edstica de esta administraci\u00f3n del Gobierno Municipal, es por ello que docenas de ni\u00f1os y padres de familia, se reunieron con el Presidente Municipal V\u00edctor V\u00e1zquez, en el espacio p\u00fablico del Infonavit para inaugurar la rehabilitaci\u00f3n del mismo.<br \/>\nDe viva voz escucho sus inquietudes y aprovecho para comentarles que \u201ctambi\u00e9n venimos a constatar que los recursos que fueron asignados, est\u00e9n bien empleados de manera correcta y que cumpla con el fin para lo que fue creado, cu\u00e1l es; primero, que los Puruandirenses tengamos espacios p\u00fablicos dignos\u201d, como ejemplo puso la rehabilitaci\u00f3n de la plaza principal, en donde se\u00f1al\u00f3 que \u201cm\u00e1s que un simple pavimento, es un espacio p\u00fablico, es la plaza principal de todos los Puruandirenses y nuestra carta de presentaci\u00f3n\u201d.<br \/>\nAnte dicha determinaci\u00f3n resalt\u00f3 que \u201cpor eso es tan importante que esos espacios p\u00fablicos los dignifiquemos y que est\u00e9n acorde a lo que somos los Puruandirenses, as\u00ed como la plaza principal se est\u00e1 dignificando, tambi\u00e9n as\u00ed a cada una de las colonias, donde puedan coincidir; ni\u00f1os, j\u00f3venes, adultos y adultos mayores para disfrutar de su espacio p\u00fablico, en donde a la vez, tambi\u00e9n los va ayudar en su salud\u201d.<br \/>\nPor su parte el presidente de la mesa directiva de la obra enfatiz\u00f3 \u201cj\u00f3venes y amigos que nos acompa\u00f1an, esta cancha de usos m\u00faltiples ya ten\u00edamos tiempo solicit\u00e1ndola, pero ha hora ya la tenemos para que la disfrutemos todos; as\u00ed como darle el uso adecuado\u201d.<br \/>\nEn el mismo marco la se\u00f1orita Mar\u00eda Guadalupe Torres Ceballos extern\u00f3 \u201cesta obra no solo beneficia a la colonia Infonavit, sino tambi\u00e9n a la colonia Tenerias y adocenas de ni\u00f1os que sin duda podr\u00e1n desarrollar sus habilidades deportivas, tendr\u00e1n un espacio sano de convivencia, al igual que las mam\u00e1s, pap\u00e1s y j\u00f3venes. Tener un espacio en \u00f3ptimas condiciones, nos da mucha alegr\u00eda\u2026 de verdad muchas gracias, quedamos con el compromiso de cuidar este espacio, de mantenerlo as\u00ed como est\u00e1 ahorita\u201d.<\/p>\n<p>&nbsp;<\/p>\n<p><img loading=\"lazy\" decoding=\"async\" class=\"alignnone size-medium wp-image-1184\" src=\"http:\/\/tvalaire.com\/wp-content\/uploads\/2017\/03\/inauguracion-camcha-4-300x199.jpg\" alt=\"\" width=\"300\" height=\"199\" srcset=\"http:\/\/tvalaire.com\/wp-content\/uploads\/2017\/03\/inauguracion-camcha-4-300x199.jpg 300w, http:\/\/tvalaire.com\/wp-content\/uploads\/2017\/03\/inauguracion-camcha-4-768x509.jpg 768w, http:\/\/tvalaire.com\/wp-content\/uploads\/2017\/03\/inauguracion-camcha-4-1024x678.jpg 1024w\" sizes=\"(max-width: 300px) 100vw, 300px\" \/><\/p>\n<p><img loading=\"lazy\" decoding=\"async\" class=\"alignnone size-medium wp-image-1182\" src=\"http:\/\/tvalaire.com\/wp-content\/uploads\/2017\/03\/inauguracion-camcha-2-300x199.jpg\" alt=\"\" width=\"300\" height=\"199\" srcset=\"http:\/\/tvalaire.com\/wp-content\/uploads\/2017\/03\/inauguracion-camcha-2-300x199.jpg 300w, http:\/\/tvalaire.com\/wp-content\/uploads\/2017\/03\/inauguracion-camcha-2-768x509.jpg 768w, http:\/\/tvalaire.com\/wp-content\/uploads\/2017\/03\/inauguracion-camcha-2-1024x678.jpg 1024w\" sizes=\"(max-width: 300px) 100vw, 300px\" \/><\/p>\n<p><img loading=\"lazy\" decoding=\"async\" class=\"alignnone size-medium wp-image-1181\" src=\"http:\/\/tvalaire.com\/wp-content\/uploads\/2017\/03\/inauguracion-camcha-1-300x199.jpg\" alt=\"\" width=\"300\" height=\"199\" srcset=\"http:\/\/tvalaire.com\/wp-content\/uploads\/2017\/03\/inauguracion-camcha-1-300x199.jpg 300w, http:\/\/tvalaire.com\/wp-content\/uploads\/2017\/03\/inauguracion-camcha-1-768x509.jpg 768w, http:\/\/tvalaire.com\/wp-content\/uploads\/2017\/03\/inauguracion-camcha-1-1024x678.jpg 1024w\" sizes=\"(max-width: 300px) 100vw, 300px\" \/><\/p>\n","protected":false},"excerpt":{"rendered":"<p>Tener un contacto directo, ha sido la caracter\u00edstica de esta administraci\u00f3n del Gobierno Municipal, es&#8230;<\/p>\n","protected":false},"author":1,"featured_media":1183,"comment_status":"open","ping_status":"open","sticky":false,"template":"","format":"standard","meta":{"jetpack_post_was_ever_published":false,"_jetpack_newsletter_access":"","_jetpack_dont_email_post_to_subs":false,"_jetpack_newsletter_tier_id":0,"_jetpack_memberships_contains_paywalled_content":false,"_jetpack_memberships_contains_paid_content":false,"footnotes":"","jetpack_publicize_message":"","jetpack_publicize_feature_enabled":true,"jetpack_social_post_already_shared":false,"jetpack_social_options":{"image_generator_settings":{"template":"highway","enabled":false},"version":2}},"categories":[4],"tags":[36,24],"class_list":["post-1180","post","type-post","status-publish","format-standard","has-post-thumbnail","hentry","category-puruandiro","tag-principales","tag-puruandiro"],"jetpack_publicize_connections":[],"jetpack_sharing_enabled":true,"featured_image_urls":{"full":["http:\/\/tvalaire.com\/wp-content\/uploads\/2017\/03\/inauguracion-camcha-3.jpg",2464,1632,false],"thumbnail":["http:\/\/tvalaire.com\/wp-content\/uploads\/2017\/03\/inauguracion-camcha-3-150x150.jpg",150,150,true],"medium":["http:\/\/tvalaire.com\/wp-content\/uploads\/2017\/03\/inauguracion-camcha-3-300x199.jpg",300,199,true],"medium_large":["http:\/\/tvalaire.com\/wp-content\/uploads\/2017\/03\/inauguracion-camcha-3-768x509.jpg",640,424,true],"large":["http:\/\/tvalaire.com\/wp-content\/uploads\/2017\/03\/inauguracion-camcha-3-1024x678.jpg",640,424,true],"post-slider-thumb-size":["http:\/\/tvalaire.com\/wp-content\/uploads\/2017\/03\/inauguracion-camcha-3.jpg",287,190,false],"post-category-slider-size":["http:\/\/tvalaire.com\/wp-content\/uploads\/2017\/03\/inauguracion-camcha-3.jpg",330,219,false],"1536x1536":["http:\/\/tvalaire.com\/wp-content\/uploads\/2017\/03\/inauguracion-camcha-3.jpg",1536,1017,false],"2048x2048":["http:\/\/tvalaire.com\/wp-content\/uploads\/2017\/03\/inauguracion-camcha-3.jpg",2048,1356,false],"newsium-slider-full":["http:\/\/tvalaire.com\/wp-content\/uploads\/2017\/03\/inauguracion-camcha-3.jpg",1276,845,false],"newsium-featured":["http:\/\/tvalaire.com\/wp-content\/uploads\/2017\/03\/inauguracion-camcha-3.jpg",1024,678,false],"newsium-medium":["http:\/\/tvalaire.com\/wp-content\/uploads\/2017\/03\/inauguracion-camcha-3.jpg",717,475,false]},"author_info":{"info":["tvalairenoti"]},"category_info":"<a href=\"http:\/\/tvalaire.com\/?cat=4\" rel=\"category\">Puru\u00e1ndiro<\/a>","tag_info":"Puru\u00e1ndiro","comment_count":"0","jetpack_featured_media_url":"http:\/\/tvalaire.com\/wp-content\/uploads\/2017\/03\/inauguracion-camcha-3.jpg","_links":{"self":[{"href":"http:\/\/tvalaire.com\/index.php?rest_route=\/wp\/v2\/posts\/1180"}],"collection":[{"href":"http:\/\/tvalaire.com\/index.php?rest_route=\/wp\/v2\/posts"}],"about":[{"href":"http:\/\/tvalaire.com\/index.php?rest_route=\/wp\/v2\/types\/post"}],"author":[{"embeddable":true,"href":"http:\/\/tvalaire.com\/index.php?rest_route=\/wp\/v2\/users\/1"}],"replies":[{"embeddable":true,"href":"http:\/\/tvalaire.com\/index.php?rest_route=%2Fwp%2Fv2%2Fcomments&post=1180"}],"version-history":[{"count":1,"href":"http:\/\/tvalaire.com\/index.php?rest_route=\/wp\/v2\/posts\/1180\/revisions"}],"predecessor-version":[{"id":1185,"href":"http:\/\/tvalaire.com\/index.php?rest_route=\/wp\/v2\/posts\/1180\/revisions\/1185"}],"wp:featuredmedia":[{"embeddable":true,"href":"http:\/\/tvalaire.com\/index.php?rest_route=\/wp\/v2\/media\/1183"}],"wp:attachment":[{"href":"http:\/\/tvalaire.com\/index.php?rest_route=%2Fwp%2Fv2%2Fmedia&parent=1180"}],"wp:term":[{"taxonomy":"category","embeddable":true,"href":"http:\/\/tvalaire.com\/index.php?rest_route=%2Fwp%2Fv2%2Fcategories&post=1180"},{"taxonomy":"post_tag","embeddable":true,"href":"http:\/\/tvalaire.com\/index.php?rest_route=%2Fwp%2Fv2%2Ftags&post=1180"}],"curies":[{"name":"wp","href":"https:\/\/api.w.org\/{rel}","templated":true}]}}