{"id":11778,"date":"2023-11-03T08:57:45","date_gmt":"2023-11-03T14:57:45","guid":{"rendered":"http:\/\/tvalaire.com\/?p=11778"},"modified":"2023-12-01T09:00:13","modified_gmt":"2023-12-01T15:00:13","slug":"ambiente-familiar-en-el-festival-almas-piedadenses","status":"publish","type":"post","link":"http:\/\/tvalaire.com\/?p=11778","title":{"rendered":"AMBIENTE FAMILIAR EN EL FESTIVAL ALMAS PIEDADENSES"},"content":{"rendered":"\n<p><\/p>\n\n\n\n<ul class=\"wp-block-list\">\n<li><strong>Disfruta la poblaci\u00f3n de m\u00fasica, colorido y tradici\u00f3n<\/strong><\/li>\n\n\n\n<li><strong>Se apreci\u00f3 la creatividad de los participantes en los tapetes y altares<\/strong><\/li>\n<\/ul>\n\n\n\n<p>En el Centro Hist\u00f3rico del municipio de La Piedad, se pudo apreciar una asistencia de m\u00e1s de 10 mil asistentes a las actividades que se desarrollaron durante este fin de semana en el Festival \u201cAlmas Piedadenses\u201d, en el marco del D\u00eda de Muertos.<\/p>\n\n\n\n<p>De acuerdo a la informaci\u00f3n proporcionada por los organizadores, en los portales del centro de la ciudad, el kiosco y la Fuente de la Garza, se pudo apreciar el colorido, entusiasmo, creatividad y tradici\u00f3n de esta fecha tan importante que nos da identidad a nivel internacional.<\/p>\n\n\n\n<p>Personas de comercios, empresas e instituciones educativas, fueron part\u00edcipes en la elaboraci\u00f3n de tapetes con aserr\u00edn, as\u00ed como de los altares en los que usaron varios elementos caracter\u00edsticos de esta fecha, principalmente la flor de cempas\u00fachil.&nbsp;<\/p>\n\n\n\n<p>Cabe mencionar que en las diversas actividades se pudo apreciar un ambiente completamente familiar, quienes pudieron disfrutar de la variedad de din\u00e1micas que se organizaron para estos d\u00edas, destacando la exhibici\u00f3n de tapetes y altares, representaci\u00f3n de leyendas locales por parte de<\/p>\n\n\n\n<p>Como cada a\u00f1o en la Escuela de Artes, de realiz\u00f3 el monumental altar de muertos, el cual destaca por su tama\u00f1o y los elementos utilizados en el patio central de este espacio de ense\u00f1anza cultural.&nbsp;&nbsp;<\/p>\n\n\n\n<p>Para este a\u00f1o, el Gobierno Municipal habilit\u00f3 un photobooth, con el que los asistentes que as\u00ed lo solicitaron pudieron capturar una imagen del recuerdo en un formato de 360\u00b0, de igual manera tambi\u00e9n pudieron disfrutar del s\u00e9ptimo arte al aire libre con la opci\u00f3n del cine-m\u00f3vil, en el que se tuvo una concurrida asistencia.<\/p>\n\n\n\n<figure class=\"wp-block-image size-large is-style-default\"><img loading=\"lazy\" decoding=\"async\" width=\"1024\" height=\"681\" src=\"http:\/\/tvalaire.com\/wp-content\/uploads\/2023\/12\/01-7-1024x681.jpeg\" alt=\"\" class=\"wp-image-11780\" srcset=\"http:\/\/tvalaire.com\/wp-content\/uploads\/2023\/12\/01-7-1024x681.jpeg 1024w, http:\/\/tvalaire.com\/wp-content\/uploads\/2023\/12\/01-7-300x200.jpeg 300w, http:\/\/tvalaire.com\/wp-content\/uploads\/2023\/12\/01-7-768x511.jpeg 768w, http:\/\/tvalaire.com\/wp-content\/uploads\/2023\/12\/01-7-1536x1021.jpeg 1536w, http:\/\/tvalaire.com\/wp-content\/uploads\/2023\/12\/01-7.jpeg 1600w\" sizes=\"(max-width: 1024px) 100vw, 1024px\" \/><\/figure>\n\n\n\n<figure class=\"wp-block-image size-large is-style-default\"><img loading=\"lazy\" decoding=\"async\" width=\"1024\" height=\"681\" src=\"http:\/\/tvalaire.com\/wp-content\/uploads\/2023\/12\/01-6-1024x681.jpeg\" alt=\"\" class=\"wp-image-11781\" srcset=\"http:\/\/tvalaire.com\/wp-content\/uploads\/2023\/12\/01-6-1024x681.jpeg 1024w, http:\/\/tvalaire.com\/wp-content\/uploads\/2023\/12\/01-6-300x200.jpeg 300w, http:\/\/tvalaire.com\/wp-content\/uploads\/2023\/12\/01-6-768x511.jpeg 768w, http:\/\/tvalaire.com\/wp-content\/uploads\/2023\/12\/01-6-1536x1021.jpeg 1536w, http:\/\/tvalaire.com\/wp-content\/uploads\/2023\/12\/01-6.jpeg 1600w\" sizes=\"(max-width: 1024px) 100vw, 1024px\" \/><\/figure>\n\n\n\n<figure class=\"wp-block-image size-large is-style-default\"><img loading=\"lazy\" decoding=\"async\" width=\"1024\" height=\"681\" src=\"http:\/\/tvalaire.com\/wp-content\/uploads\/2023\/12\/01-5-1024x681.jpeg\" alt=\"\" class=\"wp-image-11782\" srcset=\"http:\/\/tvalaire.com\/wp-content\/uploads\/2023\/12\/01-5-1024x681.jpeg 1024w, http:\/\/tvalaire.com\/wp-content\/uploads\/2023\/12\/01-5-300x200.jpeg 300w, http:\/\/tvalaire.com\/wp-content\/uploads\/2023\/12\/01-5-768x511.jpeg 768w, http:\/\/tvalaire.com\/wp-content\/uploads\/2023\/12\/01-5-1536x1021.jpeg 1536w, http:\/\/tvalaire.com\/wp-content\/uploads\/2023\/12\/01-5.jpeg 1600w\" sizes=\"(max-width: 1024px) 100vw, 1024px\" \/><\/figure>\n","protected":false},"excerpt":{"rendered":"<p>En el Centro Hist\u00f3rico del municipio de La Piedad, se pudo apreciar una asistencia de&#8230;<\/p>\n","protected":false},"author":1,"featured_media":11779,"comment_status":"open","ping_status":"open","sticky":false,"template":"","format":"standard","meta":{"jetpack_post_was_ever_published":false,"_jetpack_newsletter_access":"","_jetpack_dont_email_post_to_subs":false,"_jetpack_newsletter_tier_id":0,"_jetpack_memberships_contains_paywalled_content":false,"_jetpack_memberships_contains_paid_content":false,"footnotes":"","jetpack_publicize_message":"","jetpack_publicize_feature_enabled":true,"jetpack_social_post_already_shared":true,"jetpack_social_options":{"image_generator_settings":{"template":"highway","enabled":false},"version":2}},"categories":[1],"tags":[15,36],"class_list":["post-11778","post","type-post","status-publish","format-standard","has-post-thumbnail","hentry","category-la-piedad","tag-la-piedad","tag-principales"],"jetpack_publicize_connections":[],"jetpack_sharing_enabled":true,"featured_image_urls":{"full":["http:\/\/tvalaire.com\/wp-content\/uploads\/2023\/12\/01-3-2.jpeg",1024,682,false],"thumbnail":["http:\/\/tvalaire.com\/wp-content\/uploads\/2023\/12\/01-3-2-150x150.jpeg",150,150,true],"medium":["http:\/\/tvalaire.com\/wp-content\/uploads\/2023\/12\/01-3-2-300x200.jpeg",300,200,true],"medium_large":["http:\/\/tvalaire.com\/wp-content\/uploads\/2023\/12\/01-3-2-768x512.jpeg",640,427,true],"large":["http:\/\/tvalaire.com\/wp-content\/uploads\/2023\/12\/01-3-2.jpeg",640,426,false],"post-slider-thumb-size":["http:\/\/tvalaire.com\/wp-content\/uploads\/2023\/12\/01-3-2-330x190.jpeg",330,190,true],"post-category-slider-size":["http:\/\/tvalaire.com\/wp-content\/uploads\/2023\/12\/01-3-2.jpeg",330,220,false],"1536x1536":["http:\/\/tvalaire.com\/wp-content\/uploads\/2023\/12\/01-3-2.jpeg",1024,682,false],"2048x2048":["http:\/\/tvalaire.com\/wp-content\/uploads\/2023\/12\/01-3-2.jpeg",1024,682,false],"newsium-slider-full":["http:\/\/tvalaire.com\/wp-content\/uploads\/2023\/12\/01-3-2.jpeg",1024,682,false],"newsium-featured":["http:\/\/tvalaire.com\/wp-content\/uploads\/2023\/12\/01-3-2.jpeg",1024,682,false],"newsium-medium":["http:\/\/tvalaire.com\/wp-content\/uploads\/2023\/12\/01-3-2-720x475.jpeg",720,475,true]},"author_info":{"info":["tvalairenoti"]},"category_info":"<a href=\"http:\/\/tvalaire.com\/?cat=1\" rel=\"category\">La Piedad<\/a>","tag_info":"La Piedad","comment_count":"0","jetpack_featured_media_url":"http:\/\/tvalaire.com\/wp-content\/uploads\/2023\/12\/01-3-2.jpeg","_links":{"self":[{"href":"http:\/\/tvalaire.com\/index.php?rest_route=\/wp\/v2\/posts\/11778"}],"collection":[{"href":"http:\/\/tvalaire.com\/index.php?rest_route=\/wp\/v2\/posts"}],"about":[{"href":"http:\/\/tvalaire.com\/index.php?rest_route=\/wp\/v2\/types\/post"}],"author":[{"embeddable":true,"href":"http:\/\/tvalaire.com\/index.php?rest_route=\/wp\/v2\/users\/1"}],"replies":[{"embeddable":true,"href":"http:\/\/tvalaire.com\/index.php?rest_route=%2Fwp%2Fv2%2Fcomments&post=11778"}],"version-history":[{"count":1,"href":"http:\/\/tvalaire.com\/index.php?rest_route=\/wp\/v2\/posts\/11778\/revisions"}],"predecessor-version":[{"id":11783,"href":"http:\/\/tvalaire.com\/index.php?rest_route=\/wp\/v2\/posts\/11778\/revisions\/11783"}],"wp:featuredmedia":[{"embeddable":true,"href":"http:\/\/tvalaire.com\/index.php?rest_route=\/wp\/v2\/media\/11779"}],"wp:attachment":[{"href":"http:\/\/tvalaire.com\/index.php?rest_route=%2Fwp%2Fv2%2Fmedia&parent=11778"}],"wp:term":[{"taxonomy":"category","embeddable":true,"href":"http:\/\/tvalaire.com\/index.php?rest_route=%2Fwp%2Fv2%2Fcategories&post=11778"},{"taxonomy":"post_tag","embeddable":true,"href":"http:\/\/tvalaire.com\/index.php?rest_route=%2Fwp%2Fv2%2Ftags&post=11778"}],"curies":[{"name":"wp","href":"https:\/\/api.w.org\/{rel}","templated":true}]}}