{"id":11764,"date":"2023-11-14T08:51:09","date_gmt":"2023-11-14T14:51:09","guid":{"rendered":"http:\/\/tvalaire.com\/?p=11764"},"modified":"2023-12-01T08:52:48","modified_gmt":"2023-12-01T14:52:48","slug":"descuentos-del-buen-fin-en-el-pago-del-predial","status":"publish","type":"post","link":"http:\/\/tvalaire.com\/?p=11764","title":{"rendered":"DESCUENTOS DEL BUEN FIN EN EL PAGO DEL PREDIAL"},"content":{"rendered":"\n<p><\/p>\n\n\n\n<ul class=\"wp-block-list\">\n<li><strong>Durante el 14,15 y 16 de noviembre aplica en multas y recargos<\/strong><\/li>\n\n\n\n<li><strong>Pueden ponerse al corriente con tarjetas de cr\u00e9dito participantes<\/strong><\/li>\n<\/ul>\n\n\n\n<p>El Gobierno Municipal de La Piedad a trav\u00e9s de la Direcci\u00f3n del Registro de la Propiedad Inmobiliaria, Predial dio a conocer que, en el marco del Buen Fin, se estar\u00e1n ofreciendo descuentos en multas y recargos por parte de dicha oficina.<\/p>\n\n\n\n<p>Sera durante los d\u00edas 15, 16 y 17 de noviembre la poblaci\u00f3n podr\u00e1 obtener este beneficio al momento de ponerse al corriente con el adeudo que tenga de su propiedad.<\/p>\n\n\n\n<p>La poblaci\u00f3n puede acudir a cualquiera de las dos oficinas recaudadoras que se ubican en el portal de Presidencia a un costado del M\u00f3dulo de Seguridad P\u00fablica y en Plaza Boulevard a un costado de la Central de Autobuses en un horario de 08:00 de la ma\u00f1ana a 2:30 de la tarde.<\/p>\n\n\n\n<p>La meta es poder regularizar el mayor n\u00famero posible de cuentas Predial y que la poblaci\u00f3n aproveche los descuentos que se hacen en este rubro. La campa\u00f1a ofrece el descuento del 100 por ciento en multas y el 50 en recargos, as\u00ed como el pago de meses sin intereses con tarjetas participantes.<\/p>\n\n\n\n<p>Es de mencionar que para esta ocasi\u00f3n solo las tarjetas bancarias de BBVA y Banamex no participan de esta promoci\u00f3n que solo durar\u00e1 tres d\u00edas de la semana. &nbsp;<\/p>\n\n\n\n<p>Las autoridades municipales han reconocido tambi\u00e9n que a la fecha la poblaci\u00f3n que cuenta con un predio en el municipio, ha sido m\u00e1s puntual y han adoptado un sentido de responsabilidad con sus obligaciones anuales, con lo que poco a poco ha disminuido el padr\u00f3n de morosos. &nbsp;<\/p>\n","protected":false},"excerpt":{"rendered":"<p>El Gobierno Municipal de La Piedad a trav\u00e9s de la Direcci\u00f3n del Registro de la&#8230;<\/p>\n","protected":false},"author":1,"featured_media":11765,"comment_status":"open","ping_status":"open","sticky":false,"template":"","format":"standard","meta":{"jetpack_post_was_ever_published":false,"_jetpack_newsletter_access":"","_jetpack_dont_email_post_to_subs":false,"_jetpack_newsletter_tier_id":0,"_jetpack_memberships_contains_paywalled_content":false,"_jetpack_memberships_contains_paid_content":false,"footnotes":"","jetpack_publicize_message":"","jetpack_publicize_feature_enabled":true,"jetpack_social_post_already_shared":true,"jetpack_social_options":{"image_generator_settings":{"template":"highway","enabled":false},"version":2}},"categories":[1],"tags":[15,36],"class_list":["post-11764","post","type-post","status-publish","format-standard","has-post-thumbnail","hentry","category-la-piedad","tag-la-piedad","tag-principales"],"jetpack_publicize_connections":[],"jetpack_sharing_enabled":true,"featured_image_urls":{"full":["http:\/\/tvalaire.com\/wp-content\/uploads\/2023\/12\/buen-fin-predial-scaled.jpg",2560,2560,false],"thumbnail":["http:\/\/tvalaire.com\/wp-content\/uploads\/2023\/12\/buen-fin-predial-150x150.jpg",150,150,true],"medium":["http:\/\/tvalaire.com\/wp-content\/uploads\/2023\/12\/buen-fin-predial-300x300.jpg",300,300,true],"medium_large":["http:\/\/tvalaire.com\/wp-content\/uploads\/2023\/12\/buen-fin-predial-768x768.jpg",640,640,true],"large":["http:\/\/tvalaire.com\/wp-content\/uploads\/2023\/12\/buen-fin-predial-1024x1024.jpg",640,640,true],"post-slider-thumb-size":["http:\/\/tvalaire.com\/wp-content\/uploads\/2023\/12\/buen-fin-predial-330x190.jpg",330,190,true],"post-category-slider-size":["http:\/\/tvalaire.com\/wp-content\/uploads\/2023\/12\/buen-fin-predial-scaled.jpg",330,330,false],"1536x1536":["http:\/\/tvalaire.com\/wp-content\/uploads\/2023\/12\/buen-fin-predial-1536x1536.jpg",1536,1536,true],"2048x2048":["http:\/\/tvalaire.com\/wp-content\/uploads\/2023\/12\/buen-fin-predial-2048x2048.jpg",2048,2048,true],"newsium-slider-full":["http:\/\/tvalaire.com\/wp-content\/uploads\/2023\/12\/buen-fin-predial-1280x845.jpg",1280,845,true],"newsium-featured":["http:\/\/tvalaire.com\/wp-content\/uploads\/2023\/12\/buen-fin-predial-1024x1024.jpg",1024,1024,true],"newsium-medium":["http:\/\/tvalaire.com\/wp-content\/uploads\/2023\/12\/buen-fin-predial-720x475.jpg",720,475,true]},"author_info":{"info":["tvalairenoti"]},"category_info":"<a href=\"http:\/\/tvalaire.com\/?cat=1\" rel=\"category\">La Piedad<\/a>","tag_info":"La Piedad","comment_count":"0","jetpack_featured_media_url":"http:\/\/tvalaire.com\/wp-content\/uploads\/2023\/12\/buen-fin-predial-scaled.jpg","_links":{"self":[{"href":"http:\/\/tvalaire.com\/index.php?rest_route=\/wp\/v2\/posts\/11764"}],"collection":[{"href":"http:\/\/tvalaire.com\/index.php?rest_route=\/wp\/v2\/posts"}],"about":[{"href":"http:\/\/tvalaire.com\/index.php?rest_route=\/wp\/v2\/types\/post"}],"author":[{"embeddable":true,"href":"http:\/\/tvalaire.com\/index.php?rest_route=\/wp\/v2\/users\/1"}],"replies":[{"embeddable":true,"href":"http:\/\/tvalaire.com\/index.php?rest_route=%2Fwp%2Fv2%2Fcomments&post=11764"}],"version-history":[{"count":1,"href":"http:\/\/tvalaire.com\/index.php?rest_route=\/wp\/v2\/posts\/11764\/revisions"}],"predecessor-version":[{"id":11766,"href":"http:\/\/tvalaire.com\/index.php?rest_route=\/wp\/v2\/posts\/11764\/revisions\/11766"}],"wp:featuredmedia":[{"embeddable":true,"href":"http:\/\/tvalaire.com\/index.php?rest_route=\/wp\/v2\/media\/11765"}],"wp:attachment":[{"href":"http:\/\/tvalaire.com\/index.php?rest_route=%2Fwp%2Fv2%2Fmedia&parent=11764"}],"wp:term":[{"taxonomy":"category","embeddable":true,"href":"http:\/\/tvalaire.com\/index.php?rest_route=%2Fwp%2Fv2%2Fcategories&post=11764"},{"taxonomy":"post_tag","embeddable":true,"href":"http:\/\/tvalaire.com\/index.php?rest_route=%2Fwp%2Fv2%2Ftags&post=11764"}],"curies":[{"name":"wp","href":"https:\/\/api.w.org\/{rel}","templated":true}]}}