{"id":11756,"date":"2023-11-22T08:46:55","date_gmt":"2023-11-22T14:46:55","guid":{"rendered":"http:\/\/tvalaire.com\/?p=11756"},"modified":"2023-12-01T08:48:19","modified_gmt":"2023-12-01T14:48:19","slug":"exhibicion-militar-y-slalom-rally-challenge-en-fig-la-piedad","status":"publish","type":"post","link":"http:\/\/tvalaire.com\/?p=11756","title":{"rendered":"EXHIBICI\u00d3N MILITAR Y SLALOM RALLY CHALLENGE EN FIG LA PIEDAD"},"content":{"rendered":"\n<p><\/p>\n\n\n\n<ul class=\"wp-block-list\">\n<li><strong>Exhibici\u00f3n militar s\u00e1bado 25 y domingo 26 en instalaciones de FIG<\/strong><\/li>\n\n\n\n<li><strong>Competencia de Slalom Rally Challenge<\/strong><\/li>\n<\/ul>\n\n\n\n<p>El evento del&nbsp; Festival Internacional del Globo en La Piedad, que se llevar\u00e1 a cabo este viernes 24, s\u00e1bado 25 y domingo 26 de noviembre en la Presa de Ticuitaco contar\u00e1 con diversas actividades para toda la familia, adem\u00e1s de contar con una Exhibici\u00f3n Militar y Slalom Rally Challenge.<\/p>\n\n\n\n<p>La Exhibici\u00f3n Militar estar\u00e1 a cargo del Coronel de Infanter\u00eda DEM Alfonso G\u00f3mez Quezada, misma que se llevar\u00e1 acabo dentro de las instalaciones del FIG los d\u00edas s\u00e1bado y domingo, donde habr\u00e1 un muestra de: veh\u00edculos, armamento, sanidad, uniformes, binomios caninos,&nbsp; sanidad y transmisiones, todo ello con la finalidad de que la poblaci\u00f3n conozca parte de sus trabajo y tareas a la naci\u00f3n.<\/p>\n\n\n\n<p>Por su parte, el d\u00eda s\u00e1bado 25 en punto de las 11 am se llevar\u00e1 a cabo un circuito de Slalom Rally Challenge, donde en un terreno perfectamente adaptado los deportistas del automovilismo podr\u00e1n demostrar sus habilidades de manejo, todo ello con el objetivo de que puedan practicar de manera segura y avalada.<\/p>\n\n\n\n<p>Las categor\u00edas ser\u00e1s: A &#8211; autos de 0 a 120 HP,&nbsp; B &#8211; autos de 121 a 190 HP, Open &#8211; autos de 190 a 300 HP y modificados, los interesados puede hacer su registro a las 10 de la ma\u00f1ana del s\u00e1bado en las instalaciones del FIG o bien, previamente enviar un Whatsapp al 352 107 09 75.<\/p>\n","protected":false},"excerpt":{"rendered":"<p>El evento del&nbsp; Festival Internacional del Globo en La Piedad, que se llevar\u00e1 a cabo&#8230;<\/p>\n","protected":false},"author":1,"featured_media":11757,"comment_status":"open","ping_status":"open","sticky":false,"template":"","format":"standard","meta":{"jetpack_post_was_ever_published":false,"_jetpack_newsletter_access":"","_jetpack_dont_email_post_to_subs":false,"_jetpack_newsletter_tier_id":0,"_jetpack_memberships_contains_paywalled_content":false,"_jetpack_memberships_contains_paid_content":false,"footnotes":"","jetpack_publicize_message":"","jetpack_publicize_feature_enabled":true,"jetpack_social_post_already_shared":true,"jetpack_social_options":{"image_generator_settings":{"template":"highway","enabled":false},"version":2}},"categories":[1],"tags":[15,36],"class_list":["post-11756","post","type-post","status-publish","format-standard","has-post-thumbnail","hentry","category-la-piedad","tag-la-piedad","tag-principales"],"jetpack_publicize_connections":[],"jetpack_sharing_enabled":true,"featured_image_urls":{"full":["http:\/\/tvalaire.com\/wp-content\/uploads\/2023\/12\/SLALON.jpeg",1035,1600,false],"thumbnail":["http:\/\/tvalaire.com\/wp-content\/uploads\/2023\/12\/SLALON-150x150.jpeg",150,150,true],"medium":["http:\/\/tvalaire.com\/wp-content\/uploads\/2023\/12\/SLALON-194x300.jpeg",194,300,true],"medium_large":["http:\/\/tvalaire.com\/wp-content\/uploads\/2023\/12\/SLALON-768x1187.jpeg",640,989,true],"large":["http:\/\/tvalaire.com\/wp-content\/uploads\/2023\/12\/SLALON-662x1024.jpeg",640,990,true],"post-slider-thumb-size":["http:\/\/tvalaire.com\/wp-content\/uploads\/2023\/12\/SLALON-330x190.jpeg",330,190,true],"post-category-slider-size":["http:\/\/tvalaire.com\/wp-content\/uploads\/2023\/12\/SLALON.jpeg",226,350,false],"1536x1536":["http:\/\/tvalaire.com\/wp-content\/uploads\/2023\/12\/SLALON-994x1536.jpeg",994,1536,true],"2048x2048":["http:\/\/tvalaire.com\/wp-content\/uploads\/2023\/12\/SLALON.jpeg",1035,1600,false],"newsium-slider-full":["http:\/\/tvalaire.com\/wp-content\/uploads\/2023\/12\/SLALON-1035x845.jpeg",1035,845,true],"newsium-featured":["http:\/\/tvalaire.com\/wp-content\/uploads\/2023\/12\/SLALON-1024x1583.jpeg",1024,1583,true],"newsium-medium":["http:\/\/tvalaire.com\/wp-content\/uploads\/2023\/12\/SLALON-720x475.jpeg",720,475,true]},"author_info":{"info":["tvalairenoti"]},"category_info":"<a href=\"http:\/\/tvalaire.com\/?cat=1\" rel=\"category\">La Piedad<\/a>","tag_info":"La Piedad","comment_count":"0","jetpack_featured_media_url":"http:\/\/tvalaire.com\/wp-content\/uploads\/2023\/12\/SLALON.jpeg","_links":{"self":[{"href":"http:\/\/tvalaire.com\/index.php?rest_route=\/wp\/v2\/posts\/11756"}],"collection":[{"href":"http:\/\/tvalaire.com\/index.php?rest_route=\/wp\/v2\/posts"}],"about":[{"href":"http:\/\/tvalaire.com\/index.php?rest_route=\/wp\/v2\/types\/post"}],"author":[{"embeddable":true,"href":"http:\/\/tvalaire.com\/index.php?rest_route=\/wp\/v2\/users\/1"}],"replies":[{"embeddable":true,"href":"http:\/\/tvalaire.com\/index.php?rest_route=%2Fwp%2Fv2%2Fcomments&post=11756"}],"version-history":[{"count":1,"href":"http:\/\/tvalaire.com\/index.php?rest_route=\/wp\/v2\/posts\/11756\/revisions"}],"predecessor-version":[{"id":11758,"href":"http:\/\/tvalaire.com\/index.php?rest_route=\/wp\/v2\/posts\/11756\/revisions\/11758"}],"wp:featuredmedia":[{"embeddable":true,"href":"http:\/\/tvalaire.com\/index.php?rest_route=\/wp\/v2\/media\/11757"}],"wp:attachment":[{"href":"http:\/\/tvalaire.com\/index.php?rest_route=%2Fwp%2Fv2%2Fmedia&parent=11756"}],"wp:term":[{"taxonomy":"category","embeddable":true,"href":"http:\/\/tvalaire.com\/index.php?rest_route=%2Fwp%2Fv2%2Fcategories&post=11756"},{"taxonomy":"post_tag","embeddable":true,"href":"http:\/\/tvalaire.com\/index.php?rest_route=%2Fwp%2Fv2%2Ftags&post=11756"}],"curies":[{"name":"wp","href":"https:\/\/api.w.org\/{rel}","templated":true}]}}