{"id":11747,"date":"2023-11-23T08:41:44","date_gmt":"2023-11-23T14:41:44","guid":{"rendered":"http:\/\/tvalaire.com\/?p=11747"},"modified":"2023-12-01T08:44:08","modified_gmt":"2023-12-01T14:44:08","slug":"todo-listo-para-el-desfile-de-dragones","status":"publish","type":"post","link":"http:\/\/tvalaire.com\/?p=11747","title":{"rendered":"TODO LISTO PARA EL DESFILE DE DRAGONES"},"content":{"rendered":"\n<p><\/p>\n\n\n\n<ul class=\"wp-block-list\">\n<li><strong>Inicia recorrido sobre el boulevard a la altura de Bodega Aurrera a las 6:00 pm<\/strong><\/li>\n\n\n\n<li><strong>Presentaciones musicales, actividades deportivas, shows y mucho m\u00e1s en el FIG La Piedad<\/strong><\/li>\n<\/ul>\n\n\n\n<p>El Gobierno Municipal de La Piedad a trav\u00e9s de la Direcci\u00f3n de Promoci\u00f3n Econ\u00f3mica y Turismo, comunica que ya se encuentra todo listo para que este 24, 25 y 26 de noviembre las familias puedan presenciar un magno espect\u00e1culo en el Festival Internacional del Globo, mismo que se llevar\u00e1 a cabo en la Presa de Ticuitaco.<\/p>\n\n\n\n<p>El programa para el festival cuenta con una amplia variedad de actividades para que chicos y grandes puedan disfrutar. Se iniciar\u00e1 con el \u201cDesfile de Dragones\u201d el viernes 24, mismo que comenzar\u00e1 en punto de las 6:00 pm en el boulevard L\u00e1zaro C\u00e1rdenas a la altura de Bodega Aurrera, para luego pasar por las calles: Heroico Colegio Militar, Mariano Jim\u00e9nez, Pino Su\u00e1rez, 5 de Febrero, Calle Ju\u00e1rez, Hidalgo para as\u00ed finalizar en el boulevard Adolfo L\u00f3pez Mateos a la altura de la secundaria Lic. Rafael Reyes.<\/p>\n\n\n\n<p>Por su parte en las instalaciones del FIG a partir de las 6:30 pm estar\u00e1n dando apertura al concierto, el Colectivo Future Dance, las bandas New Tones y Old Station Band, para posterior tener la presentaci\u00f3n estelar de \u201cLo Mejor del Rock en Espa\u00f1ol\u201d. Cabe mencionar que la \u201cNoche M\u00e1gica\u201d brinda su show con el encendido de los globos aerost\u00e1ticos que iluminan la noche al ritmo de la m\u00fasica.<\/p>\n\n\n\n<p>Durante todo el festival se contar\u00e1 con \u00e1rea gastron\u00f3mica y comercial, as\u00ed como servicio de transporte p\u00fablico, este partir\u00e1 desde el Jard\u00edn de La Pur\u00edsima, con un costo de veinte pesos, las salidas ser\u00e1n cada 45 minutos, el d\u00eda viernes a partir de las 5:00 pm y regreso a las 12:30 pm,&nbsp; el d\u00eda s\u00e1bado la salida ser\u00e1 a partir de las 5:30 am y el regreso ser\u00e1 a las 12:30 pm, mientras que el domingo la salida ser\u00e1 a las 5:30 am.<\/p>\n\n\n\n<p>As\u00ed mismo, el s\u00e1bado 25 a partir de las 6:30 de la ma\u00f1ana se dar\u00e1 inicio al inflado de globos y posterior a ellos su despegue, m\u00e1s tarde se tendr\u00e1 una habr\u00e1 presentaci\u00f3n deportiva de gimnasios y academias locales, as\u00ed como una exhibici\u00f3n de \u201cLa Gran Fuerza de M\u00e9xico\u201d del Ej\u00e9rcito Mexicano.<\/p>\n\n\n\n<p>Adem\u00e1s, se tendr\u00e1: Slalom Rally Challenge, carrera de botargas, presentaciones musicales, DJ, Grupo Norte\u00f1o, Noche M\u00e1gica, Banda Mach y el cantante estelar Virl\u00e1n Garc\u00eda, todo en un ambiente familiar y musical.<\/p>\n\n\n\n<p>El domingo 26, a partir de las 6:30 de la ma\u00f1ana se dar\u00e1 inicio al inflado de globos, m\u00e1s tarde su despegue, tambi\u00e9n se contar\u00e1 la competencia Duatrail, y la presentaci\u00f3n musical del Grupo Sierre\u00f1o \u00c1rea 352, adem\u00e1s de actividades para toda la familia.<\/p>\n\n\n\n<figure class=\"wp-block-image size-large is-style-default\"><img loading=\"lazy\" decoding=\"async\" width=\"1024\" height=\"1024\" src=\"http:\/\/tvalaire.com\/wp-content\/uploads\/2023\/12\/WhatsApp-Image-2023-11-23-at-14.12.15-1024x1024.jpeg\" alt=\"\" class=\"wp-image-11749\" srcset=\"http:\/\/tvalaire.com\/wp-content\/uploads\/2023\/12\/WhatsApp-Image-2023-11-23-at-14.12.15-1024x1024.jpeg 1024w, http:\/\/tvalaire.com\/wp-content\/uploads\/2023\/12\/WhatsApp-Image-2023-11-23-at-14.12.15-300x300.jpeg 300w, http:\/\/tvalaire.com\/wp-content\/uploads\/2023\/12\/WhatsApp-Image-2023-11-23-at-14.12.15-150x150.jpeg 150w, http:\/\/tvalaire.com\/wp-content\/uploads\/2023\/12\/WhatsApp-Image-2023-11-23-at-14.12.15-768x768.jpeg 768w, http:\/\/tvalaire.com\/wp-content\/uploads\/2023\/12\/WhatsApp-Image-2023-11-23-at-14.12.15-1536x1536.jpeg 1536w, http:\/\/tvalaire.com\/wp-content\/uploads\/2023\/12\/WhatsApp-Image-2023-11-23-at-14.12.15.jpeg 1600w\" sizes=\"(max-width: 1024px) 100vw, 1024px\" \/><\/figure>\n","protected":false},"excerpt":{"rendered":"<p>El Gobierno Municipal de La Piedad a trav\u00e9s de la Direcci\u00f3n de Promoci\u00f3n Econ\u00f3mica y&#8230;<\/p>\n","protected":false},"author":1,"featured_media":11748,"comment_status":"open","ping_status":"open","sticky":false,"template":"","format":"standard","meta":{"jetpack_post_was_ever_published":false,"_jetpack_newsletter_access":"","_jetpack_dont_email_post_to_subs":false,"_jetpack_newsletter_tier_id":0,"_jetpack_memberships_contains_paywalled_content":false,"_jetpack_memberships_contains_paid_content":false,"footnotes":"","jetpack_publicize_message":"","jetpack_publicize_feature_enabled":true,"jetpack_social_post_already_shared":true,"jetpack_social_options":{"image_generator_settings":{"template":"highway","enabled":false},"version":2}},"categories":[1],"tags":[15,36],"class_list":["post-11747","post","type-post","status-publish","format-standard","has-post-thumbnail","hentry","category-la-piedad","tag-la-piedad","tag-principales"],"jetpack_publicize_connections":[],"jetpack_sharing_enabled":true,"featured_image_urls":{"full":["http:\/\/tvalaire.com\/wp-content\/uploads\/2023\/12\/WhatsApp-Image-2023-11-23-at-14.12.17.jpeg",960,566,false],"thumbnail":["http:\/\/tvalaire.com\/wp-content\/uploads\/2023\/12\/WhatsApp-Image-2023-11-23-at-14.12.17-150x150.jpeg",150,150,true],"medium":["http:\/\/tvalaire.com\/wp-content\/uploads\/2023\/12\/WhatsApp-Image-2023-11-23-at-14.12.17-300x177.jpeg",300,177,true],"medium_large":["http:\/\/tvalaire.com\/wp-content\/uploads\/2023\/12\/WhatsApp-Image-2023-11-23-at-14.12.17-768x453.jpeg",640,378,true],"large":["http:\/\/tvalaire.com\/wp-content\/uploads\/2023\/12\/WhatsApp-Image-2023-11-23-at-14.12.17.jpeg",640,377,false],"post-slider-thumb-size":["http:\/\/tvalaire.com\/wp-content\/uploads\/2023\/12\/WhatsApp-Image-2023-11-23-at-14.12.17-330x190.jpeg",330,190,true],"post-category-slider-size":["http:\/\/tvalaire.com\/wp-content\/uploads\/2023\/12\/WhatsApp-Image-2023-11-23-at-14.12.17.jpeg",330,195,false],"1536x1536":["http:\/\/tvalaire.com\/wp-content\/uploads\/2023\/12\/WhatsApp-Image-2023-11-23-at-14.12.17.jpeg",960,566,false],"2048x2048":["http:\/\/tvalaire.com\/wp-content\/uploads\/2023\/12\/WhatsApp-Image-2023-11-23-at-14.12.17.jpeg",960,566,false],"newsium-slider-full":["http:\/\/tvalaire.com\/wp-content\/uploads\/2023\/12\/WhatsApp-Image-2023-11-23-at-14.12.17.jpeg",960,566,false],"newsium-featured":["http:\/\/tvalaire.com\/wp-content\/uploads\/2023\/12\/WhatsApp-Image-2023-11-23-at-14.12.17.jpeg",960,566,false],"newsium-medium":["http:\/\/tvalaire.com\/wp-content\/uploads\/2023\/12\/WhatsApp-Image-2023-11-23-at-14.12.17-720x475.jpeg",720,475,true]},"author_info":{"info":["tvalairenoti"]},"category_info":"<a href=\"http:\/\/tvalaire.com\/?cat=1\" rel=\"category\">La Piedad<\/a>","tag_info":"La Piedad","comment_count":"0","jetpack_featured_media_url":"http:\/\/tvalaire.com\/wp-content\/uploads\/2023\/12\/WhatsApp-Image-2023-11-23-at-14.12.17.jpeg","_links":{"self":[{"href":"http:\/\/tvalaire.com\/index.php?rest_route=\/wp\/v2\/posts\/11747"}],"collection":[{"href":"http:\/\/tvalaire.com\/index.php?rest_route=\/wp\/v2\/posts"}],"about":[{"href":"http:\/\/tvalaire.com\/index.php?rest_route=\/wp\/v2\/types\/post"}],"author":[{"embeddable":true,"href":"http:\/\/tvalaire.com\/index.php?rest_route=\/wp\/v2\/users\/1"}],"replies":[{"embeddable":true,"href":"http:\/\/tvalaire.com\/index.php?rest_route=%2Fwp%2Fv2%2Fcomments&post=11747"}],"version-history":[{"count":1,"href":"http:\/\/tvalaire.com\/index.php?rest_route=\/wp\/v2\/posts\/11747\/revisions"}],"predecessor-version":[{"id":11750,"href":"http:\/\/tvalaire.com\/index.php?rest_route=\/wp\/v2\/posts\/11747\/revisions\/11750"}],"wp:featuredmedia":[{"embeddable":true,"href":"http:\/\/tvalaire.com\/index.php?rest_route=\/wp\/v2\/media\/11748"}],"wp:attachment":[{"href":"http:\/\/tvalaire.com\/index.php?rest_route=%2Fwp%2Fv2%2Fmedia&parent=11747"}],"wp:term":[{"taxonomy":"category","embeddable":true,"href":"http:\/\/tvalaire.com\/index.php?rest_route=%2Fwp%2Fv2%2Fcategories&post=11747"},{"taxonomy":"post_tag","embeddable":true,"href":"http:\/\/tvalaire.com\/index.php?rest_route=%2Fwp%2Fv2%2Ftags&post=11747"}],"curies":[{"name":"wp","href":"https:\/\/api.w.org\/{rel}","templated":true}]}}