{"id":11742,"date":"2023-11-27T08:36:37","date_gmt":"2023-11-27T14:36:37","guid":{"rendered":"http:\/\/tvalaire.com\/?p=11742"},"modified":"2023-12-01T08:38:24","modified_gmt":"2023-12-01T14:38:24","slug":"se-vivio-con-exito-el-fig-la-piedad-2023","status":"publish","type":"post","link":"http:\/\/tvalaire.com\/?p=11742","title":{"rendered":"\u00a0SE VIVI\u00d3 CON \u00c9XITO EL FIG LA PIEDAD 2023"},"content":{"rendered":"\n<p> <p class=\"MsoNormal\" align=\"center\" style=\"text-align:center\"><span style=\"font-size: revert; color: initial;\"> <\/span><b><span lang=\"es\" style=\"font-size:16.0pt;line-height:115%\">\u00a0<\/span><\/b><\/p> <p class=\"MsoNormal\" style=\"margin-left:36.0pt;text-indent:-18.0pt;mso-list:l0 level1 lfo1\"><span lang=\"es\" style=\"font-size:12.0pt;line-height:115%\">\u25cf<span style=\"font-variant-numeric: normal; font-variant-east-asian: normal; font-variant-alternates: normal; font-kerning: auto; font-optical-sizing: auto; font-feature-settings: normal; font-variation-settings: normal; font-variant-position: normal; font-stretch: normal; font-size: 7pt; line-height: normal; font-family: &quot;Times New Roman&quot;;\">\u00a0\u00a0\u00a0\u00a0\u00a0 <\/span><\/span><b><span lang=\"es\" style=\"font-size:12.0pt;\nline-height:115%\">M\u00e1s de 27 mil personas asistieron al Festival del Globo <\/span><\/b><\/p> <p class=\"MsoNormal\" style=\"margin-left:36.0pt;text-indent:-18.0pt;mso-list:l0 level1 lfo1\"><span lang=\"es\" style=\"font-size:12.0pt;line-height:115%\">\u25cf<span style=\"font-variant-numeric: normal; font-variant-east-asian: normal; font-variant-alternates: normal; font-kerning: auto; font-optical-sizing: auto; font-feature-settings: normal; font-variation-settings: normal; font-variant-position: normal; font-stretch: normal; font-size: 7pt; line-height: normal; font-family: &quot;Times New Roman&quot;;\">\u00a0\u00a0\u00a0\u00a0\u00a0 <\/span><\/span><b><span lang=\"es\" style=\"font-size:12.0pt;\nline-height:115%\">Presidente de La Piedad agradece la asistencia del p\u00fablico<\/span><\/b><\/p> <p class=\"MsoNormal\"><b><span lang=\"es\" style=\"font-size:12.0pt;line-height:115%\">\u00a0<\/span><\/b><\/p> <p class=\"MsoNormal\"><b><span lang=\"es\" style=\"font-size:12.0pt;line-height:115%\">\u00a0<\/span><\/b><\/p> <p class=\"MsoNormal\" style=\"text-align:justify\"><span lang=\"es\" style=\"font-size:\n12.0pt;line-height:115%\">Con la asistencia de m\u00e1s de 27 mil personas, el Festival del Globo La Piedad 2023 result\u00f3 todo un \u00e9xito, donde las familias de la regi\u00f3n, pudieron disfrutar de tres d\u00edas de actividades deportivas, conciertos, exhibiciones, espect\u00e1culos de primer nivel y el despegue de 12 globos aerost\u00e1ticos, el mayor n\u00famero a la fecha, mismos que llenaron el cielo de color.\u00a0 <\/span><\/p> <p class=\"MsoNormal\" style=\"text-align:justify\"><span lang=\"es\" style=\"font-size:\n12.0pt;line-height:115%\">\u00a0<\/span><\/p> <p class=\"MsoNormal\" style=\"text-align:justify\"><span lang=\"es\" style=\"font-size:\n12.0pt;line-height:115%\">Samuel Hidalgo presidente municipal de La Piedad, expres\u00f3 su agradecimiento hacia todo el p\u00fablico que acudi\u00f3 a la Presa de Ticu\u00edtaco a disfrutar de las atracciones, tambi\u00e9n coment\u00f3, que es gracias a la participaci\u00f3n de la poblaci\u00f3n que este tipo de eventos se pueden llevar a cabo.<\/span><\/p> <p class=\"MsoNormal\" style=\"text-align:justify\"><span lang=\"es\" style=\"font-size:\n12.0pt;line-height:115%\">\u00a0<\/span><\/p> <p class=\"MsoNormal\" style=\"text-align:justify\"><span lang=\"es\" style=\"font-size:\n12.0pt;line-height:115%\">Por su parte, el d\u00eda viernes 24 se tuvo el concierto de \u201cLo Mejor del Rock en Espa\u00f1ol\u201d, donde se corearon grandes \u00e9xitos de los 80 y 90, adem\u00e1s se cont\u00f3 con la presencia de talentos locales, como lo fue la banda \u201cNew Tones\u201d y \u201cOld Station Band\u201d, mismos que derrocharon talento en cada melod\u00eda. <\/span><\/p> <p class=\"MsoNormal\" style=\"text-align:justify\"><span lang=\"es\" style=\"font-size:\n12.0pt;line-height:115%\">\u00a0<\/span><\/p> <p class=\"MsoNormal\" style=\"text-align:justify\"><span lang=\"es\" style=\"font-size:\n12.0pt;line-height:115%\">As\u00ed mismo, el s\u00e1bado, la m\u00fasica del regional mexicano se hizo presente, con los conciertos de \u201cBanda Mach\u201d y la presentaci\u00f3n estelar del cantante \u201cVirl\u00e1n Garc\u00eda\u201d, todo ello acompa\u00f1ado de un espect\u00e1culo de fuegos artificiales.<\/span><span lang=\"es\"><\/span><\/p> <p class=\"MsoNormal\"><span lang=\"es\">\u00a0<\/span><\/p> <p class=\"MsoNormal\" style=\"text-align:justify\"><span lang=\"es\" style=\"font-size:\n12.0pt;line-height:115%\">Dentro de las actividades que se tuvieron, fue el Slalom Rally que se vivi\u00f3 con gran entusiasmo y donde se tuvo una asistencia muy nutrida y llena de adrenalina, adem\u00e1s, la \u201cExhibici\u00f3n Militar\u201d fue del agrado de todos, en especial de los peque\u00f1os, mientras que en la carrera de botargas hubo un circuito y varias pruebas, resultando ganadora la botarga de CALPI. <\/span><\/p> <p class=\"MsoNormal\" style=\"text-align:justify\"><span lang=\"es\" style=\"font-size:\n12.0pt;line-height:115%\">\u00a0<\/span><\/p> <p class=\"MsoNormal\" style=\"text-align:justify\"><span lang=\"es\" style=\"font-size:\n12.0pt;line-height:115%\">Durante el festival, se tuvo un vuelo cautivo, donde se regalaba la experiencia de tomar una foto a siete metros de altura aproximadamente y durante el d\u00eda domingo el Duatrail conjunt\u00f3 a 80 concursantes, cabe resaltar que hubo saldo blanco, esto gracias a los voluntarios de las instituciones educativas y diversas corporaciones, pero es especial a los patrocinadores que lo hicieron posible, as\u00ed como a los piedadenses que mostraron su civismo y buen comportamiento. <\/span><\/p> <p class=\"MsoNormal\"><span lang=\"es\">\u00a0<\/span><\/p> <p class=\"MsoNormal\"><span lang=\"es\">\u00a0<\/span><\/p> <\/p>\n\n\n\n<figure class=\"wp-block-image size-large is-style-default\"><img loading=\"lazy\" decoding=\"async\" width=\"1024\" height=\"682\" src=\"http:\/\/tvalaire.com\/wp-content\/uploads\/2023\/12\/WhatsApp-Image-2023-11-27-at-15.25.54-1024x682.jpeg\" alt=\"\" class=\"wp-image-11744\" srcset=\"http:\/\/tvalaire.com\/wp-content\/uploads\/2023\/12\/WhatsApp-Image-2023-11-27-at-15.25.54-1024x682.jpeg 1024w, http:\/\/tvalaire.com\/wp-content\/uploads\/2023\/12\/WhatsApp-Image-2023-11-27-at-15.25.54-300x200.jpeg 300w, http:\/\/tvalaire.com\/wp-content\/uploads\/2023\/12\/WhatsApp-Image-2023-11-27-at-15.25.54-768x512.jpeg 768w, http:\/\/tvalaire.com\/wp-content\/uploads\/2023\/12\/WhatsApp-Image-2023-11-27-at-15.25.54-1536x1023.jpeg 1536w, http:\/\/tvalaire.com\/wp-content\/uploads\/2023\/12\/WhatsApp-Image-2023-11-27-at-15.25.54.jpeg 1600w\" sizes=\"(max-width: 1024px) 100vw, 1024px\" \/><\/figure>\n\n\n\n<figure class=\"wp-block-image size-full is-style-default\"><img loading=\"lazy\" decoding=\"async\" width=\"1024\" height=\"683\" src=\"http:\/\/tvalaire.com\/wp-content\/uploads\/2023\/12\/WhatsApp-Image-2023-11-27-at-15.25.57.jpeg\" alt=\"\" class=\"wp-image-11745\" srcset=\"http:\/\/tvalaire.com\/wp-content\/uploads\/2023\/12\/WhatsApp-Image-2023-11-27-at-15.25.57.jpeg 1024w, http:\/\/tvalaire.com\/wp-content\/uploads\/2023\/12\/WhatsApp-Image-2023-11-27-at-15.25.57-300x200.jpeg 300w, http:\/\/tvalaire.com\/wp-content\/uploads\/2023\/12\/WhatsApp-Image-2023-11-27-at-15.25.57-768x512.jpeg 768w\" sizes=\"(max-width: 1024px) 100vw, 1024px\" \/><\/figure>\n","protected":false},"excerpt":{"rendered":"<p>\u00a0 \u25cf\u00a0\u00a0\u00a0\u00a0\u00a0 M\u00e1s de 27 mil personas asistieron al Festival del Globo \u25cf\u00a0\u00a0\u00a0\u00a0\u00a0 Presidente de&#8230;<\/p>\n","protected":false},"author":1,"featured_media":11743,"comment_status":"open","ping_status":"open","sticky":false,"template":"","format":"standard","meta":{"jetpack_post_was_ever_published":false,"_jetpack_newsletter_access":"","_jetpack_dont_email_post_to_subs":false,"_jetpack_newsletter_tier_id":0,"_jetpack_memberships_contains_paywalled_content":false,"_jetpack_memberships_contains_paid_content":false,"footnotes":"","jetpack_publicize_message":"","jetpack_publicize_feature_enabled":true,"jetpack_social_post_already_shared":true,"jetpack_social_options":{"image_generator_settings":{"template":"highway","enabled":false},"version":2}},"categories":[1],"tags":[15,36],"class_list":["post-11742","post","type-post","status-publish","format-standard","has-post-thumbnail","hentry","category-la-piedad","tag-la-piedad","tag-principales"],"jetpack_publicize_connections":[],"jetpack_sharing_enabled":true,"featured_image_urls":{"full":["http:\/\/tvalaire.com\/wp-content\/uploads\/2023\/12\/WhatsApp-Image-2023-11-27-at-15.26.07.jpeg",1600,1200,false],"thumbnail":["http:\/\/tvalaire.com\/wp-content\/uploads\/2023\/12\/WhatsApp-Image-2023-11-27-at-15.26.07-150x150.jpeg",150,150,true],"medium":["http:\/\/tvalaire.com\/wp-content\/uploads\/2023\/12\/WhatsApp-Image-2023-11-27-at-15.26.07-300x225.jpeg",300,225,true],"medium_large":["http:\/\/tvalaire.com\/wp-content\/uploads\/2023\/12\/WhatsApp-Image-2023-11-27-at-15.26.07-768x576.jpeg",640,480,true],"large":["http:\/\/tvalaire.com\/wp-content\/uploads\/2023\/12\/WhatsApp-Image-2023-11-27-at-15.26.07-1024x768.jpeg",640,480,true],"post-slider-thumb-size":["http:\/\/tvalaire.com\/wp-content\/uploads\/2023\/12\/WhatsApp-Image-2023-11-27-at-15.26.07-330x190.jpeg",330,190,true],"post-category-slider-size":["http:\/\/tvalaire.com\/wp-content\/uploads\/2023\/12\/WhatsApp-Image-2023-11-27-at-15.26.07.jpeg",330,248,false],"1536x1536":["http:\/\/tvalaire.com\/wp-content\/uploads\/2023\/12\/WhatsApp-Image-2023-11-27-at-15.26.07-1536x1152.jpeg",1536,1152,true],"2048x2048":["http:\/\/tvalaire.com\/wp-content\/uploads\/2023\/12\/WhatsApp-Image-2023-11-27-at-15.26.07.jpeg",1600,1200,false],"newsium-slider-full":["http:\/\/tvalaire.com\/wp-content\/uploads\/2023\/12\/WhatsApp-Image-2023-11-27-at-15.26.07-1280x845.jpeg",1280,845,true],"newsium-featured":["http:\/\/tvalaire.com\/wp-content\/uploads\/2023\/12\/WhatsApp-Image-2023-11-27-at-15.26.07-1024x768.jpeg",1024,768,true],"newsium-medium":["http:\/\/tvalaire.com\/wp-content\/uploads\/2023\/12\/WhatsApp-Image-2023-11-27-at-15.26.07-720x475.jpeg",720,475,true]},"author_info":{"info":["tvalairenoti"]},"category_info":"<a href=\"http:\/\/tvalaire.com\/?cat=1\" rel=\"category\">La Piedad<\/a>","tag_info":"La Piedad","comment_count":"0","jetpack_featured_media_url":"http:\/\/tvalaire.com\/wp-content\/uploads\/2023\/12\/WhatsApp-Image-2023-11-27-at-15.26.07.jpeg","_links":{"self":[{"href":"http:\/\/tvalaire.com\/index.php?rest_route=\/wp\/v2\/posts\/11742"}],"collection":[{"href":"http:\/\/tvalaire.com\/index.php?rest_route=\/wp\/v2\/posts"}],"about":[{"href":"http:\/\/tvalaire.com\/index.php?rest_route=\/wp\/v2\/types\/post"}],"author":[{"embeddable":true,"href":"http:\/\/tvalaire.com\/index.php?rest_route=\/wp\/v2\/users\/1"}],"replies":[{"embeddable":true,"href":"http:\/\/tvalaire.com\/index.php?rest_route=%2Fwp%2Fv2%2Fcomments&post=11742"}],"version-history":[{"count":1,"href":"http:\/\/tvalaire.com\/index.php?rest_route=\/wp\/v2\/posts\/11742\/revisions"}],"predecessor-version":[{"id":11746,"href":"http:\/\/tvalaire.com\/index.php?rest_route=\/wp\/v2\/posts\/11742\/revisions\/11746"}],"wp:featuredmedia":[{"embeddable":true,"href":"http:\/\/tvalaire.com\/index.php?rest_route=\/wp\/v2\/media\/11743"}],"wp:attachment":[{"href":"http:\/\/tvalaire.com\/index.php?rest_route=%2Fwp%2Fv2%2Fmedia&parent=11742"}],"wp:term":[{"taxonomy":"category","embeddable":true,"href":"http:\/\/tvalaire.com\/index.php?rest_route=%2Fwp%2Fv2%2Fcategories&post=11742"},{"taxonomy":"post_tag","embeddable":true,"href":"http:\/\/tvalaire.com\/index.php?rest_route=%2Fwp%2Fv2%2Ftags&post=11742"}],"curies":[{"name":"wp","href":"https:\/\/api.w.org\/{rel}","templated":true}]}}