{"id":1174,"date":"2017-03-30T10:09:17","date_gmt":"2017-03-30T16:09:17","guid":{"rendered":"http:\/\/tvalaire.com\/?p=1174"},"modified":"2017-03-30T10:09:17","modified_gmt":"2017-03-30T16:09:17","slug":"gobierno-municipal-invita-a-varias-instituciones-a-sumarse-en-el-cuidado-de-la-salud","status":"publish","type":"post","link":"http:\/\/tvalaire.com\/?p=1174","title":{"rendered":"GOBIERNO MUNICIPAL INVITA A VARIAS INSTITUCIONES A SUMARSE EN EL CUIDADO DE LA SALUD"},"content":{"rendered":"<p>&nbsp;<\/p>\n<p>Gobierno Municipal que encabeza V\u00edctor V\u00e1zquez en coordinaci\u00f3n con el regidor de la comisi\u00f3n de la salud Dr. Erasmo Ambriz Zavala hace una atenta invitaci\u00f3n a varias instituciones del Municipio para que se sumen al cuidado de la salud, a trav\u00e9s del proyecto de certificar su Edificio Libre de Humo de Tabaco, ya que est\u00e1 acci\u00f3n es cien por ciento preventivo.<\/p>\n<p>Ante ello coment\u00f3 el regidor que \u201cun fumador pasivo es aquella persona que pese a no fumar directamente, aspira las sustancias t\u00f3xicas y cancer\u00edgenas provenientes de su combusti\u00f3n y propagadas por el humo que desprende de la misma. Numerosos estudios alertan de los peligros para la salud sobre este tipo de consumo pasivo, esto ha llevado a algunas autoridades a prohibir el consumo p\u00fablico de tabaco para proteger a las personas no fumadoras\u201d.<\/p>\n<p>Adem\u00e1s se les dio una explicaci\u00f3n de cu\u00e1les son los pasos que deben de seguir para que se les pueda certificar su edificio; adem\u00e1s de que se tendr\u00e1 una reuni\u00f3n el pr\u00f3ximo 6 de abril donde asistir\u00e1 la Jurisdicci\u00f3n Sanitaria no. 6 de la Piedad, quien es la encargada de las certificaciones.<\/p>\n<p><img loading=\"lazy\" decoding=\"async\" class=\"alignnone size-medium wp-image-1178\" src=\"http:\/\/tvalaire.com\/wp-content\/uploads\/2017\/03\/gobierno-municipal-invita-a-varias-instituciones-4-300x199.jpg\" alt=\"\" width=\"300\" height=\"199\" srcset=\"http:\/\/tvalaire.com\/wp-content\/uploads\/2017\/03\/gobierno-municipal-invita-a-varias-instituciones-4-300x199.jpg 300w, http:\/\/tvalaire.com\/wp-content\/uploads\/2017\/03\/gobierno-municipal-invita-a-varias-instituciones-4-768x509.jpg 768w, http:\/\/tvalaire.com\/wp-content\/uploads\/2017\/03\/gobierno-municipal-invita-a-varias-instituciones-4-1024x678.jpg 1024w\" sizes=\"(max-width: 300px) 100vw, 300px\" \/><\/p>\n<p><img loading=\"lazy\" decoding=\"async\" class=\"alignnone size-medium wp-image-1177\" src=\"http:\/\/tvalaire.com\/wp-content\/uploads\/2017\/03\/gobierno-municipal-invita-a-varias-instituciones-3-300x199.jpg\" alt=\"\" width=\"300\" height=\"199\" srcset=\"http:\/\/tvalaire.com\/wp-content\/uploads\/2017\/03\/gobierno-municipal-invita-a-varias-instituciones-3-300x199.jpg 300w, http:\/\/tvalaire.com\/wp-content\/uploads\/2017\/03\/gobierno-municipal-invita-a-varias-instituciones-3-768x509.jpg 768w, http:\/\/tvalaire.com\/wp-content\/uploads\/2017\/03\/gobierno-municipal-invita-a-varias-instituciones-3-1024x678.jpg 1024w\" sizes=\"(max-width: 300px) 100vw, 300px\" \/><\/p>\n<p><img loading=\"lazy\" decoding=\"async\" class=\"alignnone size-medium wp-image-1175\" src=\"http:\/\/tvalaire.com\/wp-content\/uploads\/2017\/03\/gobierno-municipal-invita-a-varias-instituciones-1-300x199.jpg\" alt=\"\" width=\"300\" height=\"199\" srcset=\"http:\/\/tvalaire.com\/wp-content\/uploads\/2017\/03\/gobierno-municipal-invita-a-varias-instituciones-1-300x199.jpg 300w, http:\/\/tvalaire.com\/wp-content\/uploads\/2017\/03\/gobierno-municipal-invita-a-varias-instituciones-1-768x509.jpg 768w, http:\/\/tvalaire.com\/wp-content\/uploads\/2017\/03\/gobierno-municipal-invita-a-varias-instituciones-1-1024x678.jpg 1024w\" sizes=\"(max-width: 300px) 100vw, 300px\" \/><\/p>\n","protected":false},"excerpt":{"rendered":"<p>&nbsp; Gobierno Municipal que encabeza V\u00edctor V\u00e1zquez en coordinaci\u00f3n con el regidor de la comisi\u00f3n&#8230;<\/p>\n","protected":false},"author":1,"featured_media":1176,"comment_status":"open","ping_status":"open","sticky":false,"template":"","format":"standard","meta":{"jetpack_post_was_ever_published":false,"_jetpack_newsletter_access":"","_jetpack_dont_email_post_to_subs":false,"_jetpack_newsletter_tier_id":0,"_jetpack_memberships_contains_paywalled_content":false,"_jetpack_memberships_contains_paid_content":false,"footnotes":"","jetpack_publicize_message":"","jetpack_publicize_feature_enabled":true,"jetpack_social_post_already_shared":false,"jetpack_social_options":{"image_generator_settings":{"template":"highway","enabled":false},"version":2}},"categories":[4],"tags":[36,24],"class_list":["post-1174","post","type-post","status-publish","format-standard","has-post-thumbnail","hentry","category-puruandiro","tag-principales","tag-puruandiro"],"jetpack_publicize_connections":[],"jetpack_sharing_enabled":true,"featured_image_urls":{"full":["http:\/\/tvalaire.com\/wp-content\/uploads\/2017\/03\/gobierno-municipal-invita-a-varias-instituciones-2.jpg",2464,1632,false],"thumbnail":["http:\/\/tvalaire.com\/wp-content\/uploads\/2017\/03\/gobierno-municipal-invita-a-varias-instituciones-2-150x150.jpg",150,150,true],"medium":["http:\/\/tvalaire.com\/wp-content\/uploads\/2017\/03\/gobierno-municipal-invita-a-varias-instituciones-2-300x199.jpg",300,199,true],"medium_large":["http:\/\/tvalaire.com\/wp-content\/uploads\/2017\/03\/gobierno-municipal-invita-a-varias-instituciones-2-768x509.jpg",640,424,true],"large":["http:\/\/tvalaire.com\/wp-content\/uploads\/2017\/03\/gobierno-municipal-invita-a-varias-instituciones-2-1024x678.jpg",640,424,true],"post-slider-thumb-size":["http:\/\/tvalaire.com\/wp-content\/uploads\/2017\/03\/gobierno-municipal-invita-a-varias-instituciones-2.jpg",287,190,false],"post-category-slider-size":["http:\/\/tvalaire.com\/wp-content\/uploads\/2017\/03\/gobierno-municipal-invita-a-varias-instituciones-2.jpg",330,219,false],"1536x1536":["http:\/\/tvalaire.com\/wp-content\/uploads\/2017\/03\/gobierno-municipal-invita-a-varias-instituciones-2.jpg",1536,1017,false],"2048x2048":["http:\/\/tvalaire.com\/wp-content\/uploads\/2017\/03\/gobierno-municipal-invita-a-varias-instituciones-2.jpg",2048,1356,false],"newsium-slider-full":["http:\/\/tvalaire.com\/wp-content\/uploads\/2017\/03\/gobierno-municipal-invita-a-varias-instituciones-2.jpg",1276,845,false],"newsium-featured":["http:\/\/tvalaire.com\/wp-content\/uploads\/2017\/03\/gobierno-municipal-invita-a-varias-instituciones-2.jpg",1024,678,false],"newsium-medium":["http:\/\/tvalaire.com\/wp-content\/uploads\/2017\/03\/gobierno-municipal-invita-a-varias-instituciones-2.jpg",717,475,false]},"author_info":{"info":["tvalairenoti"]},"category_info":"<a href=\"http:\/\/tvalaire.com\/?cat=4\" rel=\"category\">Puru\u00e1ndiro<\/a>","tag_info":"Puru\u00e1ndiro","comment_count":"0","jetpack_featured_media_url":"http:\/\/tvalaire.com\/wp-content\/uploads\/2017\/03\/gobierno-municipal-invita-a-varias-instituciones-2.jpg","_links":{"self":[{"href":"http:\/\/tvalaire.com\/index.php?rest_route=\/wp\/v2\/posts\/1174"}],"collection":[{"href":"http:\/\/tvalaire.com\/index.php?rest_route=\/wp\/v2\/posts"}],"about":[{"href":"http:\/\/tvalaire.com\/index.php?rest_route=\/wp\/v2\/types\/post"}],"author":[{"embeddable":true,"href":"http:\/\/tvalaire.com\/index.php?rest_route=\/wp\/v2\/users\/1"}],"replies":[{"embeddable":true,"href":"http:\/\/tvalaire.com\/index.php?rest_route=%2Fwp%2Fv2%2Fcomments&post=1174"}],"version-history":[{"count":1,"href":"http:\/\/tvalaire.com\/index.php?rest_route=\/wp\/v2\/posts\/1174\/revisions"}],"predecessor-version":[{"id":1179,"href":"http:\/\/tvalaire.com\/index.php?rest_route=\/wp\/v2\/posts\/1174\/revisions\/1179"}],"wp:featuredmedia":[{"embeddable":true,"href":"http:\/\/tvalaire.com\/index.php?rest_route=\/wp\/v2\/media\/1176"}],"wp:attachment":[{"href":"http:\/\/tvalaire.com\/index.php?rest_route=%2Fwp%2Fv2%2Fmedia&parent=1174"}],"wp:term":[{"taxonomy":"category","embeddable":true,"href":"http:\/\/tvalaire.com\/index.php?rest_route=%2Fwp%2Fv2%2Fcategories&post=1174"},{"taxonomy":"post_tag","embeddable":true,"href":"http:\/\/tvalaire.com\/index.php?rest_route=%2Fwp%2Fv2%2Ftags&post=1174"}],"curies":[{"name":"wp","href":"https:\/\/api.w.org\/{rel}","templated":true}]}}